{"id":72979,"date":"2025-02-03T14:14:50","date_gmt":"2025-02-03T14:14:50","guid":{"rendered":"https:\/\/elterritorialweb.com.ar\/web\/?p=72979"},"modified":"2025-02-03T14:14:53","modified_gmt":"2025-02-03T14:14:53","slug":"en-el-parque-del-encuentro-se-realizo-una-nueva-edicion-del-festival-sustentable","status":"publish","type":"post","link":"https:\/\/elterritorialweb.com.ar\/web\/en-el-parque-del-encuentro-se-realizo-una-nueva-edicion-del-festival-sustentable\/","title":{"rendered":"EN EL PARQUE DEL ENCUENTRO SE REALIZ\u00d3 UNA NUEVA EDICI\u00d3N DEL FESTIVAL SUSTENTABLE"},"content":{"rendered":"\n<p>Con el <strong>lema \u00abPor un presente m\u00e1s verde\u00bb,<\/strong> el evento tambi\u00e9n cont\u00f3 con <strong>juegos y actividades para ni\u00f1os<\/strong> sobre <strong>educaci\u00f3n ambiental<\/strong>, adem\u00e1s de una <strong>feria de emprendedores, foodtrucks,<\/strong> entre otras propuestas. <\/p>\n\n\n\n<p>El <strong>Festival Sustentable<\/strong> lleva adelante varias ediciones con el prop\u00f3sito de inspirar cambios positivos en la comunidad en favor del <strong>cuidado del medio ambiente y fomentar pr\u00e1cticas m\u00e1s sostenibles<\/strong> en todas las esferas de la sociedad. <\/p>\n\n\n\n<p>La jornada del <strong>domingo<\/strong> tuvo como cierre las presentaciones de <strong>Silvana Villoslada <\/strong>y <strong>Valeria Nasiff<\/strong>, <strong>Celena<\/strong>, <strong>Pedro Silva y Los \u00daltimos<\/strong> y <strong>Franco Ram\u00edrez.<\/strong><\/p>\n\n\n\n<p><\/p>\n","protected":false},"excerpt":{"rendered":"<p>Con un mensaje de cuidado del medio ambiente, en el Parque del Encuentro se realiz\u00f3 este fin de semana el Festival Sustentable con la participaci\u00f3n de m\u00fasicos locales y vecinos de la ciudad.<\/p>\n","protected":false},"author":2,"featured_media":72980,"comment_status":"open","ping_status":"open","sticky":false,"template":"","format":"standard","meta":{"om_disable_all_campaigns":false,"_monsterinsights_skip_tracking":false,"_monsterinsights_sitenote_active":false,"_monsterinsights_sitenote_note":"","_monsterinsights_sitenote_category":0,"_uf_show_specific_survey":0,"_uf_disable_surveys":false,"jetpack_post_was_ever_published":false,"_jetpack_newsletter_access":"","_jetpack_dont_email_post_to_subs":false,"_jetpack_newsletter_tier_id":0,"_jetpack_memberships_contains_paywalled_content":false,"_jetpack_memberships_contains_paid_content":false,"footnotes":"","jetpack_publicize_message":"","jetpack_publicize_feature_enabled":true,"jetpack_social_post_already_shared":false,"jetpack_social_options":{"image_generator_settings":{"template":"highway","enabled":false},"version":2}},"categories":[4,21],"tags":[823,73,96],"class_list":["post-72979","post","type-post","status-publish","format-standard","has-post-thumbnail","hentry","category-destacadas","category-locales","tag-festival-sustentable","tag-municipalidad-de-la-capital","tag-parque-del-encuentro"],"aioseo_notices":[],"views":13,"jetpack_publicize_connections":[],"jetpack_featured_media_url":"https:\/\/i0.wp.com\/elterritorialweb.com.ar\/web\/wp-content\/uploads\/2025\/02\/1738591568661_festi-sustentable-scaled.jpeg?fit=2560%2C1708&ssl=1","jetpack_sharing_enabled":true,"_links":{"self":[{"href":"https:\/\/elterritorialweb.com.ar\/web\/wp-json\/wp\/v2\/posts\/72979","targetHints":{"allow":["GET"]}}],"collection":[{"href":"https:\/\/elterritorialweb.com.ar\/web\/wp-json\/wp\/v2\/posts"}],"about":[{"href":"https:\/\/elterritorialweb.com.ar\/web\/wp-json\/wp\/v2\/types\/post"}],"author":[{"embeddable":true,"href":"https:\/\/elterritorialweb.com.ar\/web\/wp-json\/wp\/v2\/users\/2"}],"replies":[{"embeddable":true,"href":"https:\/\/elterritorialweb.com.ar\/web\/wp-json\/wp\/v2\/comments?post=72979"}],"version-history":[{"count":1,"href":"https:\/\/elterritorialweb.com.ar\/web\/wp-json\/wp\/v2\/posts\/72979\/revisions"}],"predecessor-version":[{"id":72981,"href":"https:\/\/elterritorialweb.com.ar\/web\/wp-json\/wp\/v2\/posts\/72979\/revisions\/72981"}],"wp:featuredmedia":[{"embeddable":true,"href":"https:\/\/elterritorialweb.com.ar\/web\/wp-json\/wp\/v2\/media\/72980"}],"wp:attachment":[{"href":"https:\/\/elterritorialweb.com.ar\/web\/wp-json\/wp\/v2\/media?parent=72979"}],"wp:term":[{"taxonomy":"category","embeddable":true,"href":"https:\/\/elterritorialweb.com.ar\/web\/wp-json\/wp\/v2\/categories?post=72979"},{"taxonomy":"post_tag","embeddable":true,"href":"https:\/\/elterritorialweb.com.ar\/web\/wp-json\/wp\/v2\/tags?post=72979"}],"curies":[{"name":"wp","href":"https:\/\/api.w.org\/{rel}","templated":true}]}}