{"id":72986,"date":"2025-02-03T15:37:42","date_gmt":"2025-02-03T15:37:42","guid":{"rendered":"http:\/\/elterritorialweb.com.ar\/web\/?p=72986"},"modified":"2025-02-03T15:37:44","modified_gmt":"2025-02-03T15:37:44","slug":"el-itse-extiende-las-preinscripciones-para-su-oferta-educativa","status":"publish","type":"post","link":"https:\/\/elterritorialweb.com.ar\/web\/el-itse-extiende-las-preinscripciones-para-su-oferta-educativa\/","title":{"rendered":"EL ITSE EXTIENDE LAS PREINSCRIPCIONES PARA SU OFERTA EDUCATIVA"},"content":{"rendered":"\n<p><br>Se trata de la <strong>Tecnicatura Superior en Desarrollo de Software, Tecnicatura Superior en Biotecnolog\u00eda, Tecnicatura Superior en Ciencia de Datos e Inteligencia Artificial y de la Tecnicatura Superior en Gesti\u00f3n de Energ\u00edas Renovables.<\/strong><\/p>\n\n\n\n<p>Todas las carreras son gratuitas, <strong>los t\u00edtulos tienen validez nacional<\/strong>, con una <strong>duraci\u00f3n de 2 a\u00f1os de cursado intensivo y presencial.<\/strong><\/p>\n\n\n\n<p>Luego de la preinscripci\u00f3n se realizar\u00e1 un <strong>curso de iniciaci\u00f3n bajo la modalidad virtual que comenzar\u00e1 el 17 de febrero y durar\u00e1 1 mes<\/strong>. Entre el <strong>12 y el 14 de febrero se notificar\u00e1 por correo electr\u00f3nico el usuario y la contrase\u00f1a para ingresar al aula virtual.<\/strong><\/p>\n\n\n\n<p><strong>La cursada a las carreras comenzar\u00e1 en el mes de abril de 2025.<\/strong> Cabe resaltar que las propuestas formativas del ITSE se enmarcan en tecnicaturas con un elevado nivel de pr\u00e1cticas vinculando de manera acelerada los procesos formativos con los laborales por lo que se debe disponer de los tiempos necesarios para la realizaci\u00f3n de dichas pr\u00e1cticas.<\/p>\n\n\n\n<p>El <strong>director del ITSE<\/strong>, <strong>Ing. Mario Benavente<\/strong>, inform\u00f3 que <em>\u201chasta el momento se preinscribieron casi 2.000 estudiantes\u201d,<\/em> y se\u00f1al\u00f3 que <em>\u201cen caso de no recibir el correo con usuario y contrase\u00f1a en las fechas estipuladas, los aspirantes deben dirigirse al ITSE para identificar el inconveniente que deriva en la imposibilidad de ser notificado\u00bb.<br>\u201cDesde el Gobierno de la provincia estamos muy satisfechos por las expectativas educativas que se contienen en el ITSE gracias a una pol\u00edtica de inversi\u00f3n que posibilita el cursado gratuito\u201d,<\/em> expres\u00f3.<\/p>\n\n\n\n<p>Para m\u00e1s informaci\u00f3n los interesados deben dirigirse a la p\u00e1gina del instituto<a href=\" https:\/\/www.itse.gob.ar\/\"> https:\/\/www.itse.gob.ar\/<\/a> donde tambi\u00e9n podr\u00e1n realizar el proceso de preinscripci\u00f3n.<\/p>\n","protected":false},"excerpt":{"rendered":"<p>El Instituto Tecnol\u00f3gico de Santiago del Estero, ubicado en el Nodo Tecnol\u00f3gico, dependiente del Ministerio de Educaci\u00f3n, Ciencia y Tecnolog\u00eda de la Provincia, comunica que se extiende el plazo para las preinscripciones de la oferta educativa para el Ciclo Lectivo 2025 hasta el pr\u00f3ximo martes 11 de febrero.<\/p>\n","protected":false},"author":2,"featured_media":72987,"comment_status":"open","ping_status":"open","sticky":false,"template":"","format":"standard","meta":{"om_disable_all_campaigns":false,"_monsterinsights_skip_tracking":false,"_monsterinsights_sitenote_active":false,"_monsterinsights_sitenote_note":"","_monsterinsights_sitenote_category":0,"_uf_show_specific_survey":0,"_uf_disable_surveys":false,"jetpack_post_was_ever_published":false,"_jetpack_newsletter_access":"","_jetpack_dont_email_post_to_subs":false,"_jetpack_newsletter_tier_id":0,"_jetpack_memberships_contains_paywalled_content":false,"_jetpack_memberships_contains_paid_content":false,"footnotes":"","jetpack_publicize_message":"","jetpack_publicize_feature_enabled":true,"jetpack_social_post_already_shared":false,"jetpack_social_options":{"image_generator_settings":{"template":"highway","enabled":false},"version":2}},"categories":[4,19],"tags":[1149],"class_list":["post-72986","post","type-post","status-publish","format-standard","has-post-thumbnail","hentry","category-destacadas","category-educacion","tag-instituto-tecnologico-de-santiago-del-estero"],"aioseo_notices":[],"views":38,"jetpack_publicize_connections":[],"jetpack_featured_media_url":"https:\/\/i0.wp.com\/elterritorialweb.com.ar\/web\/wp-content\/uploads\/2025\/02\/ITSE.jpg?fit=636%2C384&ssl=1","jetpack_sharing_enabled":true,"_links":{"self":[{"href":"https:\/\/elterritorialweb.com.ar\/web\/wp-json\/wp\/v2\/posts\/72986","targetHints":{"allow":["GET"]}}],"collection":[{"href":"https:\/\/elterritorialweb.com.ar\/web\/wp-json\/wp\/v2\/posts"}],"about":[{"href":"https:\/\/elterritorialweb.com.ar\/web\/wp-json\/wp\/v2\/types\/post"}],"author":[{"embeddable":true,"href":"https:\/\/elterritorialweb.com.ar\/web\/wp-json\/wp\/v2\/users\/2"}],"replies":[{"embeddable":true,"href":"https:\/\/elterritorialweb.com.ar\/web\/wp-json\/wp\/v2\/comments?post=72986"}],"version-history":[{"count":2,"href":"https:\/\/elterritorialweb.com.ar\/web\/wp-json\/wp\/v2\/posts\/72986\/revisions"}],"predecessor-version":[{"id":72989,"href":"https:\/\/elterritorialweb.com.ar\/web\/wp-json\/wp\/v2\/posts\/72986\/revisions\/72989"}],"wp:featuredmedia":[{"embeddable":true,"href":"https:\/\/elterritorialweb.com.ar\/web\/wp-json\/wp\/v2\/media\/72987"}],"wp:attachment":[{"href":"https:\/\/elterritorialweb.com.ar\/web\/wp-json\/wp\/v2\/media?parent=72986"}],"wp:term":[{"taxonomy":"category","embeddable":true,"href":"https:\/\/elterritorialweb.com.ar\/web\/wp-json\/wp\/v2\/categories?post=72986"},{"taxonomy":"post_tag","embeddable":true,"href":"https:\/\/elterritorialweb.com.ar\/web\/wp-json\/wp\/v2\/tags?post=72986"}],"curies":[{"name":"wp","href":"https:\/\/api.w.org\/{rel}","templated":true}]}}