{"id":73227,"date":"2025-02-11T19:14:50","date_gmt":"2025-02-11T19:14:50","guid":{"rendered":"http:\/\/elterritorialweb.com.ar\/web\/?p=73227"},"modified":"2025-02-11T19:15:16","modified_gmt":"2025-02-11T19:15:16","slug":"docentes-podran-capacitarse-sobre-el-uso-de-ia-en-el-ambito-educativo","status":"publish","type":"post","link":"https:\/\/elterritorialweb.com.ar\/web\/docentes-podran-capacitarse-sobre-el-uso-de-ia-en-el-ambito-educativo\/","title":{"rendered":"DOCENTES PODR\u00c1N CAPACITARSE SOBRE EL USO DE IA EN EL \u00c1MBITO EDUCATIVO"},"content":{"rendered":"\n<p>Esta actividad tiene como finalidad que los docentes conozcan nuevas formas de potenciar la creatividad de los estudiantes mediante el uso de la <strong>Inteligencia Artificial (IA).<\/strong><\/p>\n\n\n\n<p>El <strong>taller<\/strong> estar\u00e1 a cargo del <strong>Mag\u00edster en Gesti\u00f3n de Servicios Tecnol\u00f3gicos y Telecomunicaciones, Hern\u00e1n Avrommatis<\/strong>, y tendr\u00e1 cupos limitados.<\/p>\n\n\n\n<p>Las <strong>inscripciones<\/strong> se realizar\u00e1n en el<strong> Punto Digital ubicado en la Casa del Bicentenario,<\/strong> Avenida Besares y Garay, de <strong>lunes a viernes, de 8 a 12 y de 16 a 20, hasta el 21 de febrero<\/strong>.<\/p>\n\n\n\n<p>La IA puede ayudar a los estudiantes a aprender de manera personalizada y a los docentes a crear contenido y evaluar a sus alumnos.<\/p>\n\n\n\n<p>Algunos de los usos de la IA en las escuelas son: Creaci\u00f3n de planes de estudio personalizados, crear planes de estudio que se adapten a las necesidades de cada estudiante, evaluaci\u00f3n del rendimiento. Adem\u00e1s ayuda a los docentes a evaluar el progreso y el rendimiento de los estudiantes, an\u00e1lisis de datos, recopilar y analizar datos educativos para identificar tendencias y \u00e1reas de mejora y creaci\u00f3n de recursos de aprendizaje.<\/p>\n","protected":false},"excerpt":{"rendered":"<p>El Punto Digital La Banda informa que el pr\u00f3ximo mi\u00e9rcoles 26 a partir de las 11 se dictar\u00e1 un taller virtual para docentes denominado \u201cExplorando la creatividad en la era de la IA\u201d promovido por la Secretar\u00eda de Innovaci\u00f3n, Ciencia y Tecnolog\u00eda de la Naci\u00f3n.<\/p>\n","protected":false},"author":2,"featured_media":73228,"comment_status":"open","ping_status":"open","sticky":false,"template":"","format":"standard","meta":{"om_disable_all_campaigns":false,"_monsterinsights_skip_tracking":false,"_monsterinsights_sitenote_active":false,"_monsterinsights_sitenote_note":"","_monsterinsights_sitenote_category":0,"_uf_show_specific_survey":0,"_uf_disable_surveys":false,"jetpack_post_was_ever_published":false,"_jetpack_newsletter_access":"","_jetpack_dont_email_post_to_subs":false,"_jetpack_newsletter_tier_id":0,"_jetpack_memberships_contains_paywalled_content":false,"_jetpack_memberships_contains_paid_content":false,"footnotes":"","jetpack_publicize_message":"","jetpack_publicize_feature_enabled":true,"jetpack_social_post_already_shared":false,"jetpack_social_options":{"image_generator_settings":{"template":"highway","enabled":false},"version":2}},"categories":[9],"tags":[],"class_list":["post-73227","post","type-post","status-publish","format-standard","has-post-thumbnail","hentry","category-banda"],"aioseo_notices":[],"views":20,"jetpack_publicize_connections":[],"jetpack_featured_media_url":"https:\/\/i0.wp.com\/elterritorialweb.com.ar\/web\/wp-content\/uploads\/2025\/02\/IA-DOCENTES-BANDENOS.jpg?fit=1600%2C1066&ssl=1","jetpack_sharing_enabled":true,"_links":{"self":[{"href":"https:\/\/elterritorialweb.com.ar\/web\/wp-json\/wp\/v2\/posts\/73227","targetHints":{"allow":["GET"]}}],"collection":[{"href":"https:\/\/elterritorialweb.com.ar\/web\/wp-json\/wp\/v2\/posts"}],"about":[{"href":"https:\/\/elterritorialweb.com.ar\/web\/wp-json\/wp\/v2\/types\/post"}],"author":[{"embeddable":true,"href":"https:\/\/elterritorialweb.com.ar\/web\/wp-json\/wp\/v2\/users\/2"}],"replies":[{"embeddable":true,"href":"https:\/\/elterritorialweb.com.ar\/web\/wp-json\/wp\/v2\/comments?post=73227"}],"version-history":[{"count":2,"href":"https:\/\/elterritorialweb.com.ar\/web\/wp-json\/wp\/v2\/posts\/73227\/revisions"}],"predecessor-version":[{"id":73230,"href":"https:\/\/elterritorialweb.com.ar\/web\/wp-json\/wp\/v2\/posts\/73227\/revisions\/73230"}],"wp:featuredmedia":[{"embeddable":true,"href":"https:\/\/elterritorialweb.com.ar\/web\/wp-json\/wp\/v2\/media\/73228"}],"wp:attachment":[{"href":"https:\/\/elterritorialweb.com.ar\/web\/wp-json\/wp\/v2\/media?parent=73227"}],"wp:term":[{"taxonomy":"category","embeddable":true,"href":"https:\/\/elterritorialweb.com.ar\/web\/wp-json\/wp\/v2\/categories?post=73227"},{"taxonomy":"post_tag","embeddable":true,"href":"https:\/\/elterritorialweb.com.ar\/web\/wp-json\/wp\/v2\/tags?post=73227"}],"curies":[{"name":"wp","href":"https:\/\/api.w.org\/{rel}","templated":true}]}}