{"id":73237,"date":"2025-02-12T03:43:26","date_gmt":"2025-02-12T03:43:26","guid":{"rendered":"http:\/\/elterritorialweb.com.ar\/web\/?p=73237"},"modified":"2025-02-12T03:43:30","modified_gmt":"2025-02-12T03:43:30","slug":"nuevo-taller-de-folklore-en-el-centro-de-educacion-para-el-arte-municipal","status":"publish","type":"post","link":"https:\/\/elterritorialweb.com.ar\/web\/nuevo-taller-de-folklore-en-el-centro-de-educacion-para-el-arte-municipal\/","title":{"rendered":"NUEVO TALLER DE FOLKLORE EN EL CENTRO DE EDUCACI\u00d3N PARA EL ARTE MUNICIPAL"},"content":{"rendered":"\n<p><strong>Desde las 20 y hasta las 22<\/strong>, el taller estar\u00e1 a cargo de <strong>Ramiro Ju\u00e1rez Ley<\/strong>. Las clases siguientes se dictar\u00e1n <strong>los d\u00edas martes en el sal\u00f3n de Col\u00f3n y Libertad<\/strong> y los\u00a0 jueves\u00a0en el <strong>Centro Cultural \u201cRicardo Rojas\u201d<\/strong>, <strong>en Libertad y Pringles.<\/strong><\/p>\n\n\n\n<p>Los interesados, podr\u00e1n inscribirse o ampliar informaci\u00f3n en las <strong>oficinas del CEA en C\u00f3rdoba 254<\/strong> o <strong>v\u00eda telef\u00f3nica al 6029347.<\/strong><\/p>\n\n\n\n<p><\/p>\n","protected":false},"excerpt":{"rendered":"<p>El Centro de Educaci\u00f3n para el Arte de la Municipalidad de la Capital informa que a partir de este mi\u00e9rcoles 12 dar\u00e1 inicio un Taller de folklore desde los 16 a\u00f1os\u00a0 de edad en las instalaciones del Parque Oeste, sum\u00e1ndose a los espacios formativos de danzas y canto que ya se dictan.<\/p>\n","protected":false},"author":2,"featured_media":73238,"comment_status":"open","ping_status":"open","sticky":false,"template":"","format":"standard","meta":{"om_disable_all_campaigns":false,"_monsterinsights_skip_tracking":false,"_monsterinsights_sitenote_active":false,"_monsterinsights_sitenote_note":"","_monsterinsights_sitenote_category":0,"_uf_show_specific_survey":0,"_uf_disable_surveys":false,"jetpack_post_was_ever_published":false,"_jetpack_newsletter_access":"","_jetpack_dont_email_post_to_subs":false,"_jetpack_newsletter_tier_id":0,"_jetpack_memberships_contains_paywalled_content":false,"_jetpack_memberships_contains_paid_content":false,"footnotes":"","jetpack_publicize_message":"","jetpack_publicize_feature_enabled":true,"jetpack_social_post_already_shared":false,"jetpack_social_options":{"image_generator_settings":{"template":"highway","enabled":false},"version":2}},"categories":[4,21],"tags":[1158,73],"class_list":["post-73237","post","type-post","status-publish","format-standard","has-post-thumbnail","hentry","category-destacadas","category-locales","tag-centro-de-educacion-para-el-arte","tag-municipalidad-de-la-capital"],"aioseo_notices":[],"views":13,"jetpack_publicize_connections":[],"jetpack_featured_media_url":"https:\/\/i0.wp.com\/elterritorialweb.com.ar\/web\/wp-content\/uploads\/2025\/02\/folk-cea.jpeg?fit=1280%2C960&ssl=1","jetpack_sharing_enabled":true,"_links":{"self":[{"href":"https:\/\/elterritorialweb.com.ar\/web\/wp-json\/wp\/v2\/posts\/73237","targetHints":{"allow":["GET"]}}],"collection":[{"href":"https:\/\/elterritorialweb.com.ar\/web\/wp-json\/wp\/v2\/posts"}],"about":[{"href":"https:\/\/elterritorialweb.com.ar\/web\/wp-json\/wp\/v2\/types\/post"}],"author":[{"embeddable":true,"href":"https:\/\/elterritorialweb.com.ar\/web\/wp-json\/wp\/v2\/users\/2"}],"replies":[{"embeddable":true,"href":"https:\/\/elterritorialweb.com.ar\/web\/wp-json\/wp\/v2\/comments?post=73237"}],"version-history":[{"count":2,"href":"https:\/\/elterritorialweb.com.ar\/web\/wp-json\/wp\/v2\/posts\/73237\/revisions"}],"predecessor-version":[{"id":73240,"href":"https:\/\/elterritorialweb.com.ar\/web\/wp-json\/wp\/v2\/posts\/73237\/revisions\/73240"}],"wp:featuredmedia":[{"embeddable":true,"href":"https:\/\/elterritorialweb.com.ar\/web\/wp-json\/wp\/v2\/media\/73238"}],"wp:attachment":[{"href":"https:\/\/elterritorialweb.com.ar\/web\/wp-json\/wp\/v2\/media?parent=73237"}],"wp:term":[{"taxonomy":"category","embeddable":true,"href":"https:\/\/elterritorialweb.com.ar\/web\/wp-json\/wp\/v2\/categories?post=73237"},{"taxonomy":"post_tag","embeddable":true,"href":"https:\/\/elterritorialweb.com.ar\/web\/wp-json\/wp\/v2\/tags?post=73237"}],"curies":[{"name":"wp","href":"https:\/\/api.w.org\/{rel}","templated":true}]}}