{"id":73350,"date":"2025-02-18T20:47:57","date_gmt":"2025-02-18T20:47:57","guid":{"rendered":"http:\/\/elterritorialweb.com.ar\/web\/?p=73350"},"modified":"2025-02-18T20:47:59","modified_gmt":"2025-02-18T20:47:59","slug":"la-banda-se-prepara-para-la-tercera-edicion-del-corso-municipal-de-carnaval","status":"publish","type":"post","link":"https:\/\/elterritorialweb.com.ar\/web\/la-banda-se-prepara-para-la-tercera-edicion-del-corso-municipal-de-carnaval\/","title":{"rendered":"LA BANDA SE PREPARA PARA LA TERCERA EDICI\u00d3N DEL CORSO MUNICIPAL DE CARNAVAL"},"content":{"rendered":"\n<p>La reuni\u00f3n con referentes de 11 agrupaciones de murgas y comparsas, se realiz\u00f3 el jueves a la tarde en las instalaciones de la Escuela Municipal de Programaci\u00f3n y Rob\u00f3tica, d\u00f3nde se planificaron los detalles de este mega espect\u00e1culo para las familias santiague\u00f1as.<\/p>\n\n\n\n<p>Tambi\u00e9n estuvieron presentes, la subsecretaria de Educaci\u00f3n y Cultura, <strong>Dra. Alejandra Far\u00edas<\/strong>, la subsecretar\u00eda de Ordenamiento Urbano, <strong>Carolina Montenegro<\/strong>, y personal de Alerta Banda y la direcci\u00f3n de Tr\u00e1nsito y Transporte, que intervendr\u00e1n en el evento.<\/p>\n\n\n\n<p>El jefe comunal destac\u00f3 que este evento naci\u00f3 en la actual gesti\u00f3n municipal y tras las dos primeras ediciones exitosas se consolid\u00f3 como una atractiva propuesta cultural donde participan activamente los vecinos y las agrupaciones que representan a diferentes barrios de la provincia.<\/p>\n\n\n\n<p>En esta tercera edici\u00f3n, participar\u00e1n 11 agrupaciones, entre murgas y comparsas, provenientes de la ciudad de La Banda y Ciudad Capital, con 1400 artistas que animar\u00e1n el encuentro con sus trajes, bailes e instrumentos.<\/p>\n","protected":false},"excerpt":{"rendered":"<p>El intendente Roger E. Nediani particip\u00f3 en la organizaci\u00f3n de la nueva edici\u00f3n del Corso Municipal de Carnaval Ciudad de La Banda, que se realizar\u00e1 el pr\u00f3ximo domingo 2 de marzo, a partir de las 20, en Avenida Belgrano, desde Besares hacia plaza Manuel Belgrano.<\/p>\n","protected":false},"author":2,"featured_media":73351,"comment_status":"open","ping_status":"open","sticky":false,"template":"","format":"standard","meta":{"om_disable_all_campaigns":false,"_monsterinsights_skip_tracking":false,"_monsterinsights_sitenote_active":false,"_monsterinsights_sitenote_note":"","_monsterinsights_sitenote_category":0,"_uf_show_specific_survey":0,"_uf_disable_surveys":false,"jetpack_post_was_ever_published":false,"_jetpack_newsletter_access":"","_jetpack_dont_email_post_to_subs":false,"_jetpack_newsletter_tier_id":0,"_jetpack_memberships_contains_paywalled_content":false,"_jetpack_memberships_contains_paid_content":false,"footnotes":"","jetpack_publicize_message":"","jetpack_publicize_feature_enabled":true,"jetpack_social_post_already_shared":false,"jetpack_social_options":{"image_generator_settings":{"template":"highway","enabled":false},"version":2}},"categories":[9],"tags":[1176,71],"class_list":["post-73350","post","type-post","status-publish","format-standard","has-post-thumbnail","hentry","category-banda","tag-corso","tag-municipalidad-de-la-banda"],"aioseo_notices":[],"views":16,"jetpack_publicize_connections":[],"jetpack_featured_media_url":"https:\/\/i0.wp.com\/elterritorialweb.com.ar\/web\/wp-content\/uploads\/2025\/02\/LA-BANDA-CORSO.jpeg?fit=1600%2C941&ssl=1","jetpack_sharing_enabled":true,"_links":{"self":[{"href":"https:\/\/elterritorialweb.com.ar\/web\/wp-json\/wp\/v2\/posts\/73350","targetHints":{"allow":["GET"]}}],"collection":[{"href":"https:\/\/elterritorialweb.com.ar\/web\/wp-json\/wp\/v2\/posts"}],"about":[{"href":"https:\/\/elterritorialweb.com.ar\/web\/wp-json\/wp\/v2\/types\/post"}],"author":[{"embeddable":true,"href":"https:\/\/elterritorialweb.com.ar\/web\/wp-json\/wp\/v2\/users\/2"}],"replies":[{"embeddable":true,"href":"https:\/\/elterritorialweb.com.ar\/web\/wp-json\/wp\/v2\/comments?post=73350"}],"version-history":[{"count":1,"href":"https:\/\/elterritorialweb.com.ar\/web\/wp-json\/wp\/v2\/posts\/73350\/revisions"}],"predecessor-version":[{"id":73352,"href":"https:\/\/elterritorialweb.com.ar\/web\/wp-json\/wp\/v2\/posts\/73350\/revisions\/73352"}],"wp:featuredmedia":[{"embeddable":true,"href":"https:\/\/elterritorialweb.com.ar\/web\/wp-json\/wp\/v2\/media\/73351"}],"wp:attachment":[{"href":"https:\/\/elterritorialweb.com.ar\/web\/wp-json\/wp\/v2\/media?parent=73350"}],"wp:term":[{"taxonomy":"category","embeddable":true,"href":"https:\/\/elterritorialweb.com.ar\/web\/wp-json\/wp\/v2\/categories?post=73350"},{"taxonomy":"post_tag","embeddable":true,"href":"https:\/\/elterritorialweb.com.ar\/web\/wp-json\/wp\/v2\/tags?post=73350"}],"curies":[{"name":"wp","href":"https:\/\/api.w.org\/{rel}","templated":true}]}}