{"id":73353,"date":"2025-02-18T20:51:42","date_gmt":"2025-02-18T20:51:42","guid":{"rendered":"http:\/\/elterritorialweb.com.ar\/web\/?p=73353"},"modified":"2025-02-18T20:52:08","modified_gmt":"2025-02-18T20:52:08","slug":"se-inicia-el-pago-a-los-beneficiarios-de-planes-de-emergencia-provinciales","status":"publish","type":"post","link":"https:\/\/elterritorialweb.com.ar\/web\/se-inicia-el-pago-a-los-beneficiarios-de-planes-de-emergencia-provinciales\/","title":{"rendered":"SE INICIA EL PAGO A LOS BENEFICIARIOS DE PLANES DE EMERGENCIA PROVINCIALES"},"content":{"rendered":"\n<p>El mismo se har\u00e1 efectivo en las sucursales de las ciudades Capital y La Banda del Banco Santiago del Estero, de 7.45 a 12.45, conforme al siguiente cronograma: <strong>mi\u00e9rcoles 19,<\/strong> las personas con<strong> DNI finalizados en 0, 1, 2 o 3<\/strong>; el d\u00eda <strong>jueves 20<\/strong> aquellas que tienen documentos terminados en <strong>4, 5 o 6,<\/strong> y el d\u00eda <strong>viernes 21<\/strong> quienes tienen documentos con <strong>7, 8 o 9 <\/strong>como \u00faltimo d\u00edgito.<\/p>\n\n\n\n<p>Los beneficiarios del resto de la provincia podr\u00e1n percibir este aporte sin cronograma, desde el d\u00eda mi\u00e9rcoles 19, en las sucursales m\u00e1s cercanas a sus domicilios.<\/p>\n","protected":false},"excerpt":{"rendered":"<p>El Ministerio de Justicia inform\u00f3 que este mi\u00e9rcoles 19 se iniciar\u00e1 el pago a todos los beneficiarios de los Planes de Emergencia de la provincia correspondiente al mes de febrero de 2025.<\/p>\n","protected":false},"author":2,"featured_media":62023,"comment_status":"open","ping_status":"open","sticky":false,"template":"","format":"standard","meta":{"om_disable_all_campaigns":false,"_monsterinsights_skip_tracking":false,"_monsterinsights_sitenote_active":false,"_monsterinsights_sitenote_note":"","_monsterinsights_sitenote_category":0,"_uf_show_specific_survey":0,"_uf_disable_surveys":false,"jetpack_post_was_ever_published":false,"_jetpack_newsletter_access":"","_jetpack_dont_email_post_to_subs":false,"_jetpack_newsletter_tier_id":0,"_jetpack_memberships_contains_paywalled_content":false,"_jetpack_memberships_contains_paid_content":false,"footnotes":"","jetpack_publicize_message":"","jetpack_publicize_feature_enabled":true,"jetpack_social_post_already_shared":false,"jetpack_social_options":{"image_generator_settings":{"template":"highway","enabled":false},"version":2}},"categories":[4,21],"tags":[49,170],"class_list":["post-73353","post","type-post","status-publish","format-standard","has-post-thumbnail","hentry","category-destacadas","category-locales","tag-gobierno-de-santiago-del-estero","tag-planes-de-emergencia"],"aioseo_notices":[],"views":17,"jetpack_publicize_connections":[],"jetpack_featured_media_url":"https:\/\/i0.wp.com\/elterritorialweb.com.ar\/web\/wp-content\/uploads\/2023\/12\/planes-de-emergencia.jpeg?fit=1280%2C720&ssl=1","jetpack_sharing_enabled":true,"_links":{"self":[{"href":"https:\/\/elterritorialweb.com.ar\/web\/wp-json\/wp\/v2\/posts\/73353","targetHints":{"allow":["GET"]}}],"collection":[{"href":"https:\/\/elterritorialweb.com.ar\/web\/wp-json\/wp\/v2\/posts"}],"about":[{"href":"https:\/\/elterritorialweb.com.ar\/web\/wp-json\/wp\/v2\/types\/post"}],"author":[{"embeddable":true,"href":"https:\/\/elterritorialweb.com.ar\/web\/wp-json\/wp\/v2\/users\/2"}],"replies":[{"embeddable":true,"href":"https:\/\/elterritorialweb.com.ar\/web\/wp-json\/wp\/v2\/comments?post=73353"}],"version-history":[{"count":2,"href":"https:\/\/elterritorialweb.com.ar\/web\/wp-json\/wp\/v2\/posts\/73353\/revisions"}],"predecessor-version":[{"id":73355,"href":"https:\/\/elterritorialweb.com.ar\/web\/wp-json\/wp\/v2\/posts\/73353\/revisions\/73355"}],"wp:featuredmedia":[{"embeddable":true,"href":"https:\/\/elterritorialweb.com.ar\/web\/wp-json\/wp\/v2\/media\/62023"}],"wp:attachment":[{"href":"https:\/\/elterritorialweb.com.ar\/web\/wp-json\/wp\/v2\/media?parent=73353"}],"wp:term":[{"taxonomy":"category","embeddable":true,"href":"https:\/\/elterritorialweb.com.ar\/web\/wp-json\/wp\/v2\/categories?post=73353"},{"taxonomy":"post_tag","embeddable":true,"href":"https:\/\/elterritorialweb.com.ar\/web\/wp-json\/wp\/v2\/tags?post=73353"}],"curies":[{"name":"wp","href":"https:\/\/api.w.org\/{rel}","templated":true}]}}