{"id":73356,"date":"2025-02-18T21:45:09","date_gmt":"2025-02-18T21:45:09","guid":{"rendered":"http:\/\/elterritorialweb.com.ar\/web\/?p=73356"},"modified":"2025-02-18T21:45:11","modified_gmt":"2025-02-18T21:45:11","slug":"legislatura-destacan-mision-comercial-del-norte-grande-a-emiratos-arabes-encabezada-por-gerardo-zamora","status":"publish","type":"post","link":"https:\/\/elterritorialweb.com.ar\/web\/legislatura-destacan-mision-comercial-del-norte-grande-a-emiratos-arabes-encabezada-por-gerardo-zamora\/","title":{"rendered":"LEGISLATURA: DESTACAN MISI\u00d3N COMERCIAL DEL NORTE GRANDE A EMIRATOS \u00c1RABES ENCABEZADA POR GERARDO ZAMORA"},"content":{"rendered":"\n<p>En tal sentido, previo al inicio de la sesi\u00f3n ordinaria conducida por la presidenta provisional, <strong>Norma Abdala de Matarazzo<\/strong>, los legisladores ponderaron esta misi\u00f3n comercial del Norte Grande en Emiratos \u00c1rabes para <em>\u00abcontinuar impulsando la oferta exportable de la regi\u00f3n y en la b\u00fasqueda de inversiones para seguir por el camino del progreso y desarrollo\u00bb<\/em>.<\/p>\n\n\n\n<p><em>\u00abTambi\u00e9n est\u00e1n en la b\u00fasqueda de financiamiento para el proyecto del Corredor Bioce\u00e1nico y posibles acuerdos referidos a seguridad alimentaria\u201d<\/em>, puntualizaron.<\/p>\n\n\n\n<figure class=\"wp-block-image size-full\"><a href=\"https:\/\/i0.wp.com\/elterritorialweb.com.ar\/web\/wp-content\/uploads\/2025\/02\/image-5.png\"><img data-recalc-dims=\"1\" decoding=\"async\" width=\"640\" height=\"426\" data-src=\"https:\/\/i0.wp.com\/elterritorialweb.com.ar\/web\/wp-content\/uploads\/2025\/02\/image-5.png?resize=640%2C426\" alt=\"\" class=\"wp-image-73358 lazyload\" data-srcset=\"https:\/\/i0.wp.com\/elterritorialweb.com.ar\/web\/wp-content\/uploads\/2025\/02\/image-5.png?w=752&amp;ssl=1 752w, https:\/\/i0.wp.com\/elterritorialweb.com.ar\/web\/wp-content\/uploads\/2025\/02\/image-5.png?resize=300%2C199&amp;ssl=1 300w\" data-sizes=\"(max-width: 640px) 100vw, 640px\" src=\"data:image\/svg+xml;base64,PHN2ZyB3aWR0aD0iMSIgaGVpZ2h0PSIxIiB4bWxucz0iaHR0cDovL3d3dy53My5vcmcvMjAwMC9zdmciPjwvc3ZnPg==\" style=\"--smush-placeholder-width: 640px; --smush-placeholder-aspect-ratio: 640\/426;\" \/><\/a><\/figure>\n\n\n\n<p><strong>EVENTO DEPORTIVO INTERNACIONAL<\/strong><\/p>\n\n\n\n<p>Adem\u00e1s, los diputados destacaron la realizaci\u00f3n <em>\u201cuna vez m\u00e1s de una nueva ventana de FIH Pro League que se jugar\u00e1 del 19 al 24 de febrero en el Polideportivo Provincial con la presencia de Las Leonas y Los Leones, que enfrentar\u00e1n a las potencias de Australia y B\u00e9lgica\u00bb.<\/em><\/p>\n\n\n\n<p><em>\u201cSantiago del Estero sigue apostando al deporte como pol\u00edtica de Estado, no s\u00f3lo con estos eventos de prestigio internacional, sino tambi\u00e9n acompa\u00f1ando a las instituciones deportivas y a atletas en distintas disciplinas\u201d,<\/em> expresaron.<\/p>\n\n\n\n<p><\/p>\n\n\n\n<p><\/p>\n","protected":false},"excerpt":{"rendered":"<p>La C\u00e1mara de Diputados de la Provincia destac\u00f3 y calific\u00f3 como \u00absumamente importante y productiva para la regi\u00f3n\u00bb la misi\u00f3n comercial del Norte Grande en Emiratos \u00c1rabes, encabezada por el gobernador de Santiago del Estero y presidente pro t\u00e9mpore de ese organismo, Gerardo Zamora, acompa\u00f1ado por su par de Catamarca, Ra\u00fal Jalil y por empresarios de distintas provincias.<\/p>\n","protected":false},"author":2,"featured_media":73357,"comment_status":"open","ping_status":"open","sticky":false,"template":"","format":"standard","meta":{"om_disable_all_campaigns":false,"_monsterinsights_skip_tracking":false,"_monsterinsights_sitenote_active":false,"_monsterinsights_sitenote_note":"","_monsterinsights_sitenote_category":0,"_uf_show_specific_survey":0,"_uf_disable_surveys":false,"jetpack_post_was_ever_published":false,"_jetpack_newsletter_access":"","_jetpack_dont_email_post_to_subs":false,"_jetpack_newsletter_tier_id":0,"_jetpack_memberships_contains_paywalled_content":false,"_jetpack_memberships_contains_paid_content":false,"footnotes":"","jetpack_publicize_message":"","jetpack_publicize_feature_enabled":true,"jetpack_social_post_already_shared":false,"jetpack_social_options":{"image_generator_settings":{"template":"highway","enabled":false},"version":2}},"categories":[1],"tags":[593],"class_list":["post-73356","post","type-post","status-publish","format-standard","has-post-thumbnail","hentry","category-sin-categoria","tag-camara-de-diputados-de-santiago-del-estero"],"aioseo_notices":[],"views":13,"jetpack_publicize_connections":[],"jetpack_featured_media_url":"https:\/\/i0.wp.com\/elterritorialweb.com.ar\/web\/wp-content\/uploads\/2025\/02\/legislatura.jpg?fit=752%2C500&ssl=1","jetpack_sharing_enabled":true,"_links":{"self":[{"href":"https:\/\/elterritorialweb.com.ar\/web\/wp-json\/wp\/v2\/posts\/73356","targetHints":{"allow":["GET"]}}],"collection":[{"href":"https:\/\/elterritorialweb.com.ar\/web\/wp-json\/wp\/v2\/posts"}],"about":[{"href":"https:\/\/elterritorialweb.com.ar\/web\/wp-json\/wp\/v2\/types\/post"}],"author":[{"embeddable":true,"href":"https:\/\/elterritorialweb.com.ar\/web\/wp-json\/wp\/v2\/users\/2"}],"replies":[{"embeddable":true,"href":"https:\/\/elterritorialweb.com.ar\/web\/wp-json\/wp\/v2\/comments?post=73356"}],"version-history":[{"count":2,"href":"https:\/\/elterritorialweb.com.ar\/web\/wp-json\/wp\/v2\/posts\/73356\/revisions"}],"predecessor-version":[{"id":73360,"href":"https:\/\/elterritorialweb.com.ar\/web\/wp-json\/wp\/v2\/posts\/73356\/revisions\/73360"}],"wp:featuredmedia":[{"embeddable":true,"href":"https:\/\/elterritorialweb.com.ar\/web\/wp-json\/wp\/v2\/media\/73357"}],"wp:attachment":[{"href":"https:\/\/elterritorialweb.com.ar\/web\/wp-json\/wp\/v2\/media?parent=73356"}],"wp:term":[{"taxonomy":"category","embeddable":true,"href":"https:\/\/elterritorialweb.com.ar\/web\/wp-json\/wp\/v2\/categories?post=73356"},{"taxonomy":"post_tag","embeddable":true,"href":"https:\/\/elterritorialweb.com.ar\/web\/wp-json\/wp\/v2\/tags?post=73356"}],"curies":[{"name":"wp","href":"https:\/\/api.w.org\/{rel}","templated":true}]}}