{"id":73367,"date":"2025-02-19T13:32:49","date_gmt":"2025-02-19T13:32:49","guid":{"rendered":"http:\/\/elterritorialweb.com.ar\/web\/?p=73367"},"modified":"2025-02-19T13:32:51","modified_gmt":"2025-02-19T13:32:51","slug":"fuentes-recibio-al-delegado-del-ejercito-argentino-en-santiago-del-estero","status":"publish","type":"post","link":"https:\/\/elterritorialweb.com.ar\/web\/fuentes-recibio-al-delegado-del-ejercito-argentino-en-santiago-del-estero\/","title":{"rendered":"FUENTES RECIBI\u00d3 AL DELEGADO DEL EJ\u00c9RCITO ARGENTINO EN SANTIAGO DEL ESTERO"},"content":{"rendered":"\n<p>Durante el encuentro, la jefa comunal le dio la bienvenida a la ciudad y le dese\u00f3 \u00e9xito en su gesti\u00f3n al mando de la fuerza en Santiago del Estero.<\/p>\n\n\n\n<p>La reuni\u00f3n reafirm\u00f3 el di\u00e1logo que mantiene el municipio con diferentes entidades, asociaciones, organismos p\u00fablicos y privados con el prop\u00f3sito de generar acciones en favor de la comunidad.<\/p>\n","protected":false},"excerpt":{"rendered":"<p>La intendente de la Capital, Ing. Norma Fuentes, recibi\u00f3 en el Sal\u00f3n de Acuerdos del Palacio Municipal al nuevo Delegado del Estado Mayor General del Ej\u00e9rcito, coronel Juan Samuel D\u00edaz.<\/p>\n","protected":false},"author":2,"featured_media":73368,"comment_status":"open","ping_status":"open","sticky":false,"template":"","format":"standard","meta":{"om_disable_all_campaigns":false,"_monsterinsights_skip_tracking":false,"_monsterinsights_sitenote_active":false,"_monsterinsights_sitenote_note":"","_monsterinsights_sitenote_category":0,"_uf_show_specific_survey":0,"_uf_disable_surveys":false,"jetpack_post_was_ever_published":false,"_jetpack_newsletter_access":"","_jetpack_dont_email_post_to_subs":false,"_jetpack_newsletter_tier_id":0,"_jetpack_memberships_contains_paywalled_content":false,"_jetpack_memberships_contains_paid_content":false,"footnotes":"","jetpack_publicize_message":"","jetpack_publicize_feature_enabled":true,"jetpack_social_post_already_shared":false,"jetpack_social_options":{"image_generator_settings":{"template":"highway","enabled":false},"version":2}},"categories":[4,21],"tags":[73,116],"class_list":["post-73367","post","type-post","status-publish","format-standard","has-post-thumbnail","hentry","category-destacadas","category-locales","tag-municipalidad-de-la-capital","tag-norma-fuentes"],"aioseo_notices":[],"views":28,"jetpack_publicize_connections":[],"jetpack_featured_media_url":"https:\/\/i0.wp.com\/elterritorialweb.com.ar\/web\/wp-content\/uploads\/2025\/02\/Intendente-Ejercito.jpg?fit=1600%2C1067&ssl=1","jetpack_sharing_enabled":true,"_links":{"self":[{"href":"https:\/\/elterritorialweb.com.ar\/web\/wp-json\/wp\/v2\/posts\/73367","targetHints":{"allow":["GET"]}}],"collection":[{"href":"https:\/\/elterritorialweb.com.ar\/web\/wp-json\/wp\/v2\/posts"}],"about":[{"href":"https:\/\/elterritorialweb.com.ar\/web\/wp-json\/wp\/v2\/types\/post"}],"author":[{"embeddable":true,"href":"https:\/\/elterritorialweb.com.ar\/web\/wp-json\/wp\/v2\/users\/2"}],"replies":[{"embeddable":true,"href":"https:\/\/elterritorialweb.com.ar\/web\/wp-json\/wp\/v2\/comments?post=73367"}],"version-history":[{"count":2,"href":"https:\/\/elterritorialweb.com.ar\/web\/wp-json\/wp\/v2\/posts\/73367\/revisions"}],"predecessor-version":[{"id":73370,"href":"https:\/\/elterritorialweb.com.ar\/web\/wp-json\/wp\/v2\/posts\/73367\/revisions\/73370"}],"wp:featuredmedia":[{"embeddable":true,"href":"https:\/\/elterritorialweb.com.ar\/web\/wp-json\/wp\/v2\/media\/73368"}],"wp:attachment":[{"href":"https:\/\/elterritorialweb.com.ar\/web\/wp-json\/wp\/v2\/media?parent=73367"}],"wp:term":[{"taxonomy":"category","embeddable":true,"href":"https:\/\/elterritorialweb.com.ar\/web\/wp-json\/wp\/v2\/categories?post=73367"},{"taxonomy":"post_tag","embeddable":true,"href":"https:\/\/elterritorialweb.com.ar\/web\/wp-json\/wp\/v2\/tags?post=73367"}],"curies":[{"name":"wp","href":"https:\/\/api.w.org\/{rel}","templated":true}]}}