{"id":73421,"date":"2025-02-22T12:15:37","date_gmt":"2025-02-22T12:15:37","guid":{"rendered":"http:\/\/elterritorialweb.com.ar\/web\/?p=73421"},"modified":"2025-02-22T12:15:57","modified_gmt":"2025-02-22T12:15:57","slug":"al-ritmo-de-la-cumbia-santafesina-guarachas-y-chamame-continua-el-carnaval-siestero","status":"publish","type":"post","link":"https:\/\/elterritorialweb.com.ar\/web\/al-ritmo-de-la-cumbia-santafesina-guarachas-y-chamame-continua-el-carnaval-siestero\/","title":{"rendered":"AL RITMO DE LA CUMBIA SANTAFESINA, GUARACHAS Y CHAMAM\u00c9 CONTIN\u00daA EL CARNAVAL SIESTERO"},"content":{"rendered":"\n<p>Convertido en la mejor <strong>propuesta carnavalera de Santiago del Estero,<\/strong> el cuarto domingo de febrero ser\u00e1 la nueva oportunidad para que el p\u00fablico disfrute en un ambiente familiar de los mejores espect\u00e1culos musicales en vivo en el escenario montado en el <strong>complejo ubicado en la autopista Juan Domingo Per\u00f3n, a la par de Sky Club<\/strong>.\u00a0<\/p>\n\n\n\n<p>En esta oportunidad, los tres grupos desplegar\u00e1n lo mejor de su repertorio e invitan a los santiague\u00f1os a carnavalear en uno de los \u00faltimos fines de semana en los que se festeja esta tradicional celebraci\u00f3n que congrega multitudes.<\/p>\n\n\n\n<p>En ese marco, la reconocida banda de cumbia santafesina <strong>Los del fuego<\/strong> regresa a la provincia para formar parte de la destacada cartelera de artistas del <strong>Carnaval Siestero,<\/strong> a donde presentar\u00e1n sus canciones m\u00e1s populares entre las que se encuentran <strong>\u201cJurabas t\u00fa\u201d<\/strong>,<strong> \u201cSabes\u201d<\/strong>, <strong>\u201cDespu\u00e9s de ti\u201d<\/strong> y <strong>\u201cD\u00f3nde est\u00e1s coraz\u00f3n\u201d<\/strong>.<\/p>\n\n\n\n<p>Al ritmo de la guaracha y la m\u00fasica tropical de la mano de <strong>Enrique Maza<\/strong> junto la fuerza chamamecera de<strong> La Banda de Potencia<\/strong>, los santiague\u00f1os vivir\u00e1n un domingo de carnaval imperdible.<\/p>\n\n\n\n<p>El <strong>Carnaval Siestero<\/strong> abrir\u00e1 sus puertas este <strong>domingo a las 17<\/strong> y se extender\u00e1 hasta la medianoche. Nuevamente habr\u00e1 destacadas promociones con <strong>entradas gratis hasta las 18<\/strong>; mientras que las anticipadas se pueden adquirir a trav\u00e9s de los RR.PP y las cuentas oficiales en Instragram: <a href=\"https:\/\/www.instagram.com\/carnaval.siestero\/\" title=\"@carnaval.siestero\">@carnaval.siestero<\/a> y <a href=\"https:\/\/www.instagram.com\/crashon.sgo\/\" title=\"@crashon.sgo\">@crashon.sgo<\/a>.<\/p>\n\n\n\n<p><\/p>\n","protected":false},"excerpt":{"rendered":"<p>Al ritmo de la cumbia santafesina, guarachas y chamam\u00e9, el Carnaval Siestero continuar\u00e1 este domingo 23 de febrero con las actuaciones de La Banda Potencia, Los del Fuego y Enrique Maza, tres de los grandes exponentes de estos g\u00e9neros musicales.<\/p>\n","protected":false},"author":2,"featured_media":73422,"comment_status":"open","ping_status":"open","sticky":false,"template":"","format":"standard","meta":{"om_disable_all_campaigns":false,"_monsterinsights_skip_tracking":false,"_monsterinsights_sitenote_active":false,"_monsterinsights_sitenote_note":"","_monsterinsights_sitenote_category":0,"_uf_show_specific_survey":0,"_uf_disable_surveys":false,"jetpack_post_was_ever_published":false,"_jetpack_newsletter_access":"","_jetpack_dont_email_post_to_subs":false,"_jetpack_newsletter_tier_id":0,"_jetpack_memberships_contains_paywalled_content":false,"_jetpack_memberships_contains_paid_content":false,"footnotes":"","jetpack_publicize_message":"","jetpack_publicize_feature_enabled":true,"jetpack_social_post_already_shared":false,"jetpack_social_options":{"image_generator_settings":{"template":"highway","enabled":false},"version":2}},"categories":[4,20],"tags":[1154],"class_list":["post-73421","post","type-post","status-publish","format-standard","has-post-thumbnail","hentry","category-destacadas","category-especysociales","tag-carnaval-siestero"],"aioseo_notices":[],"views":18,"jetpack_publicize_connections":[],"jetpack_featured_media_url":"https:\/\/i0.wp.com\/elterritorialweb.com.ar\/web\/wp-content\/uploads\/2025\/02\/CarnavalSiesteroPotencia.jpg?fit=1080%2C770&ssl=1","jetpack_sharing_enabled":true,"_links":{"self":[{"href":"https:\/\/elterritorialweb.com.ar\/web\/wp-json\/wp\/v2\/posts\/73421","targetHints":{"allow":["GET"]}}],"collection":[{"href":"https:\/\/elterritorialweb.com.ar\/web\/wp-json\/wp\/v2\/posts"}],"about":[{"href":"https:\/\/elterritorialweb.com.ar\/web\/wp-json\/wp\/v2\/types\/post"}],"author":[{"embeddable":true,"href":"https:\/\/elterritorialweb.com.ar\/web\/wp-json\/wp\/v2\/users\/2"}],"replies":[{"embeddable":true,"href":"https:\/\/elterritorialweb.com.ar\/web\/wp-json\/wp\/v2\/comments?post=73421"}],"version-history":[{"count":2,"href":"https:\/\/elterritorialweb.com.ar\/web\/wp-json\/wp\/v2\/posts\/73421\/revisions"}],"predecessor-version":[{"id":73424,"href":"https:\/\/elterritorialweb.com.ar\/web\/wp-json\/wp\/v2\/posts\/73421\/revisions\/73424"}],"wp:featuredmedia":[{"embeddable":true,"href":"https:\/\/elterritorialweb.com.ar\/web\/wp-json\/wp\/v2\/media\/73422"}],"wp:attachment":[{"href":"https:\/\/elterritorialweb.com.ar\/web\/wp-json\/wp\/v2\/media?parent=73421"}],"wp:term":[{"taxonomy":"category","embeddable":true,"href":"https:\/\/elterritorialweb.com.ar\/web\/wp-json\/wp\/v2\/categories?post=73421"},{"taxonomy":"post_tag","embeddable":true,"href":"https:\/\/elterritorialweb.com.ar\/web\/wp-json\/wp\/v2\/tags?post=73421"}],"curies":[{"name":"wp","href":"https:\/\/api.w.org\/{rel}","templated":true}]}}