{"id":73425,"date":"2025-02-22T12:29:20","date_gmt":"2025-02-22T12:29:20","guid":{"rendered":"http:\/\/elterritorialweb.com.ar\/web\/?p=73425"},"modified":"2025-02-22T12:29:33","modified_gmt":"2025-02-22T12:29:33","slug":"las-termas-sera-sede-del-neurotermas-ii-actualizacion-en-neurologia-y-neurocirugia","status":"publish","type":"post","link":"https:\/\/elterritorialweb.com.ar\/web\/las-termas-sera-sede-del-neurotermas-ii-actualizacion-en-neurologia-y-neurocirugia\/","title":{"rendered":"LAS TERMAS SER\u00c1 SEDE DEL \u201cNEUROTERMAS II: ACTUALIZACI\u00d3N EN NEUROLOG\u00cdA Y NEUROCIRUG\u00cdA\u201d"},"content":{"rendered":"\n<p>Tambi\u00e9n fueron parte del anuncio el secretario de Salud, <strong>Gustavo Sabalza<\/strong>; los jefes de los servicios de Neurolog\u00eda, <strong>Miguel Jacobo<\/strong>, y de Neurocirug\u00eda, <strong>Diego Pav\u00f3n<\/strong>, ambos pertenecientes al Hospital Regional, responsables de la organizaci\u00f3n de este espacio que fue destacado por la ministra por su valioso aporte para los profesionales santiague\u00f1os y de todo el pa\u00eds mediante la actualizaci\u00f3n de conocimientos y de informaci\u00f3n sobre los \u00faltimos avances en estas dos especialidades.<\/p>\n\n\n\n<p>Por su parte, <strong>Jacobo<\/strong> explic\u00f3 que la actividad se desarrollar\u00e1 de manera presencial y ser\u00e1 replicado en tiempo real a otros pa\u00edses. <em>\u201cEsto se debe fundamentalmente a la jerarqu\u00eda de los disertantes que nos visitar\u00e1n. Son 17 profesionales, tanto neur\u00f3logos como neurocirujanos, que son reconocidos en todo el mundo\u201d.<\/em><\/p>\n\n\n\n<p>Destac\u00f3 adem\u00e1s la posibilidad de realizar este encuentro en Las <strong>Termas de R\u00edo Hondo,<\/strong> para que la ciudad y toda la provincia<em> \u201cvuelva a ser un polo de desarrollo cient\u00edfico, lo cual nos llena de orgullo y satisfacci\u00f3n\u201d<\/em>. Adem\u00e1s de hacer hincapi\u00e9 en la importancia de haber sido impulsado a trav\u00e9s de dos servicios p\u00fablicos de salud de la provincia, m\u00e1s a\u00fan si se tiene en cuenta el aporte para los estudiantes de la <strong>carrera de Medicina de Universidad Nacional de Santiago del Estero<\/strong>, como tambi\u00e9n otras casas de altos estudios del NOA y del resto del pa\u00eds.<\/p>\n\n\n\n<p>A su turno, <strong>Pav\u00f3n<\/strong> resalt\u00f3 la jerarqu\u00eda de los disertantes, que <em>\u201cest\u00e1n entre los m\u00e1s importantes del pa\u00eds reconocidos a nivel nacional e internacional\u201d <\/em>y agreg\u00f3: <em>\u201cLo novedoso de la modalidad es que es la primera vez que se hace en forma conjunta, con dos especialidades diferentes pero afines. Se van a abordar patolog\u00edas de tipo funcional como tambi\u00e9n el tratamiento actual de la enfermedad de Parkinson, traumas, tumores, base de cr\u00e1neo y esperamos que sea atractivo para todos los especialistas de la regi\u00f3n que seguramente vendr\u00e1n de las provincias de Tucum\u00e1n, Salta, La Rioja, Catamarca y que tambi\u00e9n tendr\u00e1 inter\u00e9s para otras especialidades, como terapia intensiva, porque incluimos neurointencivismo. Esperamos una afluencia muy importante de profesionales y de m\u00e9dicos en formaci\u00f3n\u201d.<\/em><\/p>\n\n\n\n<figure class=\"wp-block-image size-large\"><a href=\"https:\/\/i0.wp.com\/elterritorialweb.com.ar\/web\/wp-content\/uploads\/2025\/02\/WhatsApp-Image-2025-02-21-at-13.45.32-1.jpeg\"><img data-recalc-dims=\"1\" decoding=\"async\" width=\"640\" height=\"426\" data-src=\"https:\/\/i0.wp.com\/elterritorialweb.com.ar\/web\/wp-content\/uploads\/2025\/02\/WhatsApp-Image-2025-02-21-at-13.45.32-1.jpeg?resize=640%2C426\" alt=\"\" class=\"wp-image-73428 lazyload\" data-srcset=\"https:\/\/i0.wp.com\/elterritorialweb.com.ar\/web\/wp-content\/uploads\/2025\/02\/WhatsApp-Image-2025-02-21-at-13.45.32-1.jpeg?resize=1024%2C682&amp;ssl=1 1024w, https:\/\/i0.wp.com\/elterritorialweb.com.ar\/web\/wp-content\/uploads\/2025\/02\/WhatsApp-Image-2025-02-21-at-13.45.32-1.jpeg?resize=300%2C200&amp;ssl=1 300w, https:\/\/i0.wp.com\/elterritorialweb.com.ar\/web\/wp-content\/uploads\/2025\/02\/WhatsApp-Image-2025-02-21-at-13.45.32-1.jpeg?resize=768%2C512&amp;ssl=1 768w, https:\/\/i0.wp.com\/elterritorialweb.com.ar\/web\/wp-content\/uploads\/2025\/02\/WhatsApp-Image-2025-02-21-at-13.45.32-1.jpeg?resize=1536%2C1024&amp;ssl=1 1536w, https:\/\/i0.wp.com\/elterritorialweb.com.ar\/web\/wp-content\/uploads\/2025\/02\/WhatsApp-Image-2025-02-21-at-13.45.32-1.jpeg?resize=2048%2C1365&amp;ssl=1 2048w, https:\/\/i0.wp.com\/elterritorialweb.com.ar\/web\/wp-content\/uploads\/2025\/02\/WhatsApp-Image-2025-02-21-at-13.45.32-1.jpeg?w=1280 1280w, https:\/\/i0.wp.com\/elterritorialweb.com.ar\/web\/wp-content\/uploads\/2025\/02\/WhatsApp-Image-2025-02-21-at-13.45.32-1.jpeg?w=1920 1920w\" data-sizes=\"(max-width: 640px) 100vw, 640px\" src=\"data:image\/svg+xml;base64,PHN2ZyB3aWR0aD0iMSIgaGVpZ2h0PSIxIiB4bWxucz0iaHR0cDovL3d3dy53My5vcmcvMjAwMC9zdmciPjwvc3ZnPg==\" style=\"--smush-placeholder-width: 640px; --smush-placeholder-aspect-ratio: 640\/426;\" \/><\/a><\/figure>\n\n\n\n<p>El cierre estuvo a cargo del<strong> jefe de Gabinete<\/strong>, quien destac\u00f3 la relevancia que tiene este evento para los santiague\u00f1os. Se\u00f1al\u00f3: \u201c<em>Esto nos pone en la vanguardia de los temas cient\u00edficos en el pa\u00eds sobre todo en los temas de salud, y pone de manifiesto el trabajo del equipo del Ministerio de Salud, que a lo largo de los a\u00f1os ha venido gestionando y creciendo, no solo en la prestaci\u00f3n de los servicios sino tambi\u00e9n en la actualizaci\u00f3n que tiene que ver con la tem\u00e1tica cient\u00edfica\u201d.<\/em><\/p>\n\n\n\n<p>Tambi\u00e9n valor\u00f3 el respaldo del <strong>gobernador Gerardo Zamora<\/strong>, que <em>\u201cnos instruye siempre que tenemos que gestionar con la participaci\u00f3n de la gente y de las distintas instituciones que tienen que ver con tem\u00e1ticas cient\u00edficas como \u00e9stas y que nos posibilita a todos los santiague\u00f1os sentirnos muy orgullosos, porque en Santiago del Estero se hacen cosas serias e importantes, no solo en materia de salud, sino tambi\u00e9n en distintas disciplinas como el deporte, la cultura y el turismo\u201d.<\/em><\/p>\n\n\n\n<p>En ese sentido, remarc\u00f3: <em>\u201cNos satisface mucho poder prestar toda nuestra colaboraci\u00f3n en eventos como este evento, que a nivel internacional va a ser importante con la participaci\u00f3n de numerosos cient\u00edficos del mundo y que van a estar presentes aqu\u00ed en Santiago del Estero y de aqu\u00ed hacia el mundo vamos a poder proyectar todo ese trabajo y ese esfuerzo de todos los santiague\u00f1os\u201d.<\/em><\/p>\n\n\n\n<p><\/p>\n\n\n\n<p><\/p>\n","protected":false},"excerpt":{"rendered":"<p>El jefe de Gabinete, El\u00edas Su\u00e1rez, junto con la ministra de Salud, Natividad Nassif, encabezaron este viernes el anuncio del \u201cNeurotermas II: Actualizaci\u00f3n en Neurolog\u00eda y Neurocirug\u00eda\u201d, evento que se llevar\u00e1 a cabo el viernes 27 y s\u00e1bado 28 de junio de este a\u00f1o en Las Termas de R\u00edo Hondo, con la presencia de expertos de jerarqu\u00eda internacional.<\/p>\n","protected":false},"author":2,"featured_media":73427,"comment_status":"open","ping_status":"open","sticky":false,"template":"","format":"standard","meta":{"om_disable_all_campaigns":false,"_monsterinsights_skip_tracking":false,"_monsterinsights_sitenote_active":false,"_monsterinsights_sitenote_note":"","_monsterinsights_sitenote_category":0,"_uf_show_specific_survey":0,"_uf_disable_surveys":false,"jetpack_post_was_ever_published":false,"_jetpack_newsletter_access":"","_jetpack_dont_email_post_to_subs":false,"_jetpack_newsletter_tier_id":0,"_jetpack_memberships_contains_paywalled_content":false,"_jetpack_memberships_contains_paid_content":false,"footnotes":"","jetpack_publicize_message":"","jetpack_publicize_feature_enabled":true,"jetpack_social_post_already_shared":false,"jetpack_social_options":{"image_generator_settings":{"template":"highway","enabled":false},"version":2}},"categories":[4,3],"tags":[],"class_list":["post-73425","post","type-post","status-publish","format-standard","has-post-thumbnail","hentry","category-destacadas","category-salud"],"aioseo_notices":[],"views":22,"jetpack_publicize_connections":[],"jetpack_featured_media_url":"https:\/\/i0.wp.com\/elterritorialweb.com.ar\/web\/wp-content\/uploads\/2025\/02\/WhatsApp-Image-2025-02-21-at-13.45.31.jpeg?fit=2560%2C1639&ssl=1","jetpack_sharing_enabled":true,"_links":{"self":[{"href":"https:\/\/elterritorialweb.com.ar\/web\/wp-json\/wp\/v2\/posts\/73425","targetHints":{"allow":["GET"]}}],"collection":[{"href":"https:\/\/elterritorialweb.com.ar\/web\/wp-json\/wp\/v2\/posts"}],"about":[{"href":"https:\/\/elterritorialweb.com.ar\/web\/wp-json\/wp\/v2\/types\/post"}],"author":[{"embeddable":true,"href":"https:\/\/elterritorialweb.com.ar\/web\/wp-json\/wp\/v2\/users\/2"}],"replies":[{"embeddable":true,"href":"https:\/\/elterritorialweb.com.ar\/web\/wp-json\/wp\/v2\/comments?post=73425"}],"version-history":[{"count":2,"href":"https:\/\/elterritorialweb.com.ar\/web\/wp-json\/wp\/v2\/posts\/73425\/revisions"}],"predecessor-version":[{"id":73430,"href":"https:\/\/elterritorialweb.com.ar\/web\/wp-json\/wp\/v2\/posts\/73425\/revisions\/73430"}],"wp:featuredmedia":[{"embeddable":true,"href":"https:\/\/elterritorialweb.com.ar\/web\/wp-json\/wp\/v2\/media\/73427"}],"wp:attachment":[{"href":"https:\/\/elterritorialweb.com.ar\/web\/wp-json\/wp\/v2\/media?parent=73425"}],"wp:term":[{"taxonomy":"category","embeddable":true,"href":"https:\/\/elterritorialweb.com.ar\/web\/wp-json\/wp\/v2\/categories?post=73425"},{"taxonomy":"post_tag","embeddable":true,"href":"https:\/\/elterritorialweb.com.ar\/web\/wp-json\/wp\/v2\/tags?post=73425"}],"curies":[{"name":"wp","href":"https:\/\/api.w.org\/{rel}","templated":true}]}}