{"id":73433,"date":"2025-02-22T12:48:37","date_gmt":"2025-02-22T12:48:37","guid":{"rendered":"http:\/\/elterritorialweb.com.ar\/web\/?p=73433"},"modified":"2025-02-22T12:48:51","modified_gmt":"2025-02-22T12:48:51","slug":"central-cordoba-no-pudo-mantener-la-ventaja-y-estudiantes-le-gano-en-el-final","status":"publish","type":"post","link":"https:\/\/elterritorialweb.com.ar\/web\/central-cordoba-no-pudo-mantener-la-ventaja-y-estudiantes-le-gano-en-el-final\/","title":{"rendered":"CENTRAL C\u00d3RDOBA NO PUDO MANTENER LA VENTAJA Y ESTUDIANTES LE GAN\u00d3 EN EL FINAL"},"content":{"rendered":"\n<p>En un partido vibrante,\u00a0<strong>Central C\u00f3rdoba<\/strong>\u00a0sufri\u00f3 una dura derrota por\u00a0<strong>3-2<\/strong>\u00a0frente a\u00a0<strong>Estudiantes de La Plata<\/strong>\u00a0en el inicio de la\u00a0<strong>s\u00e9ptima fecha del Torneo Apertura<\/strong>\u00a0de la\u00a0<strong>Liga Profesional<\/strong>. A pesar de estar dos goles arriba con los tantos de\u00a0<strong>Mat\u00edas Perell\u00f3<\/strong>\u00a0y\u00a0<strong>Leonardo Heredia<\/strong>, el\u00a0<strong>Ferroviario<\/strong>\u00a0no logr\u00f3 sostener la ventaja y el\u00a0<strong>Pincha<\/strong>\u00a0dio vuelta el marcador en un segundo tiempo arrollador.<\/p>\n\n\n\n<p>El encuentro comenz\u00f3 con un ritmo intenso a pesar del sofocante calor en La Plata. Los dirigidos por\u00a0<strong>Omar De Felippe<\/strong>\u00a0golpearon primero gracias a la velocidad de\u00a0<strong>Luis Miguel Angulo<\/strong>, que desbord\u00f3 por la derecha y gener\u00f3 la jugada que deriv\u00f3 en el primer gol:\u00a0<strong>Santiago Moyano<\/strong>\u00a0lanz\u00f3 un centro rasante que encontr\u00f3 a\u00a0<strong>Mat\u00edas Perell\u00f3<\/strong>, quien control\u00f3 con clase y defini\u00f3 al \u00e1ngulo izquierdo de\u00a0<strong>Mariano And\u00fajar<\/strong>\u00a0a los\u00a0<strong>38 minutos<\/strong>.<\/p>\n\n\n\n<figure class=\"wp-block-image size-large\"><a href=\"https:\/\/i0.wp.com\/elterritorialweb.com.ar\/web\/wp-content\/uploads\/2025\/02\/WhatsApp-Image-2025-02-21-at-20.12.03-scaled.jpeg\"><img data-recalc-dims=\"1\" decoding=\"async\" width=\"640\" height=\"428\" data-src=\"https:\/\/i0.wp.com\/elterritorialweb.com.ar\/web\/wp-content\/uploads\/2025\/02\/WhatsApp-Image-2025-02-21-at-20.12.03.jpeg?resize=640%2C428\" alt=\"\" class=\"wp-image-73435 lazyload\" data-srcset=\"https:\/\/i0.wp.com\/elterritorialweb.com.ar\/web\/wp-content\/uploads\/2025\/02\/WhatsApp-Image-2025-02-21-at-20.12.03-scaled.jpeg?resize=1024%2C684&amp;ssl=1 1024w, https:\/\/i0.wp.com\/elterritorialweb.com.ar\/web\/wp-content\/uploads\/2025\/02\/WhatsApp-Image-2025-02-21-at-20.12.03-scaled.jpeg?resize=300%2C200&amp;ssl=1 300w, https:\/\/i0.wp.com\/elterritorialweb.com.ar\/web\/wp-content\/uploads\/2025\/02\/WhatsApp-Image-2025-02-21-at-20.12.03-scaled.jpeg?resize=768%2C513&amp;ssl=1 768w, https:\/\/i0.wp.com\/elterritorialweb.com.ar\/web\/wp-content\/uploads\/2025\/02\/WhatsApp-Image-2025-02-21-at-20.12.03-scaled.jpeg?resize=1536%2C1025&amp;ssl=1 1536w, https:\/\/i0.wp.com\/elterritorialweb.com.ar\/web\/wp-content\/uploads\/2025\/02\/WhatsApp-Image-2025-02-21-at-20.12.03-scaled.jpeg?resize=2048%2C1367&amp;ssl=1 2048w, https:\/\/i0.wp.com\/elterritorialweb.com.ar\/web\/wp-content\/uploads\/2025\/02\/WhatsApp-Image-2025-02-21-at-20.12.03-scaled.jpeg?w=1280 1280w, https:\/\/i0.wp.com\/elterritorialweb.com.ar\/web\/wp-content\/uploads\/2025\/02\/WhatsApp-Image-2025-02-21-at-20.12.03-scaled.jpeg?w=1920 1920w\" data-sizes=\"(max-width: 640px) 100vw, 640px\" src=\"data:image\/svg+xml;base64,PHN2ZyB3aWR0aD0iMSIgaGVpZ2h0PSIxIiB4bWxucz0iaHR0cDovL3d3dy53My5vcmcvMjAwMC9zdmciPjwvc3ZnPg==\" style=\"--smush-placeholder-width: 640px; --smush-placeholder-aspect-ratio: 640\/428;\" \/><\/a><\/figure>\n\n\n\n<p>El comienzo del complemento fue a\u00fan mejor para los santiague\u00f1os. A los\u00a0<strong>5 minutos<\/strong>, Angulo volvi\u00f3 a ser determinante, esta vez desde la izquierda, asistiendo a\u00a0<strong>Leonardo Heredia<\/strong>, quien marc\u00f3 el segundo tanto sin oposici\u00f3n en el \u00e1rea rival.<\/p>\n\n\n\n<p>Sin embargo, el doble golpe despert\u00f3 al equipo de&nbsp;<strong>Eduardo Dom\u00ednguez<\/strong>, que empez\u00f3 a tomar el control del juego con la presencia de&nbsp;<strong>Santiago Ascacibar<\/strong>&nbsp;y&nbsp;<strong>Gabriel Neves<\/strong>&nbsp;en el mediocampo. El descuento lleg\u00f3 a los&nbsp;<strong>25 minutos<\/strong>, cuando&nbsp;<strong>Luciano Gim\u00e9nez<\/strong>&nbsp;conect\u00f3 de cabeza un centro preciso de&nbsp;<strong>Eric Meza<\/strong>.<\/p>\n\n\n\n<figure class=\"wp-block-image size-large\"><a href=\"https:\/\/i0.wp.com\/elterritorialweb.com.ar\/web\/wp-content\/uploads\/2025\/02\/WhatsApp-Image-2025-02-21-at-20.12.02-scaled.jpeg\"><img data-recalc-dims=\"1\" decoding=\"async\" width=\"640\" height=\"428\" data-src=\"https:\/\/i0.wp.com\/elterritorialweb.com.ar\/web\/wp-content\/uploads\/2025\/02\/WhatsApp-Image-2025-02-21-at-20.12.02.jpeg?resize=640%2C428\" alt=\"\" class=\"wp-image-73437 lazyload\" data-srcset=\"https:\/\/i0.wp.com\/elterritorialweb.com.ar\/web\/wp-content\/uploads\/2025\/02\/WhatsApp-Image-2025-02-21-at-20.12.02-scaled.jpeg?resize=1024%2C684&amp;ssl=1 1024w, https:\/\/i0.wp.com\/elterritorialweb.com.ar\/web\/wp-content\/uploads\/2025\/02\/WhatsApp-Image-2025-02-21-at-20.12.02-scaled.jpeg?resize=300%2C200&amp;ssl=1 300w, https:\/\/i0.wp.com\/elterritorialweb.com.ar\/web\/wp-content\/uploads\/2025\/02\/WhatsApp-Image-2025-02-21-at-20.12.02-scaled.jpeg?resize=768%2C513&amp;ssl=1 768w, https:\/\/i0.wp.com\/elterritorialweb.com.ar\/web\/wp-content\/uploads\/2025\/02\/WhatsApp-Image-2025-02-21-at-20.12.02-scaled.jpeg?resize=1536%2C1025&amp;ssl=1 1536w, https:\/\/i0.wp.com\/elterritorialweb.com.ar\/web\/wp-content\/uploads\/2025\/02\/WhatsApp-Image-2025-02-21-at-20.12.02-scaled.jpeg?resize=2048%2C1367&amp;ssl=1 2048w, https:\/\/i0.wp.com\/elterritorialweb.com.ar\/web\/wp-content\/uploads\/2025\/02\/WhatsApp-Image-2025-02-21-at-20.12.02-scaled.jpeg?w=1280 1280w, https:\/\/i0.wp.com\/elterritorialweb.com.ar\/web\/wp-content\/uploads\/2025\/02\/WhatsApp-Image-2025-02-21-at-20.12.02-scaled.jpeg?w=1920 1920w\" data-sizes=\"(max-width: 640px) 100vw, 640px\" src=\"data:image\/svg+xml;base64,PHN2ZyB3aWR0aD0iMSIgaGVpZ2h0PSIxIiB4bWxucz0iaHR0cDovL3d3dy53My5vcmcvMjAwMC9zdmciPjwvc3ZnPg==\" style=\"--smush-placeholder-width: 640px; --smush-placeholder-aspect-ratio: 640\/428;\" \/><\/a><\/figure>\n\n\n\n<p>Menos de dos minutos despu\u00e9s,&nbsp;<strong>Joaqu\u00edn Tobio Burgos<\/strong>&nbsp;empat\u00f3 el partido con un magistral tiro libre que dej\u00f3 sin opciones a&nbsp;<strong>Alan Aguerre<\/strong>. El envi\u00f3n an\u00edmico se mantuvo y, a los&nbsp;<strong>83 minutos<\/strong>,&nbsp;<strong>Santiago Arzamendia<\/strong>&nbsp;sell\u00f3 la remontada con un cabezazo certero tras un c\u00f3rner ejecutado por el propio Burgos.<\/p>\n\n\n\n<p>El&nbsp;<strong>Ferroviario<\/strong>&nbsp;dej\u00f3 pasar la oportunidad de alcanzar la cima de la&nbsp;<strong>Zona A<\/strong>&nbsp;y sum\u00f3 su segunda derrota en el torneo. Con esta victoria,&nbsp;<strong>Estudiantes<\/strong>&nbsp;escal\u00f3 a lo m\u00e1s alto del grupo con&nbsp;<strong>15 puntos<\/strong>, mientras que Central C\u00f3rdoba buscar\u00e1 recuperarse el pr\u00f3ximo&nbsp;<strong>viernes<\/strong>, cuando reciba a&nbsp;<strong>Deportivo Riestra<\/strong>&nbsp;en Santiago del Estero.<\/p>\n\n\n\n<figure class=\"wp-block-embed is-type-rich is-provider-gestor-del-servicio wp-block-embed-gestor-del-servicio wp-embed-aspect-16-9 wp-has-aspect-ratio\"><div class=\"wp-block-embed__wrapper\">\n<iframe title=\"EL PINCHA SE DESPERT\u00d3 Y SE LO DIO VUELTA AL FERROVIARIO | Estudiantes 3-2 C. C\u00f3rdoba | RESUMEN\" width=\"640\" height=\"360\" data-src=\"https:\/\/www.youtube.com\/embed\/hMcMRL4av5k?feature=oembed\" frameborder=\"0\" allow=\"accelerometer; autoplay; clipboard-write; encrypted-media; gyroscope; picture-in-picture; web-share\" referrerpolicy=\"strict-origin-when-cross-origin\" allowfullscreen src=\"data:image\/svg+xml;base64,PHN2ZyB3aWR0aD0iMSIgaGVpZ2h0PSIxIiB4bWxucz0iaHR0cDovL3d3dy53My5vcmcvMjAwMC9zdmciPjwvc3ZnPg==\" class=\"lazyload\" data-load-mode=\"1\"><\/iframe>\n<\/div><\/figure>\n","protected":false},"excerpt":{"rendered":"<p>El Ferro lo ganaba 2-0 con los goles de Perell\u00f3 y Heredia, pero el Pincha reaccion\u00f3 en el segundo tiempo y con una r\u00e1faga se termin\u00f3 imponiendo por 3-2.<\/p>\n","protected":false},"author":2,"featured_media":73436,"comment_status":"open","ping_status":"open","sticky":false,"template":"","format":"standard","meta":{"om_disable_all_campaigns":false,"_monsterinsights_skip_tracking":false,"_monsterinsights_sitenote_active":false,"_monsterinsights_sitenote_note":"","_monsterinsights_sitenote_category":0,"_uf_show_specific_survey":0,"_uf_disable_surveys":false,"jetpack_post_was_ever_published":false,"_jetpack_newsletter_access":"","_jetpack_dont_email_post_to_subs":false,"_jetpack_newsletter_tier_id":0,"_jetpack_memberships_contains_paywalled_content":false,"_jetpack_memberships_contains_paid_content":false,"footnotes":"","jetpack_publicize_message":"","jetpack_publicize_feature_enabled":true,"jetpack_social_post_already_shared":false,"jetpack_social_options":{"image_generator_settings":{"template":"highway","enabled":false},"version":2}},"categories":[6],"tags":[69,407,104],"class_list":["post-73433","post","type-post","status-publish","format-standard","has-post-thumbnail","hentry","category-deportes","tag-central-cordoba","tag-estudiantes-de-la-plata","tag-liga-profesional-de-futbol"],"aioseo_notices":[],"views":12,"jetpack_publicize_connections":[],"jetpack_featured_media_url":"https:\/\/i0.wp.com\/elterritorialweb.com.ar\/web\/wp-content\/uploads\/2025\/02\/WhatsApp-Image-2025-02-21-at-20.12.03-1-scaled.jpeg?fit=2560%2C1709&ssl=1","jetpack_sharing_enabled":true,"_links":{"self":[{"href":"https:\/\/elterritorialweb.com.ar\/web\/wp-json\/wp\/v2\/posts\/73433","targetHints":{"allow":["GET"]}}],"collection":[{"href":"https:\/\/elterritorialweb.com.ar\/web\/wp-json\/wp\/v2\/posts"}],"about":[{"href":"https:\/\/elterritorialweb.com.ar\/web\/wp-json\/wp\/v2\/types\/post"}],"author":[{"embeddable":true,"href":"https:\/\/elterritorialweb.com.ar\/web\/wp-json\/wp\/v2\/users\/2"}],"replies":[{"embeddable":true,"href":"https:\/\/elterritorialweb.com.ar\/web\/wp-json\/wp\/v2\/comments?post=73433"}],"version-history":[{"count":2,"href":"https:\/\/elterritorialweb.com.ar\/web\/wp-json\/wp\/v2\/posts\/73433\/revisions"}],"predecessor-version":[{"id":73439,"href":"https:\/\/elterritorialweb.com.ar\/web\/wp-json\/wp\/v2\/posts\/73433\/revisions\/73439"}],"wp:featuredmedia":[{"embeddable":true,"href":"https:\/\/elterritorialweb.com.ar\/web\/wp-json\/wp\/v2\/media\/73436"}],"wp:attachment":[{"href":"https:\/\/elterritorialweb.com.ar\/web\/wp-json\/wp\/v2\/media?parent=73433"}],"wp:term":[{"taxonomy":"category","embeddable":true,"href":"https:\/\/elterritorialweb.com.ar\/web\/wp-json\/wp\/v2\/categories?post=73433"},{"taxonomy":"post_tag","embeddable":true,"href":"https:\/\/elterritorialweb.com.ar\/web\/wp-json\/wp\/v2\/tags?post=73433"}],"curies":[{"name":"wp","href":"https:\/\/api.w.org\/{rel}","templated":true}]}}