{"id":73440,"date":"2025-02-22T13:04:11","date_gmt":"2025-02-22T13:04:11","guid":{"rendered":"http:\/\/elterritorialweb.com.ar\/web\/?p=73440"},"modified":"2025-02-22T13:04:14","modified_gmt":"2025-02-22T13:04:14","slug":"otra-jornada-calurosa-que-superara-los-40-en-santiago-del-estero","status":"publish","type":"post","link":"https:\/\/elterritorialweb.com.ar\/web\/otra-jornada-calurosa-que-superara-los-40-en-santiago-del-estero\/","title":{"rendered":"OTRA JORNADA CALUROSA QUE SUPERAR\u00c1 LOS 40\u00b0 EN SANTIAGO DEL ESTERO"},"content":{"rendered":"\n<p><strong>Santiago del Estero<\/strong>\u00a0y varias provincias argentinas contin\u00faan sufriendo las insoportables temperaturas de la nueva ola de calor que el Servicio Meteorol\u00f3gico Nacional (SMN) hab\u00eda anunciado.<\/p>\n\n\n\n<p>Seg\u00fan el organismo nacional, para este\u00a0<strong>s\u00e1bado 22 de febrero de 2025<\/strong>\u00a0se espera que la\u00a0<strong>m\u00e1xima supere nuevamente los 40 grados<\/strong>, el cielo permanezca despejado y los vientos soplen del sector noreste.<\/p>\n\n\n\n<p>Para el domingo, el&nbsp;<strong>SMN<\/strong>&nbsp;anticipa condiciones muy parecidas a las de hoy, con una temperatura m\u00ednima de 28 grados y una m\u00e1xima de 38.<\/p>\n\n\n\n<p><strong>En el pron\u00f3stico extendido podemos apreciar c\u00f3mo la ola de calor se mantendr\u00e1 sobre Santiago del Estero, con registros por arriba de los 42 grados<\/strong>.<\/p>\n\n\n\n<figure class=\"wp-block-image size-large\"><a href=\"https:\/\/i0.wp.com\/elterritorialweb.com.ar\/web\/wp-content\/uploads\/2025\/02\/image-7.png\"><img data-recalc-dims=\"1\" decoding=\"async\" width=\"640\" height=\"360\" data-src=\"https:\/\/i0.wp.com\/elterritorialweb.com.ar\/web\/wp-content\/uploads\/2025\/02\/image-7.png?resize=640%2C360\" alt=\"\" class=\"wp-image-73441 lazyload\" data-srcset=\"https:\/\/i0.wp.com\/elterritorialweb.com.ar\/web\/wp-content\/uploads\/2025\/02\/image-7.png?resize=1024%2C576&amp;ssl=1 1024w, https:\/\/i0.wp.com\/elterritorialweb.com.ar\/web\/wp-content\/uploads\/2025\/02\/image-7.png?resize=300%2C169&amp;ssl=1 300w, https:\/\/i0.wp.com\/elterritorialweb.com.ar\/web\/wp-content\/uploads\/2025\/02\/image-7.png?resize=768%2C432&amp;ssl=1 768w, https:\/\/i0.wp.com\/elterritorialweb.com.ar\/web\/wp-content\/uploads\/2025\/02\/image-7.png?w=1200&amp;ssl=1 1200w\" data-sizes=\"(max-width: 640px) 100vw, 640px\" src=\"data:image\/svg+xml;base64,PHN2ZyB3aWR0aD0iMSIgaGVpZ2h0PSIxIiB4bWxucz0iaHR0cDovL3d3dy53My5vcmcvMjAwMC9zdmciPjwvc3ZnPg==\" style=\"--smush-placeholder-width: 640px; --smush-placeholder-aspect-ratio: 640\/360;\" \/><\/a><\/figure>\n\n\n\n<p>La ola de calor se mantendr\u00e1 sobre Santiago del Estero hasta el pr\u00f3ximo jueves.<\/p>\n\n\n\n<p>La esperada baja en la temperatura podr\u00eda darse reci\u00e9n el jueves, d\u00eda en el cual podr\u00edan registrarse algunos chaparrones aislados.<\/p>\n","protected":false},"excerpt":{"rendered":"<p>La nueva ola de calor se hace sentir en gran parte del pa\u00eds. Qu\u00e9 dice el pron\u00f3stico del Servicio Meteorol\u00f3gico Nacional.<\/p>\n","protected":false},"author":2,"featured_media":72181,"comment_status":"open","ping_status":"open","sticky":false,"template":"","format":"standard","meta":{"om_disable_all_campaigns":false,"_monsterinsights_skip_tracking":false,"_monsterinsights_sitenote_active":false,"_monsterinsights_sitenote_note":"","_monsterinsights_sitenote_category":0,"_uf_show_specific_survey":0,"_uf_disable_surveys":false,"jetpack_post_was_ever_published":false,"_jetpack_newsletter_access":"","_jetpack_dont_email_post_to_subs":false,"_jetpack_newsletter_tier_id":0,"_jetpack_memberships_contains_paywalled_content":false,"_jetpack_memberships_contains_paid_content":false,"footnotes":"","jetpack_publicize_message":"","jetpack_publicize_feature_enabled":true,"jetpack_social_post_already_shared":false,"jetpack_social_options":{"image_generator_settings":{"template":"highway","enabled":false},"version":2}},"categories":[4,21],"tags":[1123,1124],"class_list":["post-73440","post","type-post","status-publish","format-standard","has-post-thumbnail","hentry","category-destacadas","category-locales","tag-clima","tag-datos-del-tiempo"],"aioseo_notices":[],"views":20,"jetpack_publicize_connections":[],"jetpack_featured_media_url":"https:\/\/i0.wp.com\/elterritorialweb.com.ar\/web\/wp-content\/uploads\/2024\/12\/CLIMA-EN-SANTIAGO.jpg?fit=1280%2C720&ssl=1","jetpack_sharing_enabled":true,"_links":{"self":[{"href":"https:\/\/elterritorialweb.com.ar\/web\/wp-json\/wp\/v2\/posts\/73440","targetHints":{"allow":["GET"]}}],"collection":[{"href":"https:\/\/elterritorialweb.com.ar\/web\/wp-json\/wp\/v2\/posts"}],"about":[{"href":"https:\/\/elterritorialweb.com.ar\/web\/wp-json\/wp\/v2\/types\/post"}],"author":[{"embeddable":true,"href":"https:\/\/elterritorialweb.com.ar\/web\/wp-json\/wp\/v2\/users\/2"}],"replies":[{"embeddable":true,"href":"https:\/\/elterritorialweb.com.ar\/web\/wp-json\/wp\/v2\/comments?post=73440"}],"version-history":[{"count":2,"href":"https:\/\/elterritorialweb.com.ar\/web\/wp-json\/wp\/v2\/posts\/73440\/revisions"}],"predecessor-version":[{"id":73443,"href":"https:\/\/elterritorialweb.com.ar\/web\/wp-json\/wp\/v2\/posts\/73440\/revisions\/73443"}],"wp:featuredmedia":[{"embeddable":true,"href":"https:\/\/elterritorialweb.com.ar\/web\/wp-json\/wp\/v2\/media\/72181"}],"wp:attachment":[{"href":"https:\/\/elterritorialweb.com.ar\/web\/wp-json\/wp\/v2\/media?parent=73440"}],"wp:term":[{"taxonomy":"category","embeddable":true,"href":"https:\/\/elterritorialweb.com.ar\/web\/wp-json\/wp\/v2\/categories?post=73440"},{"taxonomy":"post_tag","embeddable":true,"href":"https:\/\/elterritorialweb.com.ar\/web\/wp-json\/wp\/v2\/tags?post=73440"}],"curies":[{"name":"wp","href":"https:\/\/api.w.org\/{rel}","templated":true}]}}