{"id":73465,"date":"2025-02-24T11:42:18","date_gmt":"2025-02-24T11:42:18","guid":{"rendered":"http:\/\/elterritorialweb.com.ar\/web\/?p=73465"},"modified":"2025-02-24T11:43:05","modified_gmt":"2025-02-24T11:43:05","slug":"nediani-anuncio-una-serie-de-aumentos-y-beneficios-para-los-empleados-municipales","status":"publish","type":"post","link":"https:\/\/elterritorialweb.com.ar\/web\/nediani-anuncio-una-serie-de-aumentos-y-beneficios-para-los-empleados-municipales\/","title":{"rendered":"NEDIANI ANUNCI\u00d3 UNA SERIE DE AUMENTOS Y BENEFICIOS PARA LOS EMPLEADOS MUNICIPALES"},"content":{"rendered":"\n<p>El jefe comunal junto a su equipo de trabajo siendo responsable con la administraci\u00f3n de los recursos propios del municipio y con la previsi\u00f3n de la situaci\u00f3n econ\u00f3mica a futuro, tom\u00f3 una serie de medidas para darle estabilidad y seguridad econ\u00f3mica a los empleados municipales.<\/p>\n\n\n\n<p>Entre las medidas se destaca:<\/p>\n\n\n\n<ul class=\"wp-block-list\">\n<li>Incremento Adicional equivalente al valor del b\u00e1sico de la categor\u00eda de revista, suma que se incrementar\u00e1 al piso salarial vigente. Valor que se aproximar\u00e1 a 600mil pesos para las categor\u00edas m\u00e1s bajas.<\/li>\n\n\n\n<li>\u2060Para el personal docente se asegura el incremento del \u00edndice y piso salarial establecido por el Gobierno de la Provincia.<\/li>\n\n\n\n<li>Aumento del 100% en la ayuda escolar por hijo que se har\u00e1 efectiva en marzo.<\/li>\n\n\n\n<li>Incremento del 90% para los trabajadores con locaci\u00f3n de servicio.<\/li>\n\n\n\n<li>Adhesi\u00f3n al \u00faltimo incremento correspondiente a las Asignaci\u00f3nes Familiares.<\/li>\n<\/ul>\n\n\n\n<p>En la reuni\u00f3n que se llev\u00f3 a cabo el viernes a la tarde en el sal\u00f3n de acuerdos del municipio bande\u00f1o, estuvieron presentes el intendente, su equipo econ\u00f3mico y los representante de los gremios de SIMUBA, Luis Guzm\u00e1n y SUOEM Luis Rodr\u00edguez.<br>Quienes manifestaron acompa\u00f1amiento a las desiciones del ejecutivo municipal<\/p>\n\n\n\n<p>Cabe destacar que en este encuentro tambi\u00e9n qued\u00f3 establecida una Mesa de Di\u00e1logo que estar\u00e1 integrada por las autoridades del Ejecutivo y Legislativo Municipal y los secretarios de los gremios que representan a los trabajadores municipales.<\/p>\n\n\n\n<p>Los integrantes de la mesa se comprometieron a ir trabajando y resolviendo progresivamente los temas financieros para darle calidad econ\u00f3mica a los empleados municipales.<\/p>\n","protected":false},"excerpt":{"rendered":"<p>El Intendente de la ciudad de La Banda, Ing. Roger Elias Nediani, encabez\u00f3 una reuni\u00f3n con autoridades de los gremios municipales donde anuncio una serie de aumentos salariales y beneficios para los empleados municipales.<\/p>\n","protected":false},"author":2,"featured_media":73466,"comment_status":"open","ping_status":"open","sticky":false,"template":"","format":"standard","meta":{"om_disable_all_campaigns":false,"_monsterinsights_skip_tracking":false,"_monsterinsights_sitenote_active":false,"_monsterinsights_sitenote_note":"","_monsterinsights_sitenote_category":0,"_uf_show_specific_survey":0,"_uf_disable_surveys":false,"jetpack_post_was_ever_published":false,"_jetpack_newsletter_access":"","_jetpack_dont_email_post_to_subs":false,"_jetpack_newsletter_tier_id":0,"_jetpack_memberships_contains_paywalled_content":false,"_jetpack_memberships_contains_paid_content":false,"footnotes":"","jetpack_publicize_message":"","jetpack_publicize_feature_enabled":true,"jetpack_social_post_already_shared":false,"jetpack_social_options":{"image_generator_settings":{"template":"highway","enabled":false},"version":2}},"categories":[9],"tags":[71,51],"class_list":["post-73465","post","type-post","status-publish","format-standard","has-post-thumbnail","hentry","category-banda","tag-municipalidad-de-la-banda","tag-roger-nediani"],"aioseo_notices":[],"views":19,"jetpack_publicize_connections":[],"jetpack_featured_media_url":"https:\/\/i0.wp.com\/elterritorialweb.com.ar\/web\/wp-content\/uploads\/2025\/02\/MUNICIPALIDAD-DE-LA-BANDA.jpg?fit=1600%2C1200&ssl=1","jetpack_sharing_enabled":true,"_links":{"self":[{"href":"https:\/\/elterritorialweb.com.ar\/web\/wp-json\/wp\/v2\/posts\/73465","targetHints":{"allow":["GET"]}}],"collection":[{"href":"https:\/\/elterritorialweb.com.ar\/web\/wp-json\/wp\/v2\/posts"}],"about":[{"href":"https:\/\/elterritorialweb.com.ar\/web\/wp-json\/wp\/v2\/types\/post"}],"author":[{"embeddable":true,"href":"https:\/\/elterritorialweb.com.ar\/web\/wp-json\/wp\/v2\/users\/2"}],"replies":[{"embeddable":true,"href":"https:\/\/elterritorialweb.com.ar\/web\/wp-json\/wp\/v2\/comments?post=73465"}],"version-history":[{"count":2,"href":"https:\/\/elterritorialweb.com.ar\/web\/wp-json\/wp\/v2\/posts\/73465\/revisions"}],"predecessor-version":[{"id":73468,"href":"https:\/\/elterritorialweb.com.ar\/web\/wp-json\/wp\/v2\/posts\/73465\/revisions\/73468"}],"wp:featuredmedia":[{"embeddable":true,"href":"https:\/\/elterritorialweb.com.ar\/web\/wp-json\/wp\/v2\/media\/73466"}],"wp:attachment":[{"href":"https:\/\/elterritorialweb.com.ar\/web\/wp-json\/wp\/v2\/media?parent=73465"}],"wp:term":[{"taxonomy":"category","embeddable":true,"href":"https:\/\/elterritorialweb.com.ar\/web\/wp-json\/wp\/v2\/categories?post=73465"},{"taxonomy":"post_tag","embeddable":true,"href":"https:\/\/elterritorialweb.com.ar\/web\/wp-json\/wp\/v2\/tags?post=73465"}],"curies":[{"name":"wp","href":"https:\/\/api.w.org\/{rel}","templated":true}]}}