{"id":73495,"date":"2025-02-25T20:19:36","date_gmt":"2025-02-25T20:19:36","guid":{"rendered":"http:\/\/elterritorialweb.com.ar\/web\/?p=73495"},"modified":"2025-02-25T20:19:38","modified_gmt":"2025-02-25T20:19:38","slug":"el-general-san-martin-fue-recordado-a-247-anos-de-su-nacimiento","status":"publish","type":"post","link":"https:\/\/elterritorialweb.com.ar\/web\/el-general-san-martin-fue-recordado-a-247-anos-de-su-nacimiento\/","title":{"rendered":"EL GENERAL SAN MART\u00cdN FUE RECORDADO A 247 A\u00d1OS DE SU NACIMIENTO"},"content":{"rendered":"\n<p>El homenaje fue organizado por la<strong> Asociaci\u00f3n de Madres del Barrio San Mart\u00edn<\/strong> y se desarroll\u00f3 en la <strong>plaza ubicada frente a Casa de Gobierno <\/strong>que lleva el nombre del pr\u00f3cer argentino. Fue encabezada por el vicegobernador <strong>Carlos Silva Neder,<\/strong> acompa\u00f1ado por el ministro de la Producci\u00f3n, Recursos Naturales, Forestaci\u00f3n y Tierras, <strong>Miguel Mandrille<\/strong>.<\/p>\n\n\n\n<p>El acto comenz\u00f3 con el<strong> Himno Nacional <\/strong>interpretado por la <strong>Banda de M\u00fasica de la Polic\u00eda de la Provincia.<\/strong><br>Las palabras alusivas estuvieron a cargo de Rita Corbal\u00e1n, de la Asociaci\u00f3n de Madres del Barrio San Mart\u00edn, quien resalt\u00f3 al Padre de la Patria como una de las figuras m\u00e1s trascendentes de las guerras de independencia hispanoamericanas.<\/p>\n\n\n\n<figure class=\"wp-block-image size-large\"><a href=\"https:\/\/i0.wp.com\/elterritorialweb.com.ar\/web\/wp-content\/uploads\/2025\/02\/silva-neder-y-mandrile.jpg\"><img data-recalc-dims=\"1\" decoding=\"async\" width=\"640\" height=\"426\" data-src=\"https:\/\/i0.wp.com\/elterritorialweb.com.ar\/web\/wp-content\/uploads\/2025\/02\/silva-neder-y-mandrile.jpg?resize=640%2C426\" alt=\"\" class=\"wp-image-73496 lazyload\" data-srcset=\"https:\/\/i0.wp.com\/elterritorialweb.com.ar\/web\/wp-content\/uploads\/2025\/02\/silva-neder-y-mandrile.jpg?resize=1024%2C682&amp;ssl=1 1024w, https:\/\/i0.wp.com\/elterritorialweb.com.ar\/web\/wp-content\/uploads\/2025\/02\/silva-neder-y-mandrile.jpg?resize=300%2C200&amp;ssl=1 300w, https:\/\/i0.wp.com\/elterritorialweb.com.ar\/web\/wp-content\/uploads\/2025\/02\/silva-neder-y-mandrile.jpg?resize=768%2C512&amp;ssl=1 768w, https:\/\/i0.wp.com\/elterritorialweb.com.ar\/web\/wp-content\/uploads\/2025\/02\/silva-neder-y-mandrile.jpg?resize=1536%2C1024&amp;ssl=1 1536w, https:\/\/i0.wp.com\/elterritorialweb.com.ar\/web\/wp-content\/uploads\/2025\/02\/silva-neder-y-mandrile.jpg?resize=2048%2C1365&amp;ssl=1 2048w, https:\/\/i0.wp.com\/elterritorialweb.com.ar\/web\/wp-content\/uploads\/2025\/02\/silva-neder-y-mandrile.jpg?w=1280 1280w, https:\/\/i0.wp.com\/elterritorialweb.com.ar\/web\/wp-content\/uploads\/2025\/02\/silva-neder-y-mandrile.jpg?w=1920 1920w\" data-sizes=\"(max-width: 640px) 100vw, 640px\" src=\"data:image\/svg+xml;base64,PHN2ZyB3aWR0aD0iMSIgaGVpZ2h0PSIxIiB4bWxucz0iaHR0cDovL3d3dy53My5vcmcvMjAwMC9zdmciPjwvc3ZnPg==\" style=\"--smush-placeholder-width: 640px; --smush-placeholder-aspect-ratio: 640\/426;\" \/><\/a><\/figure>\n\n\n\n<p>Por su parte, el <strong>vicegobernador<\/strong> manifest\u00f3: <em>\u201cHoy estamos aqu\u00ed en representaci\u00f3n de nuestro gobernador de la provincia, Gerardo Zamora, en el 247\u00b0 aniversario del natalicio de nuestro libertador, el General Jos\u00e9 de San Mart\u00edn; personalidad que ha sabido unificar su misi\u00f3n de todos los argentinos, ideas, gesti\u00f3n, organizador del Ej\u00e9rcito de los Andes, reorganizador del Ej\u00e9rcito Del Norte, libertador de Argentina, Chile y Per\u00fa, a quien le debemos ese ideal y que hoy m\u00e1s que nunca est\u00e1 presente en todos los argentinos\u201d<\/em>.<\/p>\n\n\n\n<p>La ceremonia finaliz\u00f3 con la colocaci\u00f3n de ofrendas florales al pie del monumento del pr\u00f3cer y la entonaci\u00f3n de la Marcha a San Lorenzo.<\/p>\n","protected":false},"excerpt":{"rendered":"<p>Con la presencia de autoridades provinciales, legislativas, municipales, policiales y de las fuerzas armadas, se realiz\u00f3 este martes por la ma\u00f1ana el acto por el 247\u00b0 aniversario del nacimiento del General Jos\u00e9 de San Mart\u00edn.<\/p>\n","protected":false},"author":2,"featured_media":73497,"comment_status":"open","ping_status":"open","sticky":false,"template":"","format":"standard","meta":{"om_disable_all_campaigns":false,"_monsterinsights_skip_tracking":false,"_monsterinsights_sitenote_active":false,"_monsterinsights_sitenote_note":"","_monsterinsights_sitenote_category":0,"_uf_show_specific_survey":0,"_uf_disable_surveys":false,"jetpack_post_was_ever_published":false,"_jetpack_newsletter_access":"","_jetpack_dont_email_post_to_subs":false,"_jetpack_newsletter_tier_id":0,"_jetpack_memberships_contains_paywalled_content":false,"_jetpack_memberships_contains_paid_content":false,"footnotes":"","jetpack_publicize_message":"","jetpack_publicize_feature_enabled":true,"jetpack_social_post_already_shared":false,"jetpack_social_options":{"image_generator_settings":{"template":"highway","enabled":false},"version":2}},"categories":[4,21],"tags":[556,1184,49,100,1052],"class_list":["post-73495","post","type-post","status-publish","format-standard","has-post-thumbnail","hentry","category-destacadas","category-locales","tag-carlos-silva-neder","tag-general-jose-de-san-martin","tag-gobierno-de-santiago-del-estero","tag-homenaje","tag-miguel-mandrile"],"aioseo_notices":[],"views":14,"jetpack_publicize_connections":[],"jetpack_featured_media_url":"https:\/\/i0.wp.com\/elterritorialweb.com.ar\/web\/wp-content\/uploads\/2025\/02\/silva-neder-acto-san-martin.jpg?fit=2560%2C1704&ssl=1","jetpack_sharing_enabled":true,"_links":{"self":[{"href":"https:\/\/elterritorialweb.com.ar\/web\/wp-json\/wp\/v2\/posts\/73495","targetHints":{"allow":["GET"]}}],"collection":[{"href":"https:\/\/elterritorialweb.com.ar\/web\/wp-json\/wp\/v2\/posts"}],"about":[{"href":"https:\/\/elterritorialweb.com.ar\/web\/wp-json\/wp\/v2\/types\/post"}],"author":[{"embeddable":true,"href":"https:\/\/elterritorialweb.com.ar\/web\/wp-json\/wp\/v2\/users\/2"}],"replies":[{"embeddable":true,"href":"https:\/\/elterritorialweb.com.ar\/web\/wp-json\/wp\/v2\/comments?post=73495"}],"version-history":[{"count":2,"href":"https:\/\/elterritorialweb.com.ar\/web\/wp-json\/wp\/v2\/posts\/73495\/revisions"}],"predecessor-version":[{"id":73499,"href":"https:\/\/elterritorialweb.com.ar\/web\/wp-json\/wp\/v2\/posts\/73495\/revisions\/73499"}],"wp:featuredmedia":[{"embeddable":true,"href":"https:\/\/elterritorialweb.com.ar\/web\/wp-json\/wp\/v2\/media\/73497"}],"wp:attachment":[{"href":"https:\/\/elterritorialweb.com.ar\/web\/wp-json\/wp\/v2\/media?parent=73495"}],"wp:term":[{"taxonomy":"category","embeddable":true,"href":"https:\/\/elterritorialweb.com.ar\/web\/wp-json\/wp\/v2\/categories?post=73495"},{"taxonomy":"post_tag","embeddable":true,"href":"https:\/\/elterritorialweb.com.ar\/web\/wp-json\/wp\/v2\/tags?post=73495"}],"curies":[{"name":"wp","href":"https:\/\/api.w.org\/{rel}","templated":true}]}}