{"id":73508,"date":"2025-02-25T21:58:59","date_gmt":"2025-02-25T21:58:59","guid":{"rendered":"http:\/\/elterritorialweb.com.ar\/web\/?p=73508"},"modified":"2025-02-25T21:59:02","modified_gmt":"2025-02-25T21:59:02","slug":"con-un-emotivo-acto-el-municipio-conmemoro-el-247-aniversario-del-natalicio-del-general-san-martin","status":"publish","type":"post","link":"https:\/\/elterritorialweb.com.ar\/web\/con-un-emotivo-acto-el-municipio-conmemoro-el-247-aniversario-del-natalicio-del-general-san-martin\/","title":{"rendered":"CON UN EMOTIVO ACTO EL MUNICIPIO CONMEMOR\u00d3 EL 247\u00b0 ANIVERSARIO DEL NATALICIO DEL GENERAL SAN MART\u00cdN"},"content":{"rendered":"\n<p>Durante el desarrollo del acto, <strong>Graciela Padilla<\/strong>, se\u00f1al\u00f3: <em>\u201cEstamos celebrando un nuevo aniversario del nacimiento del general San Mart\u00edn una figura emblem\u00e1tica para nuestro pa\u00eds quien nos indic\u00f3 el camino de la libertad, de la educaci\u00f3n y por sobre todo de la solidaridad y del pensar en el otro. Este acto no podr\u00eda ser posible sin el acompa\u00f1amiento del municipio bande\u00f1o a trav\u00e9s del poder Ejecutivo y Legislativo quien nos acompa\u00f1a y no ayuda en la difusi\u00f3n de la memoria de un hombre tan importante como lo es el Gral. San Mart\u00edn\u201d.<\/em><\/p>\n\n\n\n<p><em>\u201cLes recordamos a todos los bande\u00f1os que disponemos de una sala-museo d\u00f3nde se da cobija a otras instituciones como la Browniana, G\u00fcemesiana, Belgraniana, y otras m\u00e1s a las que les damos espacio tambi\u00e9n. Sin lugar a dudas es un espacio de arte, historia y cultura para mantener viva lo que fue la lucha por la Independencia. All\u00ed, en la calle Uriarte N\u00b0155 tenemos valiosos elementos hist\u00f3ricos, c\u00f3mo lo es la r\u00e9plica del sable del Libertador, entre otros. Los invitamos a solicitar una visita guiada al 4245038\u201d<\/em>, finaliz\u00f3 Padilla.<\/p>\n\n\n\n<p>Durante el acto, estuvieron presentes como portador de la Bandera de la Naci\u00f3n, el veterano de la Guerra de Malvinas, Hugo Quiroga; como portadora de la Bandera de la Provincia, Ing. Eliana Gramajo, quien asumir\u00e1 pr\u00f3ximamente como presidente de los sanmartinianos; y de la Bandera de La Banda, Sof\u00eda V\u00e1squez, quien representa al sector joven de la asociaci\u00f3n.<\/p>\n\n\n\n<p>En la oportunidad, estuvieron presentes el viceintendente<strong> Gabriel Santill\u00e1n<\/strong>; la subsecretaria de Educaci\u00f3n y Cultura,<strong> Alejandra Far\u00edas<\/strong>; la secretaria de Gobierno, <strong>Victoria Torres<\/strong>; la presidente de la Asociaci\u00f3n Hist\u00f3rica y Cultural Sanmartiniana, <strong>Graciela Padilla<\/strong>; el miembro de la Academia del Instituto Nacional Sanmartiniano de Santiago del Estero, <strong>Jos\u00e9 Olivieri<\/strong>; entre otros.<\/p>\n\n\n\n<p>Asimismo, estuvieron presentes miembros de la Guarnici\u00f3n Santiago del Estero del Ej\u00e9rcito Argentino; Gendarmer\u00eda Nacional; Bomberos Voluntarios de La Banda; integrantes de las asociaciones bande\u00f1as: Browniana, G\u00fcemesiana, Belgraniana, Malvinizadores Santiague\u00f1os, Rotary Club, Biblioteca \u201cDomingo Bravo\u201d, Centro Cultural \u201cHomero Manzi\u201d, y Centro \u201cVivir\u201d.<\/p>\n","protected":false},"excerpt":{"rendered":"<p>En la ma\u00f1ana del martes, la Municipalidad de La Banda junto a la Asociaci\u00f3n Civil y Cultural Sanmartiniana realizaron un emotivo acto de homenaje al 247\u00b0 aniversario del natalicio del Gral. Jos\u00e9 de San Mart\u00edn.<\/p>\n","protected":false},"author":2,"featured_media":73509,"comment_status":"open","ping_status":"open","sticky":false,"template":"","format":"standard","meta":{"om_disable_all_campaigns":false,"_monsterinsights_skip_tracking":false,"_monsterinsights_sitenote_active":false,"_monsterinsights_sitenote_note":"","_monsterinsights_sitenote_category":0,"_uf_show_specific_survey":0,"_uf_disable_surveys":false,"jetpack_post_was_ever_published":false,"_jetpack_newsletter_access":"","_jetpack_dont_email_post_to_subs":false,"_jetpack_newsletter_tier_id":0,"_jetpack_memberships_contains_paywalled_content":false,"_jetpack_memberships_contains_paid_content":false,"footnotes":"","jetpack_publicize_message":"","jetpack_publicize_feature_enabled":true,"jetpack_social_post_already_shared":false,"jetpack_social_options":{"image_generator_settings":{"template":"highway","enabled":false},"version":2}},"categories":[9,4],"tags":[82,1187],"class_list":["post-73508","post","type-post","status-publish","format-standard","has-post-thumbnail","hentry","category-banda","category-destacadas","tag-acto","tag-natalicio-general-jose-de-san-martin"],"aioseo_notices":[],"views":9,"jetpack_publicize_connections":[],"jetpack_featured_media_url":"https:\/\/i0.wp.com\/elterritorialweb.com.ar\/web\/wp-content\/uploads\/2025\/02\/BANDA-ACTO-SAN-MARTIN.jpg?fit=1600%2C1057&ssl=1","jetpack_sharing_enabled":true,"_links":{"self":[{"href":"https:\/\/elterritorialweb.com.ar\/web\/wp-json\/wp\/v2\/posts\/73508","targetHints":{"allow":["GET"]}}],"collection":[{"href":"https:\/\/elterritorialweb.com.ar\/web\/wp-json\/wp\/v2\/posts"}],"about":[{"href":"https:\/\/elterritorialweb.com.ar\/web\/wp-json\/wp\/v2\/types\/post"}],"author":[{"embeddable":true,"href":"https:\/\/elterritorialweb.com.ar\/web\/wp-json\/wp\/v2\/users\/2"}],"replies":[{"embeddable":true,"href":"https:\/\/elterritorialweb.com.ar\/web\/wp-json\/wp\/v2\/comments?post=73508"}],"version-history":[{"count":2,"href":"https:\/\/elterritorialweb.com.ar\/web\/wp-json\/wp\/v2\/posts\/73508\/revisions"}],"predecessor-version":[{"id":73511,"href":"https:\/\/elterritorialweb.com.ar\/web\/wp-json\/wp\/v2\/posts\/73508\/revisions\/73511"}],"wp:featuredmedia":[{"embeddable":true,"href":"https:\/\/elterritorialweb.com.ar\/web\/wp-json\/wp\/v2\/media\/73509"}],"wp:attachment":[{"href":"https:\/\/elterritorialweb.com.ar\/web\/wp-json\/wp\/v2\/media?parent=73508"}],"wp:term":[{"taxonomy":"category","embeddable":true,"href":"https:\/\/elterritorialweb.com.ar\/web\/wp-json\/wp\/v2\/categories?post=73508"},{"taxonomy":"post_tag","embeddable":true,"href":"https:\/\/elterritorialweb.com.ar\/web\/wp-json\/wp\/v2\/tags?post=73508"}],"curies":[{"name":"wp","href":"https:\/\/api.w.org\/{rel}","templated":true}]}}