{"id":73512,"date":"2025-02-25T22:50:37","date_gmt":"2025-02-25T22:50:37","guid":{"rendered":"http:\/\/elterritorialweb.com.ar\/web\/?p=73512"},"modified":"2025-02-25T22:50:39","modified_gmt":"2025-02-25T22:50:39","slug":"condenaron-a-cositorto-a-12-anos-de-prision-por-la-megaestafa-de-generacion-zoe","status":"publish","type":"post","link":"https:\/\/elterritorialweb.com.ar\/web\/condenaron-a-cositorto-a-12-anos-de-prision-por-la-megaestafa-de-generacion-zoe\/","title":{"rendered":"CONDENARON A COSITORTO A 12 A\u00d1OS DE PRISI\u00d3N POR LA MEGAESTAFA DE GENERACI\u00d3N ZOE"},"content":{"rendered":"\n<p>El Tribunal de Justicia de Goya, Corrientes, conden\u00f3 a<strong>\u00a012 a\u00f1os de prisi\u00f3n a Leonardo Cositorto<\/strong>, acusado de liderar la megaestafa piramidal de Generaci\u00f3n Zoe, que dej\u00f3 a decenas de damnificados. Asimismo, los jueces\u00a0<strong>Ricardo Carbajal, Jorge Carbone y Julio Duarte<\/strong>\u00a0dispusieron 8 a\u00f1os de c\u00e1rcel para Maximiliano Javier Batista, Lucas Dami\u00e1n Camelino y Miguel \u00c1ngel Echegaray, todos ellos se\u00f1alados como coautores de la estafa.<\/p>\n\n\n\n<p>Al comienzo de la audiencia de cesura, la Fiscal\u00eda, representada por los doctores Rub\u00e9n Barry y Mar\u00eda Eugenia Ballar\u00e1, hab\u00eda solicitado\u00a0<strong>una pena de 16 a\u00f1os de prisi\u00f3n<\/strong>\u00a0para quien es considerado l\u00edder de una asociaci\u00f3n il\u00edcita y coautor de reiterados fraudes.<\/p>\n\n\n\n<p><strong>Asimismo, los fiscales Barry y Ballar\u00e1&nbsp;<\/strong>pidieron 14 a\u00f1os de prisi\u00f3n para&nbsp;<strong>Batista,<\/strong>&nbsp;12 para&nbsp;<strong>Camelino&nbsp;<\/strong>y 11 para<strong>&nbsp;Echegaray<\/strong>.<\/p>\n\n\n\n<p>Por su parte, la querella, representada por los doctores Pablo Fleitas y William Maidana. solicit\u00f3 la m\u00e1xima pena posible para los cuatro imputados, 16 a\u00f1os de prisi\u00f3n, al considerar que no solo estafaron econ\u00f3micamente a los damnificados, sino que adem\u00e1s&nbsp;<strong>perjudicaron la vida personal de los inversores que apostaron a Generaci\u00f3n Zoe<\/strong>.<\/p>\n\n\n\n<p>Pasado el primer cuarto intermedio, el&nbsp;<strong>doctor Guillermo Dragotto<\/strong>, abogado defensor de Cositorto y Batista, pidi\u00f3 una&nbsp;<strong>pena&nbsp;<em>\u201cjusta y resocializadora\u201d<\/em><\/strong>&nbsp;para sus clientes: 5 a\u00f1os de prisi\u00f3n para el apuntado como el l\u00edder de Generaci\u00f3n Zoe, y 3 para uno de sus principales laderos.<\/p>\n\n\n\n<p>Tal como estaba estipulado, la audiencia de este martes comenz\u00f3 a las 8.30. Cositorto arrib\u00f3 al recinto unos minutos antes, y desde un primer momento exhibi\u00f3 un<strong>&nbsp;rostro de preocupaci\u00f3n<\/strong>, en la v\u00edspera de conocer su sentencia.<\/p>\n","protected":false},"excerpt":{"rendered":"<p>Los jueces del Tribunal de Goya, Corrientes, dispusieron 8 a\u00f1os de c\u00e1rcel para Batista, Camelino y Echegaray, los otros tres imputados por la megaestafa.<\/p>\n","protected":false},"author":2,"featured_media":73513,"comment_status":"open","ping_status":"open","sticky":false,"template":"","format":"standard","meta":{"om_disable_all_campaigns":false,"_monsterinsights_skip_tracking":false,"_monsterinsights_sitenote_active":false,"_monsterinsights_sitenote_note":"","_monsterinsights_sitenote_category":0,"_uf_show_specific_survey":0,"_uf_disable_surveys":false,"jetpack_post_was_ever_published":false,"_jetpack_newsletter_access":"","_jetpack_dont_email_post_to_subs":false,"_jetpack_newsletter_tier_id":0,"_jetpack_memberships_contains_paywalled_content":false,"_jetpack_memberships_contains_paid_content":false,"footnotes":"","jetpack_publicize_message":"","jetpack_publicize_feature_enabled":true,"jetpack_social_post_already_shared":false,"jetpack_social_options":{"image_generator_settings":{"template":"highway","enabled":false},"version":2}},"categories":[4,7],"tags":[1189,1188],"class_list":["post-73512","post","type-post","status-publish","format-standard","has-post-thumbnail","hentry","category-destacadas","category-nacionales","tag-generacion-zoe","tag-leonardo-cositorto"],"aioseo_notices":[],"views":14,"jetpack_publicize_connections":[],"jetpack_featured_media_url":"https:\/\/i0.wp.com\/elterritorialweb.com.ar\/web\/wp-content\/uploads\/2025\/02\/Cositorto.webp?fit=920%2C517&ssl=1","jetpack_sharing_enabled":true,"_links":{"self":[{"href":"https:\/\/elterritorialweb.com.ar\/web\/wp-json\/wp\/v2\/posts\/73512","targetHints":{"allow":["GET"]}}],"collection":[{"href":"https:\/\/elterritorialweb.com.ar\/web\/wp-json\/wp\/v2\/posts"}],"about":[{"href":"https:\/\/elterritorialweb.com.ar\/web\/wp-json\/wp\/v2\/types\/post"}],"author":[{"embeddable":true,"href":"https:\/\/elterritorialweb.com.ar\/web\/wp-json\/wp\/v2\/users\/2"}],"replies":[{"embeddable":true,"href":"https:\/\/elterritorialweb.com.ar\/web\/wp-json\/wp\/v2\/comments?post=73512"}],"version-history":[{"count":2,"href":"https:\/\/elterritorialweb.com.ar\/web\/wp-json\/wp\/v2\/posts\/73512\/revisions"}],"predecessor-version":[{"id":73515,"href":"https:\/\/elterritorialweb.com.ar\/web\/wp-json\/wp\/v2\/posts\/73512\/revisions\/73515"}],"wp:featuredmedia":[{"embeddable":true,"href":"https:\/\/elterritorialweb.com.ar\/web\/wp-json\/wp\/v2\/media\/73513"}],"wp:attachment":[{"href":"https:\/\/elterritorialweb.com.ar\/web\/wp-json\/wp\/v2\/media?parent=73512"}],"wp:term":[{"taxonomy":"category","embeddable":true,"href":"https:\/\/elterritorialweb.com.ar\/web\/wp-json\/wp\/v2\/categories?post=73512"},{"taxonomy":"post_tag","embeddable":true,"href":"https:\/\/elterritorialweb.com.ar\/web\/wp-json\/wp\/v2\/tags?post=73512"}],"curies":[{"name":"wp","href":"https:\/\/api.w.org\/{rel}","templated":true}]}}