{"id":73516,"date":"2025-02-25T23:06:22","date_gmt":"2025-02-25T23:06:22","guid":{"rendered":"http:\/\/elterritorialweb.com.ar\/web\/?p=73516"},"modified":"2025-02-25T23:06:24","modified_gmt":"2025-02-25T23:06:24","slug":"neder-asumio-como-secretario-de-interior-del-pj-nacional","status":"publish","type":"post","link":"https:\/\/elterritorialweb.com.ar\/web\/neder-asumio-como-secretario-de-interior-del-pj-nacional\/","title":{"rendered":"NEDER ASUMI\u00d3 COMO SECRETARIO DE INTERIOR DEL PJ NACIONAL"},"content":{"rendered":"\n<p>El senador nacional y titular del peronismo santiague\u00f1o,\u00a0<strong>Jos\u00e9 Emilio Neder<\/strong>, acompa\u00f1\u00f3 ayer en la mesa principal a Cristina Fern\u00e1ndez de Kirchner durante la primera reuni\u00f3n del\u00a0<strong>Consejo Nacional del PJ<\/strong>, llevada a cabo en la sede porte\u00f1a de calle Matheu.<\/p>\n\n\n\n<p>La fecha fue seleccionada por ser el aniversario del primer triunfo electoral de Juan Domingo Per\u00f3n en 1946. Entre los asuntos tratados se aprob\u00f3 la conformaci\u00f3n de las distintas Secretar\u00edas, como tambi\u00e9n las intervenciones en\u00a0<strong>Jujuy y Corrientes<\/strong>, y la integraci\u00f3n del peronismo en un frente nacional.<\/p>\n\n\n\n<figure class=\"wp-block-image size-large\"><a href=\"https:\/\/i0.wp.com\/elterritorialweb.com.ar\/web\/wp-content\/uploads\/2025\/02\/CRISTINA.jpg\"><img data-recalc-dims=\"1\" decoding=\"async\" width=\"640\" height=\"517\" data-src=\"https:\/\/i0.wp.com\/elterritorialweb.com.ar\/web\/wp-content\/uploads\/2025\/02\/CRISTINA.jpg?resize=640%2C517\" alt=\"\" class=\"wp-image-73518 lazyload\" data-srcset=\"https:\/\/i0.wp.com\/elterritorialweb.com.ar\/web\/wp-content\/uploads\/2025\/02\/CRISTINA.jpg?resize=1024%2C827&amp;ssl=1 1024w, https:\/\/i0.wp.com\/elterritorialweb.com.ar\/web\/wp-content\/uploads\/2025\/02\/CRISTINA.jpg?resize=300%2C242&amp;ssl=1 300w, https:\/\/i0.wp.com\/elterritorialweb.com.ar\/web\/wp-content\/uploads\/2025\/02\/CRISTINA.jpg?resize=768%2C620&amp;ssl=1 768w, https:\/\/i0.wp.com\/elterritorialweb.com.ar\/web\/wp-content\/uploads\/2025\/02\/CRISTINA.jpg?w=1034&amp;ssl=1 1034w\" data-sizes=\"(max-width: 640px) 100vw, 640px\" src=\"data:image\/svg+xml;base64,PHN2ZyB3aWR0aD0iMSIgaGVpZ2h0PSIxIiB4bWxucz0iaHR0cDovL3d3dy53My5vcmcvMjAwMC9zdmciPjwvc3ZnPg==\" style=\"--smush-placeholder-width: 640px; --smush-placeholder-aspect-ratio: 640\/517;\" \/><\/a><\/figure>\n\n\n\n<p>En la oportunidad <strong>Cristina<\/strong> felicit\u00f3 <em>\u201cal PJ santiague\u00f1o, por ser el \u00fanico distrito que en estos \u00faltimos a\u00f1os increment\u00f3 en amplia proporci\u00f3n su padr\u00f3n de afiliados\u201d<\/em>, destacando el protagonismo militante. Adem\u00e1s,\u00a0<strong>se impulsaron proyectos educativos<\/strong>\u00a0como las Escuelas de Formaci\u00f3n, la Universidad Justicialista y el desarrollo de la afiliaci\u00f3n digital.<\/p>\n\n\n\n<figure class=\"wp-block-image size-large\"><a href=\"https:\/\/i0.wp.com\/elterritorialweb.com.ar\/web\/wp-content\/uploads\/2025\/02\/image-9.png\"><img data-recalc-dims=\"1\" decoding=\"async\" width=\"640\" height=\"517\" data-src=\"https:\/\/i0.wp.com\/elterritorialweb.com.ar\/web\/wp-content\/uploads\/2025\/02\/image-9.png?resize=640%2C517\" alt=\"\" class=\"wp-image-73519 lazyload\" data-srcset=\"https:\/\/i0.wp.com\/elterritorialweb.com.ar\/web\/wp-content\/uploads\/2025\/02\/image-9.png?resize=1024%2C827&amp;ssl=1 1024w, https:\/\/i0.wp.com\/elterritorialweb.com.ar\/web\/wp-content\/uploads\/2025\/02\/image-9.png?resize=300%2C242&amp;ssl=1 300w, https:\/\/i0.wp.com\/elterritorialweb.com.ar\/web\/wp-content\/uploads\/2025\/02\/image-9.png?resize=768%2C620&amp;ssl=1 768w, https:\/\/i0.wp.com\/elterritorialweb.com.ar\/web\/wp-content\/uploads\/2025\/02\/image-9.png?w=1034&amp;ssl=1 1034w\" data-sizes=\"(max-width: 640px) 100vw, 640px\" src=\"data:image\/svg+xml;base64,PHN2ZyB3aWR0aD0iMSIgaGVpZ2h0PSIxIiB4bWxucz0iaHR0cDovL3d3dy53My5vcmcvMjAwMC9zdmciPjwvc3ZnPg==\" style=\"--smush-placeholder-width: 640px; --smush-placeholder-aspect-ratio: 640\/517;\" \/><\/a><\/figure>\n\n\n\n<p><em>\u201cSeguiremos trabajando desde una mirada federal, apostando a la formaci\u00f3n, modernizaci\u00f3n y fortalecimiento del Justicialismo, con unidad y compromiso para construir el peronismo que necesita nuestro pa\u00eds\u201d<\/em>, destac\u00f3 Neder, quien en la oportunidad asumi\u00f3 como secretario de Interior en el armado del PJ nacional.<\/p>\n\n\n\n<p><\/p>\n","protected":false},"excerpt":{"rendered":"<p>la asunci\u00f3n se llevo a cabo en la reuni\u00f3n del Consejo Nacional del Partido Justicialista, encabezado por Cristina Kirchner.<\/p>\n","protected":false},"author":2,"featured_media":73517,"comment_status":"open","ping_status":"open","sticky":false,"template":"","format":"standard","meta":{"om_disable_all_campaigns":false,"_monsterinsights_skip_tracking":false,"_monsterinsights_sitenote_active":false,"_monsterinsights_sitenote_note":"","_monsterinsights_sitenote_category":0,"_uf_show_specific_survey":0,"_uf_disable_surveys":false,"jetpack_post_was_ever_published":false,"_jetpack_newsletter_access":"","_jetpack_dont_email_post_to_subs":false,"_jetpack_newsletter_tier_id":0,"_jetpack_memberships_contains_paywalled_content":false,"_jetpack_memberships_contains_paid_content":false,"footnotes":"","jetpack_publicize_message":"","jetpack_publicize_feature_enabled":true,"jetpack_social_post_already_shared":false,"jetpack_social_options":{"image_generator_settings":{"template":"highway","enabled":false},"version":2}},"categories":[4,21],"tags":[85,403,402],"class_list":["post-73516","post","type-post","status-publish","format-standard","has-post-thumbnail","hentry","category-destacadas","category-locales","tag-cristina-kirchner","tag-jose-emilio-neder","tag-partido-justicialista"],"aioseo_notices":[],"views":21,"jetpack_publicize_connections":[],"jetpack_featured_media_url":"https:\/\/i0.wp.com\/elterritorialweb.com.ar\/web\/wp-content\/uploads\/2025\/02\/NEDER.jpg?fit=1007%2C813&ssl=1","jetpack_sharing_enabled":true,"_links":{"self":[{"href":"https:\/\/elterritorialweb.com.ar\/web\/wp-json\/wp\/v2\/posts\/73516","targetHints":{"allow":["GET"]}}],"collection":[{"href":"https:\/\/elterritorialweb.com.ar\/web\/wp-json\/wp\/v2\/posts"}],"about":[{"href":"https:\/\/elterritorialweb.com.ar\/web\/wp-json\/wp\/v2\/types\/post"}],"author":[{"embeddable":true,"href":"https:\/\/elterritorialweb.com.ar\/web\/wp-json\/wp\/v2\/users\/2"}],"replies":[{"embeddable":true,"href":"https:\/\/elterritorialweb.com.ar\/web\/wp-json\/wp\/v2\/comments?post=73516"}],"version-history":[{"count":2,"href":"https:\/\/elterritorialweb.com.ar\/web\/wp-json\/wp\/v2\/posts\/73516\/revisions"}],"predecessor-version":[{"id":73521,"href":"https:\/\/elterritorialweb.com.ar\/web\/wp-json\/wp\/v2\/posts\/73516\/revisions\/73521"}],"wp:featuredmedia":[{"embeddable":true,"href":"https:\/\/elterritorialweb.com.ar\/web\/wp-json\/wp\/v2\/media\/73517"}],"wp:attachment":[{"href":"https:\/\/elterritorialweb.com.ar\/web\/wp-json\/wp\/v2\/media?parent=73516"}],"wp:term":[{"taxonomy":"category","embeddable":true,"href":"https:\/\/elterritorialweb.com.ar\/web\/wp-json\/wp\/v2\/categories?post=73516"},{"taxonomy":"post_tag","embeddable":true,"href":"https:\/\/elterritorialweb.com.ar\/web\/wp-json\/wp\/v2\/tags?post=73516"}],"curies":[{"name":"wp","href":"https:\/\/api.w.org\/{rel}","templated":true}]}}