{"id":73545,"date":"2025-02-27T01:13:52","date_gmt":"2025-02-27T01:13:52","guid":{"rendered":"http:\/\/elterritorialweb.com.ar\/web\/?p=73545"},"modified":"2025-02-27T01:13:55","modified_gmt":"2025-02-27T01:13:55","slug":"neme-y-floridia-se-reunieron-con-el-nuevo-delegado-del-ejercito-argentino-en-santiago-del-estero","status":"publish","type":"post","link":"https:\/\/elterritorialweb.com.ar\/web\/neme-y-floridia-se-reunieron-con-el-nuevo-delegado-del-ejercito-argentino-en-santiago-del-estero\/","title":{"rendered":"NEME Y FLORIDIA SE REUNIERON CON EL NUEVO DELEGADO DEL EJ\u00c9RCITO ARGENTINO EN SANTIAGO DEL ESTERO"},"content":{"rendered":"\n<p>En una visita de marco protocolar, los referentes de la UCR, y luego del di\u00e1logo mantenido, manifestaron su anhelo de generar acciones, como proyectos, que beneficien a la comunidad toda, a los efectos de trabajar de manera mancomunada desde el cuerpo deliberativo como as\u00ed tambi\u00e9n en diputados.<\/p>\n\n\n\n<p>Por su parte, el Coronel Diaz agradeci\u00f3 la visita de la edil Cecilia Neme y el diputado Floridia; oportunidad en que puso de manifiesto el trabajo que se viene realizando, adem\u00e1s de manifestarles algunos de los objetivos que se tienen.<\/p>\n\n\n\n<p>Finalmente, el Coronel ratific\u00f3 su deseo de continuar por la misma senda, como lo hizo el anterior delegado del ej\u00e9rcito en la provincia, a la vez, de cumplir funciones y establecer di\u00e1logos, tanto con la provincia como con el municipio.<\/p>\n","protected":false},"excerpt":{"rendered":"<p>La concejal Cecilia Neme y el diputado Gerardo Floridia, referentes de la UCR en la provincia, se reunieron esta ma\u00f1ana, con el recientemente nombrado delegado de Estado Mayor del Ej\u00e9rcito Argentino, Coronel Juan Samuel D\u00edaz, para poner en valor a las fuerzas del ej\u00e9rcito en la provincia.<\/p>\n","protected":false},"author":2,"featured_media":73546,"comment_status":"open","ping_status":"open","sticky":false,"template":"","format":"standard","meta":{"om_disable_all_campaigns":false,"_monsterinsights_skip_tracking":false,"_monsterinsights_sitenote_active":false,"_monsterinsights_sitenote_note":"","_monsterinsights_sitenote_category":0,"_uf_show_specific_survey":0,"_uf_disable_surveys":false,"jetpack_post_was_ever_published":false,"_jetpack_newsletter_access":"","_jetpack_dont_email_post_to_subs":false,"_jetpack_newsletter_tier_id":0,"_jetpack_memberships_contains_paywalled_content":false,"_jetpack_memberships_contains_paid_content":false,"footnotes":"","jetpack_publicize_message":"","jetpack_publicize_feature_enabled":true,"jetpack_social_post_already_shared":false,"jetpack_social_options":{"image_generator_settings":{"template":"highway","enabled":false},"version":2}},"categories":[4,21],"tags":[1193,1194],"class_list":["post-73545","post","type-post","status-publish","format-standard","has-post-thumbnail","hentry","category-destacadas","category-locales","tag-cecilia-neme","tag-gerardo-floridia"],"aioseo_notices":[],"views":15,"jetpack_publicize_connections":[],"jetpack_featured_media_url":"https:\/\/i0.wp.com\/elterritorialweb.com.ar\/web\/wp-content\/uploads\/2025\/02\/neme-floridia-delegado.jpg?fit=1600%2C1363&ssl=1","jetpack_sharing_enabled":true,"_links":{"self":[{"href":"https:\/\/elterritorialweb.com.ar\/web\/wp-json\/wp\/v2\/posts\/73545","targetHints":{"allow":["GET"]}}],"collection":[{"href":"https:\/\/elterritorialweb.com.ar\/web\/wp-json\/wp\/v2\/posts"}],"about":[{"href":"https:\/\/elterritorialweb.com.ar\/web\/wp-json\/wp\/v2\/types\/post"}],"author":[{"embeddable":true,"href":"https:\/\/elterritorialweb.com.ar\/web\/wp-json\/wp\/v2\/users\/2"}],"replies":[{"embeddable":true,"href":"https:\/\/elterritorialweb.com.ar\/web\/wp-json\/wp\/v2\/comments?post=73545"}],"version-history":[{"count":2,"href":"https:\/\/elterritorialweb.com.ar\/web\/wp-json\/wp\/v2\/posts\/73545\/revisions"}],"predecessor-version":[{"id":73548,"href":"https:\/\/elterritorialweb.com.ar\/web\/wp-json\/wp\/v2\/posts\/73545\/revisions\/73548"}],"wp:featuredmedia":[{"embeddable":true,"href":"https:\/\/elterritorialweb.com.ar\/web\/wp-json\/wp\/v2\/media\/73546"}],"wp:attachment":[{"href":"https:\/\/elterritorialweb.com.ar\/web\/wp-json\/wp\/v2\/media?parent=73545"}],"wp:term":[{"taxonomy":"category","embeddable":true,"href":"https:\/\/elterritorialweb.com.ar\/web\/wp-json\/wp\/v2\/categories?post=73545"},{"taxonomy":"post_tag","embeddable":true,"href":"https:\/\/elterritorialweb.com.ar\/web\/wp-json\/wp\/v2\/tags?post=73545"}],"curies":[{"name":"wp","href":"https:\/\/api.w.org\/{rel}","templated":true}]}}