{"id":73553,"date":"2025-02-28T23:20:52","date_gmt":"2025-02-28T23:20:52","guid":{"rendered":"http:\/\/elterritorialweb.com.ar\/web\/?p=73553"},"modified":"2025-02-28T23:20:54","modified_gmt":"2025-02-28T23:20:54","slug":"el-carnaval-siestero-cierra-al-ritmo-de-la-musica-tropical-guarachas-y-folclore","status":"publish","type":"post","link":"https:\/\/elterritorialweb.com.ar\/web\/el-carnaval-siestero-cierra-al-ritmo-de-la-musica-tropical-guarachas-y-folclore\/","title":{"rendered":"EL CARNAVAL SIESTERO CIERRA AL RITMO DE LA M\u00daSICA TROPICAL, GUARACHAS Y FOLCLORE"},"content":{"rendered":"\n<p>Con las actuaciones de <strong>Tony \u00c1ngel<\/strong>, <strong>Los Capis, Franco Arroyo y Los Santiague\u00f1os del R\u00edo<\/strong>, el <strong>Carnaval Siestero<\/strong> con las actuaciones de estos artistas que conquistaron las listas de popularidad del pa\u00eds y prometen un recorrido sonoro lleno de diversi\u00f3n.<\/p>\n\n\n\n<p>El \u00faltimo domingo de carnaval ser\u00e1 la nueva oportunidad para que el p\u00fablico disfrute en un ambiente familiar de los mejores espect\u00e1culos musicales en vivo en el escenario montado en el complejo ubicado en la <strong>autopista Juan Domingo Per\u00f3n, a la par de Sky Club.\u00a0<\/strong><\/p>\n\n\n\n<p>El reconocido m\u00fasico tropical <strong>Tony \u00c1ngel, <\/strong>due\u00f1o de una incre\u00edble voz y un carisma \u00fanico, regresa a la provincia para celebrar el carnaval con los santiague\u00f1os y entregar esa calidez que trasciende el escenario.<\/p>\n\n\n\n<p>Por su parte, el cantautor tucumano <strong>Franco Arroyo<\/strong> se presentar\u00e1 como parte de una gira que lo encuentra recorriendo diversos escenarios de Santiago del Estero, en su provincia natal Tucum\u00e1n y Buenos Aires. Con los sones de su cumbia rom\u00e1ntica, Arroyo llega para conquistar el coraz\u00f3n de sus fans santiague\u00f1as.<\/p>\n\n\n\n<p>Mientras que<strong> Los Capis<\/strong>, grupo guarachero nacido en la <strong>\u201cCuna de Poetas y Cantores\u201d<\/strong>, repasar\u00e1 todos sus grandes \u00e9xitos que presentan en sus conciertos multitudinarios en cuantos lugares se presentan.<\/p>\n\n\n\n<p>En tanto, <strong>Los Santiague\u00f1os del R\u00edo<\/strong> le pondr\u00e1n el toque folcl\u00f3rico al <strong>Carnaval Siestero<\/strong>. Con m\u00e1s de 30 a\u00f1os de trayectoria, siguen en el camino, y esta vez realizar\u00e1n un recorrido por su reconocido repertorio de canciones.<\/p>\n\n\n\n<p>El <strong>Carnaval Siestero<\/strong> abrir\u00e1 sus puertas este <strong>domingo a las 17 y se extender\u00e1 hasta la medianoche<\/strong>. Nuevamente habr\u00e1 destacadas promociones con <strong>entradas gratis hasta las 18;<\/strong> mientras que las anticipadas se pueden adquirir a trav\u00e9s de los RR.PP y las cuentas oficiales en Instragram: <a href=\"https:\/\/www.instagram.com\/carnaval.siestero\/\" title=\"@carnaval.siestero\">@carnaval.siestero<\/a> y <a href=\"https:\/\/www.instagram.com\/crashon.sgo\/\" title=\"@crashon.sgo\">@crashon.sgo<\/a>.<\/p>\n\n\n\n<p><\/p>\n","protected":false},"excerpt":{"rendered":"<p>Luego de un mes con lo mejor de la m\u00fasica popular argentina, el Carnaval Siestero 2025 llega a su fin este domingo 2 de marzo con una cartelera que promete llevar\u00e1 a su p\u00fablico un cierre imperdible al ritmo de la cumbia, guarachas y folclore.<\/p>\n","protected":false},"author":2,"featured_media":73554,"comment_status":"open","ping_status":"open","sticky":false,"template":"","format":"standard","meta":{"om_disable_all_campaigns":false,"_monsterinsights_skip_tracking":false,"_monsterinsights_sitenote_active":false,"_monsterinsights_sitenote_note":"","_monsterinsights_sitenote_category":0,"_uf_show_specific_survey":0,"_uf_disable_surveys":false,"jetpack_post_was_ever_published":false,"_jetpack_newsletter_access":"","_jetpack_dont_email_post_to_subs":false,"_jetpack_newsletter_tier_id":0,"_jetpack_memberships_contains_paywalled_content":false,"_jetpack_memberships_contains_paid_content":false,"footnotes":"","jetpack_publicize_message":"","jetpack_publicize_feature_enabled":true,"jetpack_social_post_already_shared":false,"jetpack_social_options":{"image_generator_settings":{"template":"highway","enabled":false},"version":2}},"categories":[4,20],"tags":[1154],"class_list":["post-73553","post","type-post","status-publish","format-standard","has-post-thumbnail","hentry","category-destacadas","category-especysociales","tag-carnaval-siestero"],"aioseo_notices":[],"views":10,"jetpack_publicize_connections":[],"jetpack_featured_media_url":"https:\/\/i0.wp.com\/elterritorialweb.com.ar\/web\/wp-content\/uploads\/2025\/02\/CarnavalSiesteroFranco-copia.png?fit=637%2C395&ssl=1","jetpack_sharing_enabled":true,"_links":{"self":[{"href":"https:\/\/elterritorialweb.com.ar\/web\/wp-json\/wp\/v2\/posts\/73553","targetHints":{"allow":["GET"]}}],"collection":[{"href":"https:\/\/elterritorialweb.com.ar\/web\/wp-json\/wp\/v2\/posts"}],"about":[{"href":"https:\/\/elterritorialweb.com.ar\/web\/wp-json\/wp\/v2\/types\/post"}],"author":[{"embeddable":true,"href":"https:\/\/elterritorialweb.com.ar\/web\/wp-json\/wp\/v2\/users\/2"}],"replies":[{"embeddable":true,"href":"https:\/\/elterritorialweb.com.ar\/web\/wp-json\/wp\/v2\/comments?post=73553"}],"version-history":[{"count":1,"href":"https:\/\/elterritorialweb.com.ar\/web\/wp-json\/wp\/v2\/posts\/73553\/revisions"}],"predecessor-version":[{"id":73555,"href":"https:\/\/elterritorialweb.com.ar\/web\/wp-json\/wp\/v2\/posts\/73553\/revisions\/73555"}],"wp:featuredmedia":[{"embeddable":true,"href":"https:\/\/elterritorialweb.com.ar\/web\/wp-json\/wp\/v2\/media\/73554"}],"wp:attachment":[{"href":"https:\/\/elterritorialweb.com.ar\/web\/wp-json\/wp\/v2\/media?parent=73553"}],"wp:term":[{"taxonomy":"category","embeddable":true,"href":"https:\/\/elterritorialweb.com.ar\/web\/wp-json\/wp\/v2\/categories?post=73553"},{"taxonomy":"post_tag","embeddable":true,"href":"https:\/\/elterritorialweb.com.ar\/web\/wp-json\/wp\/v2\/tags?post=73553"}],"curies":[{"name":"wp","href":"https:\/\/api.w.org\/{rel}","templated":true}]}}