{"id":73556,"date":"2025-02-28T23:37:38","date_gmt":"2025-02-28T23:37:38","guid":{"rendered":"http:\/\/elterritorialweb.com.ar\/web\/?p=73556"},"modified":"2025-02-28T23:37:52","modified_gmt":"2025-02-28T23:37:52","slug":"sumo-x-pettinato-llega-a-santiago-rock-festival","status":"publish","type":"post","link":"https:\/\/elterritorialweb.com.ar\/web\/sumo-x-pettinato-llega-a-santiago-rock-festival\/","title":{"rendered":"\u00abSUMO X PETTINATO\u00bb LLEGA A SANTIAGO ROCK FESTIVAL"},"content":{"rendered":"\n<p><br>El festival reunir\u00e1 a cinco bandas destacadas, entre ellas <strong>\u2018Sumo X Pettinato\u2019<\/strong>, que traer\u00e1 su inconfundible estilo de rock fusionado con diversos g\u00e9neros musicales, un proyecto que el m\u00fasico,<strong> ex integrante de la m\u00edtica banda liderada por Luca Prodan<\/strong>, viene llevando adelante con \u00e9xito.<\/p>\n\n\n\n<p>Adem\u00e1s, el p\u00fablico disfrutar\u00e1 las presentaciones de <strong>\u2018Condenados del Rock\u2019<\/strong>, banda tributo a los legendarios \u2018Patricio Rey y sus Redonditos de Ricota\u2019, y <strong>\u2018Aplanadores\u2019<\/strong>, que rendir\u00e1 homenaje a \u2018Divididos\u2019.<br>Tambi\u00e9n dir\u00e1n presente desde Tucum\u00e1n <strong>\u2018La Ribera\u2019<\/strong> y <strong>\u2018Polarizados\u2019<\/strong>, completando una grilla de primer nivel.\u00a0<\/p>\n\n\n\n<p>Desde la organizaci\u00f3n informaron que las <strong>entradas anticipadas disponibles a $10.000<\/strong> en distintos puntos de venta oficiales que detallamos a continuaci\u00f3n:<br><br>*Charly Vasquez \/3855716545<br>*Claudio Paz Heredia \/3855051537<br>*Chichon 3854092206 (La Banda)<br>*Doc. Aguja -Juncal nro 635 barrio Cabildo<br>*La Finca &#8211; Olaechea 1023 (entre Catamarca y Alsina)<br>*Black Rock- Pellegrini 125 galeria Miguelito local 26<br>*LyM -local 7 galer\u00eda Santiago<br>*Prince verduleria- Mza A lote 22 barrio Los Flores, camino a la costa y calle R\u00edo Dulce<br>*Dory Verduleria- Rivadavia y Moreno<br>*Kiosko Vikipri -Aristobulo del Valle y Gobernador Taboada (La Banda)<\/p>\n","protected":false},"excerpt":{"rendered":"<p>El pr\u00f3ximo 8 de marzo, a partir de las 20 horas, los amantes del rock nacional podr\u00e1n disfrutar de un evento imperdible: el Santiago Rock Festival. La cita ser\u00e1 en Tinkuy, que se convertir\u00e1 en el epicentro de una jornada cargada de energ\u00eda y m\u00fasica en vivo.\u00a0<\/p>\n","protected":false},"author":2,"featured_media":73557,"comment_status":"open","ping_status":"open","sticky":false,"template":"","format":"standard","meta":{"om_disable_all_campaigns":false,"_monsterinsights_skip_tracking":false,"_monsterinsights_sitenote_active":false,"_monsterinsights_sitenote_note":"","_monsterinsights_sitenote_category":0,"_uf_show_specific_survey":0,"_uf_disable_surveys":false,"jetpack_post_was_ever_published":false,"_jetpack_newsletter_access":"","_jetpack_dont_email_post_to_subs":false,"_jetpack_newsletter_tier_id":0,"_jetpack_memberships_contains_paywalled_content":false,"_jetpack_memberships_contains_paid_content":false,"footnotes":"","jetpack_publicize_message":"","jetpack_publicize_feature_enabled":true,"jetpack_social_post_already_shared":false,"jetpack_social_options":{"image_generator_settings":{"template":"highway","enabled":false},"version":2}},"categories":[4,20],"tags":[1195],"class_list":["post-73556","post","type-post","status-publish","format-standard","has-post-thumbnail","hentry","category-destacadas","category-especysociales","tag-santiago-rock-festival"],"aioseo_notices":[],"views":81,"jetpack_publicize_connections":[],"jetpack_featured_media_url":"https:\/\/i0.wp.com\/elterritorialweb.com.ar\/web\/wp-content\/uploads\/2025\/02\/pettinato-e1740785779902.jpg?fit=575%2C444&ssl=1","jetpack_sharing_enabled":true,"_links":{"self":[{"href":"https:\/\/elterritorialweb.com.ar\/web\/wp-json\/wp\/v2\/posts\/73556","targetHints":{"allow":["GET"]}}],"collection":[{"href":"https:\/\/elterritorialweb.com.ar\/web\/wp-json\/wp\/v2\/posts"}],"about":[{"href":"https:\/\/elterritorialweb.com.ar\/web\/wp-json\/wp\/v2\/types\/post"}],"author":[{"embeddable":true,"href":"https:\/\/elterritorialweb.com.ar\/web\/wp-json\/wp\/v2\/users\/2"}],"replies":[{"embeddable":true,"href":"https:\/\/elterritorialweb.com.ar\/web\/wp-json\/wp\/v2\/comments?post=73556"}],"version-history":[{"count":2,"href":"https:\/\/elterritorialweb.com.ar\/web\/wp-json\/wp\/v2\/posts\/73556\/revisions"}],"predecessor-version":[{"id":73559,"href":"https:\/\/elterritorialweb.com.ar\/web\/wp-json\/wp\/v2\/posts\/73556\/revisions\/73559"}],"wp:featuredmedia":[{"embeddable":true,"href":"https:\/\/elterritorialweb.com.ar\/web\/wp-json\/wp\/v2\/media\/73557"}],"wp:attachment":[{"href":"https:\/\/elterritorialweb.com.ar\/web\/wp-json\/wp\/v2\/media?parent=73556"}],"wp:term":[{"taxonomy":"category","embeddable":true,"href":"https:\/\/elterritorialweb.com.ar\/web\/wp-json\/wp\/v2\/categories?post=73556"},{"taxonomy":"post_tag","embeddable":true,"href":"https:\/\/elterritorialweb.com.ar\/web\/wp-json\/wp\/v2\/tags?post=73556"}],"curies":[{"name":"wp","href":"https:\/\/api.w.org\/{rel}","templated":true}]}}