{"id":73581,"date":"2025-03-01T22:45:04","date_gmt":"2025-03-01T22:45:04","guid":{"rendered":"http:\/\/elterritorialweb.com.ar\/web\/?p=73581"},"modified":"2025-03-01T22:45:13","modified_gmt":"2025-03-01T22:45:13","slug":"el-gobernador-zamora-recibio-al-doctor-soldado-y-a-miembros-de-su-fundacion","status":"publish","type":"post","link":"https:\/\/elterritorialweb.com.ar\/web\/el-gobernador-zamora-recibio-al-doctor-soldado-y-a-miembros-de-su-fundacion\/","title":{"rendered":"EL GOBERNADOR ZAMORA RECIBI\u00d3 AL DOCTOR SOLDADO Y A MIEMBROS DE SU FUNDACI\u00d3N"},"content":{"rendered":"\n<p>Del encuentro participaron tambi\u00e9n las ministras de Salud,<strong> Natividad Nassif,<\/strong> y de Justicia, <strong>Matilde O&#8217;Mill<\/strong>; el secretario de Salud, <strong>Gustavo Sabalza<\/strong>; la directora ejecutiva del Cepsi, <strong>Liliana Romero<\/strong>, y la directora m\u00e9dica, <strong>Mar\u00eda Eugenia Gauna<\/strong>.<\/p>\n\n\n\n<p>Adem\u00e1s, estuvieron los profesionales de la fundaci\u00f3n que forman parte de la misi\u00f3n,<strong> Claudio Brahim; Juan Jos\u00e9 Targa Villalba; Marcelo Beban; Federico Reinares; Andr\u00e9s Ferreyra; Makarena Carabajal y Evelyn Tovar.<\/strong><\/p>\n\n\n\n<figure class=\"wp-block-image size-large\"><a href=\"https:\/\/i0.wp.com\/elterritorialweb.com.ar\/web\/wp-content\/uploads\/2025\/03\/ZAMORA-DR-SOLDADO.jpeg\"><img data-recalc-dims=\"1\" decoding=\"async\" width=\"640\" height=\"426\" data-src=\"https:\/\/i0.wp.com\/elterritorialweb.com.ar\/web\/wp-content\/uploads\/2025\/03\/ZAMORA-DR-SOLDADO.jpeg?resize=640%2C426\" alt=\"\" class=\"wp-image-73582 lazyload\" data-srcset=\"https:\/\/i0.wp.com\/elterritorialweb.com.ar\/web\/wp-content\/uploads\/2025\/03\/ZAMORA-DR-SOLDADO.jpeg?resize=1024%2C682&amp;ssl=1 1024w, https:\/\/i0.wp.com\/elterritorialweb.com.ar\/web\/wp-content\/uploads\/2025\/03\/ZAMORA-DR-SOLDADO.jpeg?resize=300%2C200&amp;ssl=1 300w, https:\/\/i0.wp.com\/elterritorialweb.com.ar\/web\/wp-content\/uploads\/2025\/03\/ZAMORA-DR-SOLDADO.jpeg?resize=768%2C512&amp;ssl=1 768w, https:\/\/i0.wp.com\/elterritorialweb.com.ar\/web\/wp-content\/uploads\/2025\/03\/ZAMORA-DR-SOLDADO.jpeg?resize=1536%2C1023&amp;ssl=1 1536w, https:\/\/i0.wp.com\/elterritorialweb.com.ar\/web\/wp-content\/uploads\/2025\/03\/ZAMORA-DR-SOLDADO.jpeg?w=1600&amp;ssl=1 1600w, https:\/\/i0.wp.com\/elterritorialweb.com.ar\/web\/wp-content\/uploads\/2025\/03\/ZAMORA-DR-SOLDADO.jpeg?w=1280 1280w\" data-sizes=\"(max-width: 640px) 100vw, 640px\" src=\"data:image\/svg+xml;base64,PHN2ZyB3aWR0aD0iMSIgaGVpZ2h0PSIxIiB4bWxucz0iaHR0cDovL3d3dy53My5vcmcvMjAwMC9zdmciPjwvc3ZnPg==\" style=\"--smush-placeholder-width: 640px; --smush-placeholder-aspect-ratio: 640\/426;\" \/><\/a><\/figure>\n\n\n\n<p>Durante el encuentro, los especialistas brindaron detalles de estas jornadas que consistieron en la realizaci\u00f3n de cirug\u00edas complejas de miembros superiores, de manera solidaria, a ni\u00f1os con patolog\u00edas como par\u00e1lisis braquial obst\u00e9trica, malformaciones cong\u00e9nitas, par\u00e1lisis del miembro superior y par\u00e1lisis cerebral.<\/p>\n\n\n\n<p>Es de destacar que se brind\u00f3 atenci\u00f3n a chicos de Capital, Fr\u00edas, Villa Ojo de Agua, Colonia Dora, Los N\u00fa\u00f1ez, Clodomira, Robles, Fern\u00e1ndez, Real Sayana, Las Termas, Figueroa, Pampa de los Guanacos, Los Cardozo, Estaci\u00f3n Taboada, Suncho Corral, Forres, Los Quiroga, A\u00f1atuya, Las Tinajas, entre otras localidades santiague\u00f1as. Como tambi\u00e9n de Buenos Aires, Bah\u00eda Blanca, Mendoza, San Juan, Santa Fe, Mar del Plata, C\u00f3rdoba, Tucum\u00e1n, Salta y La Rioja.<\/p>\n\n\n\n<figure class=\"wp-block-image size-large\"><a href=\"https:\/\/i0.wp.com\/elterritorialweb.com.ar\/web\/wp-content\/uploads\/2025\/03\/image-2.png\"><img data-recalc-dims=\"1\" decoding=\"async\" width=\"640\" height=\"426\" data-src=\"https:\/\/i0.wp.com\/elterritorialweb.com.ar\/web\/wp-content\/uploads\/2025\/03\/image-2.png?resize=640%2C426\" alt=\"\" class=\"wp-image-73584 lazyload\" data-srcset=\"https:\/\/i0.wp.com\/elterritorialweb.com.ar\/web\/wp-content\/uploads\/2025\/03\/image-2.png?resize=1024%2C682&amp;ssl=1 1024w, https:\/\/i0.wp.com\/elterritorialweb.com.ar\/web\/wp-content\/uploads\/2025\/03\/image-2.png?resize=300%2C200&amp;ssl=1 300w, https:\/\/i0.wp.com\/elterritorialweb.com.ar\/web\/wp-content\/uploads\/2025\/03\/image-2.png?resize=768%2C512&amp;ssl=1 768w, https:\/\/i0.wp.com\/elterritorialweb.com.ar\/web\/wp-content\/uploads\/2025\/03\/image-2.png?w=1280&amp;ssl=1 1280w\" data-sizes=\"(max-width: 640px) 100vw, 640px\" src=\"data:image\/svg+xml;base64,PHN2ZyB3aWR0aD0iMSIgaGVpZ2h0PSIxIiB4bWxucz0iaHR0cDovL3d3dy53My5vcmcvMjAwMC9zdmciPjwvc3ZnPg==\" style=\"--smush-placeholder-width: 640px; --smush-placeholder-aspect-ratio: 640\/426;\" \/><\/a><\/figure>\n\n\n\n<p>En este marco contaron que de forma complementaria durante el desarrollo de esta actividad se brinda capacitaci\u00f3n a profesionales locales en t\u00e9cnicas avanzadas.<\/p>\n\n\n\n<p><strong>Soldado<\/strong> inform\u00f3 que la actividad de la fundaci\u00f3n <strong>continuar\u00e1 hasta el 6 de marzo en el Cepsi, <\/strong>donde est\u00e1 previsto realizar intervenciones quir\u00fargicas a m\u00e1s de 50 ni\u00f1os en el transcurso de dos semanas.<br><em>\u00abEl trabajo se ha desarrollado muy bien con colegas de Argentina que forman parte del equipo, y lo m\u00e1s importante, y que tiene mucho m\u00e1s impacto, es ense\u00f1ar y tratar a un ni\u00f1o, ya que se multiplica el efecto de ayudar\u00bb,<\/em> sostuvo el profesional espa\u00f1ol.<\/p>\n","protected":false},"excerpt":{"rendered":"<p>El gobernador Gerardo Zamora recibi\u00f3 este viernes por la tarde en el Sal\u00f3n de Acuerdos de Casa de Gobierno la visita del Dr. Francisco Soldado Carrera, quien se encuentra en Santiago del Estero en el marco de una nueva edici\u00f3n de la Misi\u00f3n Solidaria de Cirug\u00eda y Formaci\u00f3n que lleva adelante la fundaci\u00f3n que lleva su nombre.<\/p>\n","protected":false},"author":2,"featured_media":73583,"comment_status":"open","ping_status":"open","sticky":false,"template":"","format":"standard","meta":{"om_disable_all_campaigns":false,"_monsterinsights_skip_tracking":false,"_monsterinsights_sitenote_active":false,"_monsterinsights_sitenote_note":"","_monsterinsights_sitenote_category":0,"_uf_show_specific_survey":0,"_uf_disable_surveys":false,"jetpack_post_was_ever_published":false,"_jetpack_newsletter_access":"","_jetpack_dont_email_post_to_subs":false,"_jetpack_newsletter_tier_id":0,"_jetpack_memberships_contains_paywalled_content":false,"_jetpack_memberships_contains_paid_content":false,"footnotes":"","jetpack_publicize_message":"","jetpack_publicize_feature_enabled":true,"jetpack_social_post_already_shared":false,"jetpack_social_options":{"image_generator_settings":{"template":"highway","enabled":false},"version":2}},"categories":[4,21],"tags":[1197,59,49],"class_list":["post-73581","post","type-post","status-publish","format-standard","has-post-thumbnail","hentry","category-destacadas","category-locales","tag-dr-francisco-soldado","tag-gerardo-zamora","tag-gobierno-de-santiago-del-estero"],"aioseo_notices":[],"views":14,"jetpack_publicize_connections":[],"jetpack_featured_media_url":"https:\/\/i0.wp.com\/elterritorialweb.com.ar\/web\/wp-content\/uploads\/2025\/03\/ZAMORA-DR-SOLDADO-1.jpeg?fit=1280%2C853&ssl=1","jetpack_sharing_enabled":true,"_links":{"self":[{"href":"https:\/\/elterritorialweb.com.ar\/web\/wp-json\/wp\/v2\/posts\/73581","targetHints":{"allow":["GET"]}}],"collection":[{"href":"https:\/\/elterritorialweb.com.ar\/web\/wp-json\/wp\/v2\/posts"}],"about":[{"href":"https:\/\/elterritorialweb.com.ar\/web\/wp-json\/wp\/v2\/types\/post"}],"author":[{"embeddable":true,"href":"https:\/\/elterritorialweb.com.ar\/web\/wp-json\/wp\/v2\/users\/2"}],"replies":[{"embeddable":true,"href":"https:\/\/elterritorialweb.com.ar\/web\/wp-json\/wp\/v2\/comments?post=73581"}],"version-history":[{"count":2,"href":"https:\/\/elterritorialweb.com.ar\/web\/wp-json\/wp\/v2\/posts\/73581\/revisions"}],"predecessor-version":[{"id":73586,"href":"https:\/\/elterritorialweb.com.ar\/web\/wp-json\/wp\/v2\/posts\/73581\/revisions\/73586"}],"wp:featuredmedia":[{"embeddable":true,"href":"https:\/\/elterritorialweb.com.ar\/web\/wp-json\/wp\/v2\/media\/73583"}],"wp:attachment":[{"href":"https:\/\/elterritorialweb.com.ar\/web\/wp-json\/wp\/v2\/media?parent=73581"}],"wp:term":[{"taxonomy":"category","embeddable":true,"href":"https:\/\/elterritorialweb.com.ar\/web\/wp-json\/wp\/v2\/categories?post=73581"},{"taxonomy":"post_tag","embeddable":true,"href":"https:\/\/elterritorialweb.com.ar\/web\/wp-json\/wp\/v2\/tags?post=73581"}],"curies":[{"name":"wp","href":"https:\/\/api.w.org\/{rel}","templated":true}]}}