{"id":73587,"date":"2025-03-01T23:14:15","date_gmt":"2025-03-01T23:14:15","guid":{"rendered":"http:\/\/elterritorialweb.com.ar\/web\/?p=73587"},"modified":"2025-03-01T23:14:17","modified_gmt":"2025-03-01T23:14:17","slug":"karina-la-princesita-cierra-a-pura-cumbia-el-carnaval-vip-2025-de-crashon","status":"publish","type":"post","link":"https:\/\/elterritorialweb.com.ar\/web\/karina-la-princesita-cierra-a-pura-cumbia-el-carnaval-vip-2025-de-crashon\/","title":{"rendered":"KARINA \u00abLA PRINCESITA\u00bb CIERRA A PURA CUMBIA EL CARNAVAL VIP 2025 DE CRASHON"},"content":{"rendered":"\n<p>Un gran n\u00famero de artistas de lujo ser\u00e1n parte del cierre del <strong>Carnaval VIP 2025 de Crashon<\/strong>, que se realizar\u00e1 en dos noches este <strong>domingo 2 y lunes 3 de marzo<\/strong> y que tendr\u00e1 como una de sus figuras principales a <strong>Karina \u201cLa Princesita\u201d<\/strong>, una de las m\u00e1ximas referentes de la m\u00fasica tropical en Argentina.<\/p>\n\n\n\n<p>Despu\u00e9s de un mes s\u00faper cargado de recitales con carteleras integradas con \u00edconos de la movida tropical, Crashon prepar\u00f3 para el primer fin de semana dos noches que ser\u00e1n imperdibles.<\/p>\n\n\n\n<p>En la previa del feriado, la primera de las dos noches del Carnaval VIP ser\u00e1 este domingo y contar\u00e1 con las actuaciones de <strong>Ariel \u00abEl Traidor\u00bb, Ale V\u00e9liz, Kalama Tropical y Junior<\/strong>. La apertura de puertas ser\u00e1 a las <strong>22 y las damas tendr\u00e1n ingreso gratis hasta la 01.00 de la ma\u00f1ana.<\/strong><\/p>\n\n\n\n<p>Para la segunda noche y cierre de la edici\u00f3n 2025 del Carnaval VIP, el <strong>lunes 3<\/strong> de marzo <strong>Karina \u201cLa Princesita\u201d <\/strong>realizar\u00e1 un show exclusivo, el \u00fanico en Santiago del Estero, que promete contagiar todo el ritmo y la magia que la caracteriza. La misma noche tambi\u00e9n ser\u00e1n parte de la cartelera <strong>Nico Mattioli, Anto Mathei, Damaris y Franco Arroyo.<\/strong><\/p>\n\n\n\n<p>Como en cada presentaci\u00f3n, Karina ofrecer\u00e1 un espect\u00e1culo lleno de pasi\u00f3n y entrega, con canciones que se han convertido en verdaderos himnos para sus fans, como \u201cCon la misma moneda\u201d, \u201cFuera\u201d y \u201cNo se toca\u201d.<\/p>\n\n\n\n<p>Ahora, es el turno de Santiago del Estero de recibir a esta gran artista en una fiesta sin precedentes. Karina \u201cLa Princesita\u201d promete un show cargado de emoci\u00f3n, recordando sus grandes \u00e9xitos y con sorpresas para los asistentes.<\/p>\n\n\n\n<p>Todos aquellos que no quieran quedarse fuera, podr\u00e1n conseguir las entradas anticipadas a trav\u00e9s de los RR.PP y las cuentas oficiales en Instragram: <a href=\"https:\/\/www.instagram.com\/carnaval.siestero\/\" title=\"@carnaval.siestero \">@carnaval.siestero <\/a>y <a href=\"https:\/\/www.instagram.com\/crashon.sgo\/\" title=\"@crashon.sgo\">@crashon.sgo<\/a>.<\/p>\n\n\n\n<p><\/p>\n","protected":false},"excerpt":{"rendered":"<p>Un gran n\u00famero de artistas de lujo ser\u00e1n parte del cierre del Carnaval VIP 2025 de Crashon, que se realizar\u00e1 en dos noches este domingo 2 y lunes 3 de marzo y que tendr\u00e1 como una de sus figuras principales a Karina \u201cLa Princesita\u201d, una de las m\u00e1ximas referentes de la m\u00fasica tropical en Argentina.<\/p>\n","protected":false},"author":2,"featured_media":73588,"comment_status":"open","ping_status":"open","sticky":false,"template":"","format":"standard","meta":{"om_disable_all_campaigns":false,"_monsterinsights_skip_tracking":false,"_monsterinsights_sitenote_active":false,"_monsterinsights_sitenote_note":"","_monsterinsights_sitenote_category":0,"_uf_show_specific_survey":0,"_uf_disable_surveys":false,"jetpack_post_was_ever_published":false,"_jetpack_newsletter_access":"","_jetpack_dont_email_post_to_subs":false,"_jetpack_newsletter_tier_id":0,"_jetpack_memberships_contains_paywalled_content":false,"_jetpack_memberships_contains_paid_content":false,"footnotes":"","jetpack_publicize_message":"","jetpack_publicize_feature_enabled":true,"jetpack_social_post_already_shared":false,"jetpack_social_options":{"image_generator_settings":{"template":"highway","enabled":false},"version":2}},"categories":[4,20],"tags":[1154,1198],"class_list":["post-73587","post","type-post","status-publish","format-standard","has-post-thumbnail","hentry","category-destacadas","category-especysociales","tag-carnaval-siestero","tag-karina-la-princesita"],"aioseo_notices":[],"views":48,"jetpack_publicize_connections":[],"jetpack_featured_media_url":"https:\/\/i0.wp.com\/elterritorialweb.com.ar\/web\/wp-content\/uploads\/2025\/03\/CrashonCIerre.jpg?fit=1024%2C533&ssl=1","jetpack_sharing_enabled":true,"_links":{"self":[{"href":"https:\/\/elterritorialweb.com.ar\/web\/wp-json\/wp\/v2\/posts\/73587","targetHints":{"allow":["GET"]}}],"collection":[{"href":"https:\/\/elterritorialweb.com.ar\/web\/wp-json\/wp\/v2\/posts"}],"about":[{"href":"https:\/\/elterritorialweb.com.ar\/web\/wp-json\/wp\/v2\/types\/post"}],"author":[{"embeddable":true,"href":"https:\/\/elterritorialweb.com.ar\/web\/wp-json\/wp\/v2\/users\/2"}],"replies":[{"embeddable":true,"href":"https:\/\/elterritorialweb.com.ar\/web\/wp-json\/wp\/v2\/comments?post=73587"}],"version-history":[{"count":2,"href":"https:\/\/elterritorialweb.com.ar\/web\/wp-json\/wp\/v2\/posts\/73587\/revisions"}],"predecessor-version":[{"id":73590,"href":"https:\/\/elterritorialweb.com.ar\/web\/wp-json\/wp\/v2\/posts\/73587\/revisions\/73590"}],"wp:featuredmedia":[{"embeddable":true,"href":"https:\/\/elterritorialweb.com.ar\/web\/wp-json\/wp\/v2\/media\/73588"}],"wp:attachment":[{"href":"https:\/\/elterritorialweb.com.ar\/web\/wp-json\/wp\/v2\/media?parent=73587"}],"wp:term":[{"taxonomy":"category","embeddable":true,"href":"https:\/\/elterritorialweb.com.ar\/web\/wp-json\/wp\/v2\/categories?post=73587"},{"taxonomy":"post_tag","embeddable":true,"href":"https:\/\/elterritorialweb.com.ar\/web\/wp-json\/wp\/v2\/tags?post=73587"}],"curies":[{"name":"wp","href":"https:\/\/api.w.org\/{rel}","templated":true}]}}