{"id":73591,"date":"2025-03-01T23:28:55","date_gmt":"2025-03-01T23:28:55","guid":{"rendered":"http:\/\/elterritorialweb.com.ar\/web\/?p=73591"},"modified":"2025-03-01T23:28:57","modified_gmt":"2025-03-01T23:28:57","slug":"la-banda-busca-promover-habitos-alimenticios-saludables-en-la-comunidad","status":"publish","type":"post","link":"https:\/\/elterritorialweb.com.ar\/web\/la-banda-busca-promover-habitos-alimenticios-saludables-en-la-comunidad\/","title":{"rendered":"LA BANDA BUSCA PROMOVER H\u00c1BITOS ALIMENTICIOS SALUDABLES EN LA COMUNIDAD"},"content":{"rendered":"\n<p>En esta ocasi\u00f3n, se llevaron a cabo talleres de nutrici\u00f3n en el CAMM Avenida, CIC San Carlos y, en simult\u00e1neo en la parroquia de Nuestra Se\u00f1ora de Lourdes del barrio El Cruce, acercando informaci\u00f3n clave sobre alimentaci\u00f3n balanceada y prevenci\u00f3n de enfermedades.<\/p>\n\n\n\n<p>Durante los encuentros, los profesionales de la salud abordaron la importancia de mantener una alimentaci\u00f3n equilibrada basada en el consumo de frutas, verduras, cereales y prote\u00ednas saludables, adem\u00e1s de destacar la necesidad de reducir el consumo de az\u00facares, grasas saturadas y ultraprocesados. Tambi\u00e9n se brindaron consejos pr\u00e1cticos sobre c\u00f3mo planificar men\u00fas nutritivos y econ\u00f3micos para toda la familia.<\/p>\n\n\n\n<p>La comunidad barrial particip\u00f3 activamente, realizando consultas y aclarando dudas sobre h\u00e1bitos alimenticios y nutrici\u00f3n infantil, as\u00ed tambi\u00e9n como la prevenci\u00f3n de enfermedades como la obesidad, la diabetes y la hipertensi\u00f3n<\/p>\n\n\n\n<p>Desde la Secretar\u00eda de Salud, bajo la gesti\u00f3n del intendente Ing. Roger E. Nediani, se contin\u00faa trabajando en la concientizaci\u00f3n sobre la importancia de una buena alimentaci\u00f3n como pilar fundamental para el bienestar general, reafirmando el compromiso municipal con la salud integral de los vecinos.<\/p>\n","protected":false},"excerpt":{"rendered":"<p>Por iniciativa del intendente Ing. Roger E. Nediani, la Secretar\u00eda de Salud de la Municipalidad de La Banda contin\u00faa fortaleciendo las acciones comunitarias con el objetivo de promover h\u00e1bitos saludables en toda la poblaci\u00f3n.<\/p>\n","protected":false},"author":2,"featured_media":73592,"comment_status":"open","ping_status":"open","sticky":false,"template":"","format":"standard","meta":{"om_disable_all_campaigns":false,"_monsterinsights_skip_tracking":false,"_monsterinsights_sitenote_active":false,"_monsterinsights_sitenote_note":"","_monsterinsights_sitenote_category":0,"_uf_show_specific_survey":0,"_uf_disable_surveys":false,"jetpack_post_was_ever_published":false,"_jetpack_newsletter_access":"","_jetpack_dont_email_post_to_subs":false,"_jetpack_newsletter_tier_id":0,"_jetpack_memberships_contains_paywalled_content":false,"_jetpack_memberships_contains_paid_content":false,"footnotes":"","jetpack_publicize_message":"","jetpack_publicize_feature_enabled":true,"jetpack_social_post_already_shared":false,"jetpack_social_options":{"image_generator_settings":{"template":"highway","enabled":false},"version":2}},"categories":[9,4],"tags":[71,51],"class_list":["post-73591","post","type-post","status-publish","format-standard","has-post-thumbnail","hentry","category-banda","category-destacadas","tag-municipalidad-de-la-banda","tag-roger-nediani"],"aioseo_notices":[],"views":13,"jetpack_publicize_connections":[],"jetpack_featured_media_url":"https:\/\/i0.wp.com\/elterritorialweb.com.ar\/web\/wp-content\/uploads\/2025\/03\/SECRETARIA-SALUD-BANDA.jpg?fit=951%2C602&ssl=1","jetpack_sharing_enabled":true,"_links":{"self":[{"href":"https:\/\/elterritorialweb.com.ar\/web\/wp-json\/wp\/v2\/posts\/73591","targetHints":{"allow":["GET"]}}],"collection":[{"href":"https:\/\/elterritorialweb.com.ar\/web\/wp-json\/wp\/v2\/posts"}],"about":[{"href":"https:\/\/elterritorialweb.com.ar\/web\/wp-json\/wp\/v2\/types\/post"}],"author":[{"embeddable":true,"href":"https:\/\/elterritorialweb.com.ar\/web\/wp-json\/wp\/v2\/users\/2"}],"replies":[{"embeddable":true,"href":"https:\/\/elterritorialweb.com.ar\/web\/wp-json\/wp\/v2\/comments?post=73591"}],"version-history":[{"count":2,"href":"https:\/\/elterritorialweb.com.ar\/web\/wp-json\/wp\/v2\/posts\/73591\/revisions"}],"predecessor-version":[{"id":73594,"href":"https:\/\/elterritorialweb.com.ar\/web\/wp-json\/wp\/v2\/posts\/73591\/revisions\/73594"}],"wp:featuredmedia":[{"embeddable":true,"href":"https:\/\/elterritorialweb.com.ar\/web\/wp-json\/wp\/v2\/media\/73592"}],"wp:attachment":[{"href":"https:\/\/elterritorialweb.com.ar\/web\/wp-json\/wp\/v2\/media?parent=73591"}],"wp:term":[{"taxonomy":"category","embeddable":true,"href":"https:\/\/elterritorialweb.com.ar\/web\/wp-json\/wp\/v2\/categories?post=73591"},{"taxonomy":"post_tag","embeddable":true,"href":"https:\/\/elterritorialweb.com.ar\/web\/wp-json\/wp\/v2\/tags?post=73591"}],"curies":[{"name":"wp","href":"https:\/\/api.w.org\/{rel}","templated":true}]}}