{"id":73850,"date":"2025-03-12T13:22:01","date_gmt":"2025-03-12T13:22:01","guid":{"rendered":"http:\/\/elterritorialweb.com.ar\/web\/?p=73850"},"modified":"2025-03-12T13:22:41","modified_gmt":"2025-03-12T13:22:41","slug":"miercoles-nublado-y-ventoso-con-una-maxima-de-28-en-santiago-del-estero","status":"publish","type":"post","link":"https:\/\/elterritorialweb.com.ar\/web\/miercoles-nublado-y-ventoso-con-una-maxima-de-28-en-santiago-del-estero\/","title":{"rendered":"MI\u00c9RCOLES NUBLADO Y VENTOSO, CON UNA M\u00c1XIMA DE 28\u00b0 EN SANTIAGO DEL ESTERO"},"content":{"rendered":"\n<p>El<strong>\u00a0Servicio Meteorol\u00f3gico Nacional\u00a0<\/strong>anticipa para este mi\u00e9rcoles en\u00a0<strong>Santiago del Estero\u00a0<\/strong>una ma\u00f1ana con cielo mayormente nublado y r\u00e1fagas de viento del sector noreste.<\/p>\n\n\n\n<p>Hacia la tarde, se espera que estas condiciones contin\u00faen y\u00a0<strong>la temperatura m\u00e1xima alcance los 28\u00baC<\/strong>, de acuerdo a los datos aportados por el organismo.<\/p>\n\n\n\n<p>El\u00a0<strong>pron\u00f3stico extendido<\/strong>\u00a0se\u00f1ala que el jueves la m\u00e1xima trepar\u00e1 hasta los 30\u00baC en una jornada con cielo parcialmente nublado y vientos moderados de direcciones variables.<\/p>\n","protected":false},"excerpt":{"rendered":"<p>Se espera una jornada templada y con cielo mayormente nublado en la Madre de Ciudades.<\/p>\n","protected":false},"author":2,"featured_media":73855,"comment_status":"open","ping_status":"open","sticky":false,"template":"","format":"standard","meta":{"om_disable_all_campaigns":false,"_monsterinsights_skip_tracking":false,"_monsterinsights_sitenote_active":false,"_monsterinsights_sitenote_note":"","_monsterinsights_sitenote_category":0,"_uf_show_specific_survey":0,"_uf_disable_surveys":false,"jetpack_post_was_ever_published":false,"_jetpack_newsletter_access":"","_jetpack_dont_email_post_to_subs":false,"_jetpack_newsletter_tier_id":0,"_jetpack_memberships_contains_paywalled_content":false,"_jetpack_memberships_contains_paid_content":false,"footnotes":"","jetpack_publicize_message":"","jetpack_publicize_feature_enabled":true,"jetpack_social_post_already_shared":false,"jetpack_social_options":{"image_generator_settings":{"template":"highway","enabled":false},"version":2}},"categories":[4,21],"tags":[1123,1124],"class_list":["post-73850","post","type-post","status-publish","format-standard","has-post-thumbnail","hentry","category-destacadas","category-locales","tag-clima","tag-datos-del-tiempo"],"aioseo_notices":[],"views":10,"jetpack_publicize_connections":[],"jetpack_featured_media_url":"https:\/\/i0.wp.com\/elterritorialweb.com.ar\/web\/wp-content\/uploads\/2025\/03\/WhatsApp-Image-2025-03-12-at-10.10.07-e1741785574535.jpeg?fit=940%2C678&ssl=1","jetpack_sharing_enabled":true,"_links":{"self":[{"href":"https:\/\/elterritorialweb.com.ar\/web\/wp-json\/wp\/v2\/posts\/73850","targetHints":{"allow":["GET"]}}],"collection":[{"href":"https:\/\/elterritorialweb.com.ar\/web\/wp-json\/wp\/v2\/posts"}],"about":[{"href":"https:\/\/elterritorialweb.com.ar\/web\/wp-json\/wp\/v2\/types\/post"}],"author":[{"embeddable":true,"href":"https:\/\/elterritorialweb.com.ar\/web\/wp-json\/wp\/v2\/users\/2"}],"replies":[{"embeddable":true,"href":"https:\/\/elterritorialweb.com.ar\/web\/wp-json\/wp\/v2\/comments?post=73850"}],"version-history":[{"count":2,"href":"https:\/\/elterritorialweb.com.ar\/web\/wp-json\/wp\/v2\/posts\/73850\/revisions"}],"predecessor-version":[{"id":73857,"href":"https:\/\/elterritorialweb.com.ar\/web\/wp-json\/wp\/v2\/posts\/73850\/revisions\/73857"}],"wp:featuredmedia":[{"embeddable":true,"href":"https:\/\/elterritorialweb.com.ar\/web\/wp-json\/wp\/v2\/media\/73855"}],"wp:attachment":[{"href":"https:\/\/elterritorialweb.com.ar\/web\/wp-json\/wp\/v2\/media?parent=73850"}],"wp:term":[{"taxonomy":"category","embeddable":true,"href":"https:\/\/elterritorialweb.com.ar\/web\/wp-json\/wp\/v2\/categories?post=73850"},{"taxonomy":"post_tag","embeddable":true,"href":"https:\/\/elterritorialweb.com.ar\/web\/wp-json\/wp\/v2\/tags?post=73850"}],"curies":[{"name":"wp","href":"https:\/\/api.w.org\/{rel}","templated":true}]}}