{"id":74003,"date":"2025-03-17T15:20:21","date_gmt":"2025-03-17T15:20:21","guid":{"rendered":"http:\/\/elterritorialweb.com.ar\/web\/?p=74003"},"modified":"2025-03-17T15:21:10","modified_gmt":"2025-03-17T15:21:10","slug":"emotivo-acto-por-los-105-anos-de-la-escuela-industrial","status":"publish","type":"post","link":"https:\/\/elterritorialweb.com.ar\/web\/emotivo-acto-por-los-105-anos-de-la-escuela-industrial\/","title":{"rendered":"EMOTIVO ACTO POR LOS 105 A\u00d1OS DE LA ESCUELA INDUSTRIAL"},"content":{"rendered":"\n<p>Encabezado por su rector <strong>Gustavo Muratore<\/strong>, que estuvo acompa\u00f1ado por la jefa de preceptores <strong>Mar\u00eda Mercedes Isijara<\/strong>, la secretaria<strong> Lina Vieyra<\/strong> y el presidente de la cooperadora <strong>Carlos Cisneros<\/strong>. Tambi\u00e9n particip\u00f3 del acto, la Subsecretaria de Educaci\u00f3n y desarrollo comunitario de la Municipalidad de la Capital <strong>Lic. Nancy Bravo<\/strong>.<\/p>\n\n\n\n<figure class=\"wp-block-image size-large\"><a href=\"https:\/\/i0.wp.com\/elterritorialweb.com.ar\/web\/wp-content\/uploads\/2025\/03\/acto-industrial-3.jpeg\"><img data-recalc-dims=\"1\" decoding=\"async\" width=\"640\" height=\"480\" data-src=\"https:\/\/i0.wp.com\/elterritorialweb.com.ar\/web\/wp-content\/uploads\/2025\/03\/acto-industrial-3.jpeg?resize=640%2C480\" alt=\"\" class=\"wp-image-74010 lazyload\" data-srcset=\"https:\/\/i0.wp.com\/elterritorialweb.com.ar\/web\/wp-content\/uploads\/2025\/03\/acto-industrial-3.jpeg?resize=1024%2C768&amp;ssl=1 1024w, https:\/\/i0.wp.com\/elterritorialweb.com.ar\/web\/wp-content\/uploads\/2025\/03\/acto-industrial-3.jpeg?resize=300%2C225&amp;ssl=1 300w, https:\/\/i0.wp.com\/elterritorialweb.com.ar\/web\/wp-content\/uploads\/2025\/03\/acto-industrial-3.jpeg?resize=768%2C576&amp;ssl=1 768w, https:\/\/i0.wp.com\/elterritorialweb.com.ar\/web\/wp-content\/uploads\/2025\/03\/acto-industrial-3.jpeg?resize=1536%2C1152&amp;ssl=1 1536w, https:\/\/i0.wp.com\/elterritorialweb.com.ar\/web\/wp-content\/uploads\/2025\/03\/acto-industrial-3.jpeg?w=1600&amp;ssl=1 1600w, https:\/\/i0.wp.com\/elterritorialweb.com.ar\/web\/wp-content\/uploads\/2025\/03\/acto-industrial-3.jpeg?w=1280 1280w\" data-sizes=\"(max-width: 640px) 100vw, 640px\" src=\"data:image\/svg+xml;base64,PHN2ZyB3aWR0aD0iMSIgaGVpZ2h0PSIxIiB4bWxucz0iaHR0cDovL3d3dy53My5vcmcvMjAwMC9zdmciPjwvc3ZnPg==\" style=\"--smush-placeholder-width: 640px; --smush-placeholder-aspect-ratio: 640\/480;\" \/><\/a><\/figure>\n\n\n\n<p>El acto comenz\u00f3 con la entrada de las banderas de ceremonia, la lectura del saludo de la intendente de la Capital <strong>Norma Fuentes<\/strong>, que no pudo asistir por razones de agenda y se dio la bienvenida a las autoridades y ex alumnos de la instituci\u00f3n (promo 1985), que fueron los encargados del izamiento de la insignia patria.<\/p>\n\n\n\n<figure class=\"wp-block-image size-large\"><a href=\"https:\/\/i0.wp.com\/elterritorialweb.com.ar\/web\/wp-content\/uploads\/2025\/03\/acto-industrial-4.jpeg\"><img data-recalc-dims=\"1\" decoding=\"async\" width=\"640\" height=\"480\" data-src=\"https:\/\/i0.wp.com\/elterritorialweb.com.ar\/web\/wp-content\/uploads\/2025\/03\/acto-industrial-4.jpeg?resize=640%2C480\" alt=\"\" class=\"wp-image-74009 lazyload\" data-srcset=\"https:\/\/i0.wp.com\/elterritorialweb.com.ar\/web\/wp-content\/uploads\/2025\/03\/acto-industrial-4.jpeg?resize=1024%2C768&amp;ssl=1 1024w, https:\/\/i0.wp.com\/elterritorialweb.com.ar\/web\/wp-content\/uploads\/2025\/03\/acto-industrial-4.jpeg?resize=300%2C225&amp;ssl=1 300w, https:\/\/i0.wp.com\/elterritorialweb.com.ar\/web\/wp-content\/uploads\/2025\/03\/acto-industrial-4.jpeg?resize=768%2C576&amp;ssl=1 768w, https:\/\/i0.wp.com\/elterritorialweb.com.ar\/web\/wp-content\/uploads\/2025\/03\/acto-industrial-4.jpeg?resize=1536%2C1152&amp;ssl=1 1536w, https:\/\/i0.wp.com\/elterritorialweb.com.ar\/web\/wp-content\/uploads\/2025\/03\/acto-industrial-4.jpeg?w=1600&amp;ssl=1 1600w, https:\/\/i0.wp.com\/elterritorialweb.com.ar\/web\/wp-content\/uploads\/2025\/03\/acto-industrial-4.jpeg?w=1280 1280w\" data-sizes=\"(max-width: 640px) 100vw, 640px\" src=\"data:image\/svg+xml;base64,PHN2ZyB3aWR0aD0iMSIgaGVpZ2h0PSIxIiB4bWxucz0iaHR0cDovL3d3dy53My5vcmcvMjAwMC9zdmciPjwvc3ZnPg==\" style=\"--smush-placeholder-width: 640px; --smush-placeholder-aspect-ratio: 640\/480;\" \/><\/a><\/figure>\n\n\n\n<p>Tras entonar las estrofas del Himno Nacional Argentino, tom\u00f3 la palabra el <strong>Profesor Roberto Galv\u00e1n<\/strong> quien hizo una rese\u00f1a por estos 105 a\u00f1os de vida institucional de la escuela, y afirm\u00f3 la importancia de la educaci\u00f3n en las formaci\u00f3n de las personas. <\/p>\n\n\n\n<p>Luego habl\u00f3 <strong>Mar\u00eda Emilia Correa,<\/strong> la primera mujer que recibi\u00f3 el t\u00edtulo de maestra mayor de obras en la Escuela T\u00e9cnica, que record\u00f3 con nostalgia su paso por la instituci\u00f3n. <\/p>\n\n\n\n<p><em>\u201c\u00c9sta era una carrera s\u00f3lo para hombres, pero en el a\u00f1o 1966 con la ayuda de mi madre, mediante notas, y por medio del rector de ese entonces llegamos al ministro de Educaci\u00f3n de la Naci\u00f3n y al Conect (Consejo Nacional de Educaci\u00f3n T\u00e9cnica) para que me autorice el ingreso a la escuela. Soy la primera mujer que ha rendido el examen de ingreso. Recuerdo que mis compa\u00f1eros eran todos hombres en el primer a\u00f1o\u201d<\/em>, indic\u00f3 Correa.<\/p>\n\n\n\n<figure class=\"wp-block-image size-large\"><a href=\"https:\/\/i0.wp.com\/elterritorialweb.com.ar\/web\/wp-content\/uploads\/2025\/03\/acto-industrial-5-e1742224283888.jpeg\"><img data-recalc-dims=\"1\" decoding=\"async\" width=\"640\" height=\"509\" data-src=\"https:\/\/i0.wp.com\/elterritorialweb.com.ar\/web\/wp-content\/uploads\/2025\/03\/acto-industrial-5-e1742224283888-1024x815.jpeg?resize=640%2C509\" alt=\"\" class=\"wp-image-74008 lazyload\" data-srcset=\"https:\/\/i0.wp.com\/elterritorialweb.com.ar\/web\/wp-content\/uploads\/2025\/03\/acto-industrial-5-e1742224283888.jpeg?resize=1024%2C815&amp;ssl=1 1024w, https:\/\/i0.wp.com\/elterritorialweb.com.ar\/web\/wp-content\/uploads\/2025\/03\/acto-industrial-5-e1742224283888.jpeg?resize=300%2C239&amp;ssl=1 300w, https:\/\/i0.wp.com\/elterritorialweb.com.ar\/web\/wp-content\/uploads\/2025\/03\/acto-industrial-5-e1742224283888.jpeg?resize=768%2C612&amp;ssl=1 768w, https:\/\/i0.wp.com\/elterritorialweb.com.ar\/web\/wp-content\/uploads\/2025\/03\/acto-industrial-5-e1742224283888.jpeg?w=1080&amp;ssl=1 1080w\" data-sizes=\"(max-width: 640px) 100vw, 640px\" src=\"data:image\/svg+xml;base64,PHN2ZyB3aWR0aD0iMSIgaGVpZ2h0PSIxIiB4bWxucz0iaHR0cDovL3d3dy53My5vcmcvMjAwMC9zdmciPjwvc3ZnPg==\" style=\"--smush-placeholder-width: 640px; --smush-placeholder-aspect-ratio: 640\/509;\" \/><\/a><\/figure>\n\n\n\n<p>Con el paso del tiempo, m\u00e1s mujeres se animaron a ingresar en la \u201cIndu\u201d, a pesar de los prejuicios que reca\u00edan sobre ellas, ya que las carreras <em>\u201ceran de hombres\u201d<\/em>. Correa, por su parte, logr\u00f3 sortear todos los obst\u00e1culos y culmin\u00f3 su formaci\u00f3n con altas notas. <em>\u201cLogr\u00e9 una distinci\u00f3n de la Uni\u00f3n Industrial Argentina, por un proyecto que present\u00e9 ah\u00ed en el a\u00f1o 1972. Luego me entregaron el t\u00edtulo y la medalla de oro\u201d<\/em>. Una vez que lleg\u00f3 a estas instancias, regres\u00f3 el a\u00f1o siguiente como profesora a la instituci\u00f3n que la vio crecer.<em> \u201cEl orgullo que siento es inmenso y la felicidad m\u00e1s grande es ver brillar a la escuela como en los primeros a\u00f1os\u201d<\/em>, se\u00f1al\u00f3.<\/p>\n\n\n\n<p><em>\u201cRecuerdo que en ese entonces hab\u00eda much\u00edsimos talleres, a los que concurr\u00eda como cualquiera de mis compa\u00f1eros varones. Era una m\u00e1s de ellos. Cumpl\u00eda con todos los requisitos que se deben tener en una instituci\u00f3n con doble escolaridad\u201d,<\/em> manifest\u00f3 Correa.<\/p>\n\n\n\n<p><em>\u201cHoy les agradezco a todos los profesores que me formaron, porque soy lo que soy gracias a ellos\u201d<\/em>, manifest\u00f3, y sostuvo que en los primeros a\u00f1os, la \u201cIndu\u201d fue modelo educativo para todo el pa\u00eds, pero con el paso de los a\u00f1os esta situaci\u00f3n fue cambiando, por lo que cuando regres\u00f3 hace algunos a\u00f1os se encontr\u00f3 con un edificio desolado.<\/p>\n\n\n\n<figure class=\"wp-block-image size-large\"><a href=\"https:\/\/i0.wp.com\/elterritorialweb.com.ar\/web\/wp-content\/uploads\/2025\/03\/maria-emilia-correa-rotated-e1742224051468.jpg\"><img data-recalc-dims=\"1\" decoding=\"async\" width=\"640\" height=\"489\" data-src=\"https:\/\/i0.wp.com\/elterritorialweb.com.ar\/web\/wp-content\/uploads\/2025\/03\/maria-emilia-correa-rotated-e1742224051468-1024x783.jpg?resize=640%2C489\" alt=\"\" class=\"wp-image-74014 lazyload\" data-srcset=\"https:\/\/i0.wp.com\/elterritorialweb.com.ar\/web\/wp-content\/uploads\/2025\/03\/maria-emilia-correa-rotated-e1742224051468.jpg?resize=1024%2C783&amp;ssl=1 1024w, https:\/\/i0.wp.com\/elterritorialweb.com.ar\/web\/wp-content\/uploads\/2025\/03\/maria-emilia-correa-rotated-e1742224051468.jpg?resize=300%2C229&amp;ssl=1 300w, https:\/\/i0.wp.com\/elterritorialweb.com.ar\/web\/wp-content\/uploads\/2025\/03\/maria-emilia-correa-rotated-e1742224051468.jpg?resize=768%2C587&amp;ssl=1 768w, https:\/\/i0.wp.com\/elterritorialweb.com.ar\/web\/wp-content\/uploads\/2025\/03\/maria-emilia-correa-rotated-e1742224051468.jpg?w=1536&amp;ssl=1 1536w, https:\/\/i0.wp.com\/elterritorialweb.com.ar\/web\/wp-content\/uploads\/2025\/03\/maria-emilia-correa-rotated-e1742224051468.jpg?w=1280 1280w\" data-sizes=\"(max-width: 640px) 100vw, 640px\" src=\"data:image\/svg+xml;base64,PHN2ZyB3aWR0aD0iMSIgaGVpZ2h0PSIxIiB4bWxucz0iaHR0cDovL3d3dy53My5vcmcvMjAwMC9zdmciPjwvc3ZnPg==\" style=\"--smush-placeholder-width: 640px; --smush-placeholder-aspect-ratio: 640\/489;\" \/><\/a><\/figure>\n\n\n\n<p>Correa tambi\u00e9n agradeci\u00f3 al Gobierno de la Provincia, por poner en valor una instituci\u00f3n tan importante como la Escuela T\u00e9cnica N\u00ba 3. <em>\u201cHoy vuelvo orgullosa a mi escuela. Tanto he hecho como presidenta del Consejo de la Mujer y como coordinadora del Proyecto Unesco, que me siento feliz y esto lo quiero transmitir a los j\u00f3venes que se est\u00e1n formando all\u00ed, porque esta escuela ha hecho historia\u201d,<\/em> se\u00f1al\u00f3.<\/p>\n\n\n\n<p><em>\u201cSinti\u00e9ndome parte de la rica historia de la Escuela T\u00e9cnica, me compromet\u00ed con el director actual para renovar el horno, a trav\u00e9s del Proyecto Unesco. Vamos a traer un horno de fundici\u00f3n, nuevas alternativas para la curtiembre, y todo lo que facilite la formaci\u00f3n de los j\u00f3venes santiague\u00f1os\u201d,<\/em> explic\u00f3 Correa.<\/p>\n\n\n\n<p>Asimismo, dese\u00f3 muchos \u00e9xitos \u201ca quienes actualmente forman parte de la instituci\u00f3n, y les digo a los j\u00f3venes que deben sentirse honrados de ser parte de ella, porque forma parte de la gran historia de Santiago del Estero\u201d.<\/p>\n\n\n\n<figure class=\"wp-block-image size-large\"><a href=\"https:\/\/i0.wp.com\/elterritorialweb.com.ar\/web\/wp-content\/uploads\/2025\/03\/DSCF0310.jpg\"><img data-recalc-dims=\"1\" decoding=\"async\" width=\"640\" height=\"480\" data-src=\"https:\/\/i0.wp.com\/elterritorialweb.com.ar\/web\/wp-content\/uploads\/2025\/03\/DSCF0310.jpg?resize=640%2C480\" alt=\"\" class=\"wp-image-74015 lazyload\" data-srcset=\"https:\/\/i0.wp.com\/elterritorialweb.com.ar\/web\/wp-content\/uploads\/2025\/03\/DSCF0310.jpg?resize=1024%2C768&amp;ssl=1 1024w, https:\/\/i0.wp.com\/elterritorialweb.com.ar\/web\/wp-content\/uploads\/2025\/03\/DSCF0310.jpg?resize=300%2C225&amp;ssl=1 300w, https:\/\/i0.wp.com\/elterritorialweb.com.ar\/web\/wp-content\/uploads\/2025\/03\/DSCF0310.jpg?resize=768%2C576&amp;ssl=1 768w, https:\/\/i0.wp.com\/elterritorialweb.com.ar\/web\/wp-content\/uploads\/2025\/03\/DSCF0310.jpg?resize=1536%2C1152&amp;ssl=1 1536w, https:\/\/i0.wp.com\/elterritorialweb.com.ar\/web\/wp-content\/uploads\/2025\/03\/DSCF0310.jpg?w=2048&amp;ssl=1 2048w, https:\/\/i0.wp.com\/elterritorialweb.com.ar\/web\/wp-content\/uploads\/2025\/03\/DSCF0310.jpg?w=1280 1280w, https:\/\/i0.wp.com\/elterritorialweb.com.ar\/web\/wp-content\/uploads\/2025\/03\/DSCF0310.jpg?w=1920 1920w\" data-sizes=\"(max-width: 640px) 100vw, 640px\" src=\"data:image\/svg+xml;base64,PHN2ZyB3aWR0aD0iMSIgaGVpZ2h0PSIxIiB4bWxucz0iaHR0cDovL3d3dy53My5vcmcvMjAwMC9zdmciPjwvc3ZnPg==\" style=\"--smush-placeholder-width: 640px; --smush-placeholder-aspect-ratio: 640\/480;\" \/><\/a><\/figure>\n\n\n\n<p>Para finalizar el acto alumnos de la instituci\u00f3n bailaron a comp\u00e1s de chacareras, ante la atenta mirada de los presentes, para luego cantar el feliz cumplea\u00f1os a la \u00abIndu\u00bb.  <\/p>\n\n\n\n<p>   &nbsp;<\/p>\n","protected":false},"excerpt":{"rendered":"<p>Con presencia de autoridades, se realiz\u00f3 este lunes, el acto por el 105\u00b0 aniversario de la Escuela Enet N\u00b03 Santiago Maradona.<\/p>\n","protected":false},"author":2,"featured_media":74012,"comment_status":"open","ping_status":"open","sticky":false,"template":"","format":"standard","meta":{"om_disable_all_campaigns":false,"_monsterinsights_skip_tracking":false,"_monsterinsights_sitenote_active":false,"_monsterinsights_sitenote_note":"","_monsterinsights_sitenote_category":0,"_uf_show_specific_survey":0,"_uf_disable_surveys":false,"jetpack_post_was_ever_published":false,"_jetpack_newsletter_access":"","_jetpack_dont_email_post_to_subs":false,"_jetpack_newsletter_tier_id":0,"_jetpack_memberships_contains_paywalled_content":false,"_jetpack_memberships_contains_paid_content":false,"footnotes":"","jetpack_publicize_message":"","jetpack_publicize_feature_enabled":true,"jetpack_social_post_already_shared":false,"jetpack_social_options":{"image_generator_settings":{"template":"highway","enabled":false},"version":2}},"categories":[4,19],"tags":[164,1219],"class_list":["post-74003","post","type-post","status-publish","format-standard","has-post-thumbnail","hentry","category-destacadas","category-educacion","tag-aniversario","tag-escuela-enet-n-3-santiago-maradona"],"aioseo_notices":[],"views":21,"jetpack_publicize_connections":[],"jetpack_featured_media_url":"https:\/\/i0.wp.com\/elterritorialweb.com.ar\/web\/wp-content\/uploads\/2025\/03\/acto-industrial-1.jpeg?fit=1600%2C1200&ssl=1","jetpack_sharing_enabled":true,"_links":{"self":[{"href":"https:\/\/elterritorialweb.com.ar\/web\/wp-json\/wp\/v2\/posts\/74003","targetHints":{"allow":["GET"]}}],"collection":[{"href":"https:\/\/elterritorialweb.com.ar\/web\/wp-json\/wp\/v2\/posts"}],"about":[{"href":"https:\/\/elterritorialweb.com.ar\/web\/wp-json\/wp\/v2\/types\/post"}],"author":[{"embeddable":true,"href":"https:\/\/elterritorialweb.com.ar\/web\/wp-json\/wp\/v2\/users\/2"}],"replies":[{"embeddable":true,"href":"https:\/\/elterritorialweb.com.ar\/web\/wp-json\/wp\/v2\/comments?post=74003"}],"version-history":[{"count":2,"href":"https:\/\/elterritorialweb.com.ar\/web\/wp-json\/wp\/v2\/posts\/74003\/revisions"}],"predecessor-version":[{"id":74017,"href":"https:\/\/elterritorialweb.com.ar\/web\/wp-json\/wp\/v2\/posts\/74003\/revisions\/74017"}],"wp:featuredmedia":[{"embeddable":true,"href":"https:\/\/elterritorialweb.com.ar\/web\/wp-json\/wp\/v2\/media\/74012"}],"wp:attachment":[{"href":"https:\/\/elterritorialweb.com.ar\/web\/wp-json\/wp\/v2\/media?parent=74003"}],"wp:term":[{"taxonomy":"category","embeddable":true,"href":"https:\/\/elterritorialweb.com.ar\/web\/wp-json\/wp\/v2\/categories?post=74003"},{"taxonomy":"post_tag","embeddable":true,"href":"https:\/\/elterritorialweb.com.ar\/web\/wp-json\/wp\/v2\/tags?post=74003"}],"curies":[{"name":"wp","href":"https:\/\/api.w.org\/{rel}","templated":true}]}}