{"id":74018,"date":"2025-03-18T00:11:36","date_gmt":"2025-03-18T00:11:36","guid":{"rendered":"http:\/\/elterritorialweb.com.ar\/web\/?p=74018"},"modified":"2025-03-18T00:11:56","modified_gmt":"2025-03-18T00:11:56","slug":"inauguraron-en-colonia-el-simbolar-un-monumento-en-homenaje-a-las-mujeres","status":"publish","type":"post","link":"https:\/\/elterritorialweb.com.ar\/web\/inauguraron-en-colonia-el-simbolar-un-monumento-en-homenaje-a-las-mujeres\/","title":{"rendered":"INAUGURARON EN COLONIA EL SIMBOLAR UN MONUMENTO EN HOMENAJE A LAS MUJERES"},"content":{"rendered":"\n<p>La ceremonia protocolar estuvo encabezada por el comisionado, <strong>profesor \u00c1ngel \u00cd\u00f1iguez<\/strong> y se realiz\u00f3 gracias a la labor conjunta de diversas \u00e1reas municipales, destac\u00e1ndose la participaci\u00f3n del \u00c1rea de Ambiente Urbano, a cargo de <strong>Claudio Su\u00e1rez<\/strong>; y de la Direcci\u00f3n de Cultura, liderada por <strong>Patricia Cancinos.<\/strong><\/p>\n\n\n\n<p>La imagen escult\u00f3rica del rostro de una mujer fue realizada por<strong> Ariel Sayago <\/strong>y <strong>Mario Sayago<\/strong>, mientras que la iluminaci\u00f3n estuvo a cargo de <strong>Iver Araujo<\/strong>. Asimismo, numerosos empleados municipales contribuyeron activamente a la concreci\u00f3n de este reconocimiento.<\/p>\n\n\n\n<p>En su discurso,<strong> I\u00f1iguez <\/strong>expres\u00f3 su alegr\u00eda por la concreci\u00f3n de este monumento, destacando que era una deuda pendiente con las mujeres de nuestra querida <strong>Colonia El Simbolar<\/strong>. Asimismo, subray\u00f3 su <em>\u201cvalioso aporte a la sociedad y su papel fundamental en el desarrollo de nuestra comunidad\u201d.<\/em><\/p>\n\n\n\n<figure class=\"wp-block-image size-large\"><a href=\"https:\/\/i0.wp.com\/elterritorialweb.com.ar\/web\/wp-content\/uploads\/2025\/03\/SimbolarMonumento1.jpg\"><img data-recalc-dims=\"1\" decoding=\"async\" width=\"640\" height=\"401\" data-src=\"https:\/\/i0.wp.com\/elterritorialweb.com.ar\/web\/wp-content\/uploads\/2025\/03\/SimbolarMonumento1.jpg?resize=640%2C401\" alt=\"\" class=\"wp-image-74020 lazyload\" data-srcset=\"https:\/\/i0.wp.com\/elterritorialweb.com.ar\/web\/wp-content\/uploads\/2025\/03\/SimbolarMonumento1.jpg?resize=1024%2C642&amp;ssl=1 1024w, https:\/\/i0.wp.com\/elterritorialweb.com.ar\/web\/wp-content\/uploads\/2025\/03\/SimbolarMonumento1.jpg?resize=300%2C188&amp;ssl=1 300w, https:\/\/i0.wp.com\/elterritorialweb.com.ar\/web\/wp-content\/uploads\/2025\/03\/SimbolarMonumento1.jpg?resize=768%2C481&amp;ssl=1 768w, https:\/\/i0.wp.com\/elterritorialweb.com.ar\/web\/wp-content\/uploads\/2025\/03\/SimbolarMonumento1.jpg?resize=1536%2C962&amp;ssl=1 1536w, https:\/\/i0.wp.com\/elterritorialweb.com.ar\/web\/wp-content\/uploads\/2025\/03\/SimbolarMonumento1.jpg?resize=540%2C340&amp;ssl=1 540w, https:\/\/i0.wp.com\/elterritorialweb.com.ar\/web\/wp-content\/uploads\/2025\/03\/SimbolarMonumento1.jpg?resize=400%2C250&amp;ssl=1 400w, https:\/\/i0.wp.com\/elterritorialweb.com.ar\/web\/wp-content\/uploads\/2025\/03\/SimbolarMonumento1.jpg?w=1722&amp;ssl=1 1722w, https:\/\/i0.wp.com\/elterritorialweb.com.ar\/web\/wp-content\/uploads\/2025\/03\/SimbolarMonumento1.jpg?w=1280 1280w\" data-sizes=\"(max-width: 640px) 100vw, 640px\" src=\"data:image\/svg+xml;base64,PHN2ZyB3aWR0aD0iMSIgaGVpZ2h0PSIxIiB4bWxucz0iaHR0cDovL3d3dy53My5vcmcvMjAwMC9zdmciPjwvc3ZnPg==\" style=\"--smush-placeholder-width: 640px; --smush-placeholder-aspect-ratio: 640\/401;\" \/><\/a><\/figure>\n\n\n\n<p>Adem\u00e1s, como parte de esta iniciativa, se instal\u00f3 un banco rojo, s\u00edmbolo de la lucha contra la violencia de g\u00e9nero y el femicidio. Este proyecto cultural busca concientizar, informar y sensibilizar a la comunidad sobre esta problem\u00e1tica.<\/p>\n\n\n\n<p>El comisionado agradeci\u00f3 a todos los vecinos por su participaci\u00f3n, as\u00ed como a los feriantes y vendedores ambulantes que formaron parte del evento. Tambi\u00e9n extendi\u00f3 su reconocimiento al personal policial de la Comisar\u00eda Comunitaria N\u00b0 64 por su valiosa colaboraci\u00f3n en el desarrollo de la jornada.<\/p>\n\n\n\n<p>La inauguraci\u00f3n cont\u00f3 con la presencia de un gran n\u00famero de vecinos que se sumaron a la celebraci\u00f3n, la cual fue realzada por la participaci\u00f3n de las academias locales <strong>\u201cEstampa Criolla\u201d<\/strong>, <strong>\u201cSentimiento de Mi Pueblo\u201d<\/strong>, el <strong>\u201cBallet Folcl\u00f3rico Ra\u00edces de Mi Tierra\u201d<\/strong> y el \u201c<strong>Ballet de Danzas Latinoamericanas\u201d<\/strong>. Como broche de oro, un conjunto musical proveniente de la capital santiague\u00f1a deleit\u00f3 a los presentes con su espect\u00e1culo.<\/p>\n\n\n\n<p>Vecinas expresaron su profundo agradecimiento al<strong> Prof. \u00c1ngel \u00cd\u00f1iguez <\/strong>y a su equipo de trabajo por este gran gesto y homenaje, destacando el compromiso y la dedicaci\u00f3n de la gesti\u00f3n municipal en reconocer y valorar a la comunidad.\u00a0<\/p>\n\n\n\n<p><\/p>\n","protected":false},"excerpt":{"rendered":"<p>En el marco de las acciones desarrolladas a lo largo del mes de marzo por el D\u00eda de la Mujer, autoridades de la comisi\u00f3n municipal de Colonia El Simbolar encabezaron la inauguraci\u00f3n de un monumento en homenaje a mujeres de todo el mundo, con un reconocimiento especial a las de la localidad ubicada en el departamento Robles.<\/p>\n","protected":false},"author":2,"featured_media":74019,"comment_status":"open","ping_status":"open","sticky":false,"template":"","format":"standard","meta":{"om_disable_all_campaigns":false,"_monsterinsights_skip_tracking":false,"_monsterinsights_sitenote_active":false,"_monsterinsights_sitenote_note":"","_monsterinsights_sitenote_category":0,"_uf_show_specific_survey":0,"_uf_disable_surveys":false,"jetpack_post_was_ever_published":false,"_jetpack_newsletter_access":"","_jetpack_dont_email_post_to_subs":false,"_jetpack_newsletter_tier_id":0,"_jetpack_memberships_contains_paywalled_content":false,"_jetpack_memberships_contains_paid_content":false,"footnotes":"","jetpack_publicize_message":"","jetpack_publicize_feature_enabled":true,"jetpack_social_post_already_shared":false,"jetpack_social_options":{"image_generator_settings":{"template":"highway","enabled":false},"version":2}},"categories":[4,35],"tags":[1220,997],"class_list":["post-74018","post","type-post","status-publish","format-standard","has-post-thumbnail","hentry","category-destacadas","category-interior","tag-angel-iniguez","tag-comision-municipal-de-colonia-el-simbolar"],"aioseo_notices":[],"views":9,"jetpack_publicize_connections":[],"jetpack_featured_media_url":"https:\/\/i0.wp.com\/elterritorialweb.com.ar\/web\/wp-content\/uploads\/2025\/03\/SimbolarMonumento.jpg?fit=1354%2C826&ssl=1","jetpack_sharing_enabled":true,"_links":{"self":[{"href":"https:\/\/elterritorialweb.com.ar\/web\/wp-json\/wp\/v2\/posts\/74018","targetHints":{"allow":["GET"]}}],"collection":[{"href":"https:\/\/elterritorialweb.com.ar\/web\/wp-json\/wp\/v2\/posts"}],"about":[{"href":"https:\/\/elterritorialweb.com.ar\/web\/wp-json\/wp\/v2\/types\/post"}],"author":[{"embeddable":true,"href":"https:\/\/elterritorialweb.com.ar\/web\/wp-json\/wp\/v2\/users\/2"}],"replies":[{"embeddable":true,"href":"https:\/\/elterritorialweb.com.ar\/web\/wp-json\/wp\/v2\/comments?post=74018"}],"version-history":[{"count":2,"href":"https:\/\/elterritorialweb.com.ar\/web\/wp-json\/wp\/v2\/posts\/74018\/revisions"}],"predecessor-version":[{"id":74022,"href":"https:\/\/elterritorialweb.com.ar\/web\/wp-json\/wp\/v2\/posts\/74018\/revisions\/74022"}],"wp:featuredmedia":[{"embeddable":true,"href":"https:\/\/elterritorialweb.com.ar\/web\/wp-json\/wp\/v2\/media\/74019"}],"wp:attachment":[{"href":"https:\/\/elterritorialweb.com.ar\/web\/wp-json\/wp\/v2\/media?parent=74018"}],"wp:term":[{"taxonomy":"category","embeddable":true,"href":"https:\/\/elterritorialweb.com.ar\/web\/wp-json\/wp\/v2\/categories?post=74018"},{"taxonomy":"post_tag","embeddable":true,"href":"https:\/\/elterritorialweb.com.ar\/web\/wp-json\/wp\/v2\/tags?post=74018"}],"curies":[{"name":"wp","href":"https:\/\/api.w.org\/{rel}","templated":true}]}}