{"id":74042,"date":"2025-03-18T01:38:12","date_gmt":"2025-03-18T01:38:12","guid":{"rendered":"http:\/\/elterritorialweb.com.ar\/web\/?p=74042"},"modified":"2025-03-18T01:38:15","modified_gmt":"2025-03-18T01:38:15","slug":"central-cordoba-integrara-el-grupo-c-de-la-copa-libertadores-de-america","status":"publish","type":"post","link":"https:\/\/elterritorialweb.com.ar\/web\/central-cordoba-integrara-el-grupo-c-de-la-copa-libertadores-de-america\/","title":{"rendered":"CENTRAL C\u00d3RDOBA INTEGRAR\u00c1 EL GRUPO C DE LA COPA LIBERTADORES DE AM\u00c9RICA"},"content":{"rendered":"\n<p><strong>Central C\u00f3rdoba<\/strong>\u00a0d<strong>e Santiago del Estero<\/strong>\u00a0vivir\u00e1 un momento \u00fanico en su historia al disputar por primera vez la\u00a0<strong>Copa Libertadores de Am\u00e9rica<\/strong>, y ya conoce a sus rivales en la fase de grupos. El\u00a0<strong>Ferroviario<\/strong>\u00a0integrar\u00e1 el\u00a0<strong>Grupo C<\/strong>\u00a0junto a\u00a0<strong>Flamengo<\/strong>\u00a0de Brasil,\u00a0<strong>Liga de Quito<\/strong>\u00a0de Ecuador y\u00a0<strong>Deportivo T\u00e1chira<\/strong>\u00a0de\u00a0<strong>Venezuela<\/strong>.<\/p>\n\n\n\n<p>El sorteo determin\u00f3 duros compromisos para los equipos argentinos.\u00a0<strong>River<\/strong>\u00a0cay\u00f3 en el\u00a0<strong>Grupo B<\/strong>, donde enfrentar\u00e1 a\u00a0<strong>Independiente del Valle<\/strong>\u00a0(ECU),\u00a0<strong>Universitario<\/strong>\u00a0(PER) y\u00a0<strong>Barcelona<\/strong>\u00a0(ECU), con largos viajes y la dificultad de la altura.\u00a0<strong>Racing<\/strong>, en el\u00a0<strong>Grupo E<\/strong>, tendr\u00e1 como oponentes a\u00a0<strong>Colo-Colo<\/strong>\u00a0(CHI),\u00a0<strong>Fortaleza<\/strong>\u00a0(BRA) y\u00a0<strong>Atl\u00e9tico Bucaramanga<\/strong>\u00a0(COL).<\/p>\n\n\n\n<figure class=\"wp-block-image size-large\"><a href=\"https:\/\/i0.wp.com\/elterritorialweb.com.ar\/web\/wp-content\/uploads\/2025\/03\/image-15.png\"><img data-recalc-dims=\"1\" decoding=\"async\" width=\"640\" height=\"800\" data-src=\"https:\/\/i0.wp.com\/elterritorialweb.com.ar\/web\/wp-content\/uploads\/2025\/03\/image-15.png?resize=640%2C800\" alt=\"\" class=\"wp-image-74043 lazyload\" data-srcset=\"https:\/\/i0.wp.com\/elterritorialweb.com.ar\/web\/wp-content\/uploads\/2025\/03\/image-15.png?resize=819%2C1024&amp;ssl=1 819w, https:\/\/i0.wp.com\/elterritorialweb.com.ar\/web\/wp-content\/uploads\/2025\/03\/image-15.png?resize=240%2C300&amp;ssl=1 240w, https:\/\/i0.wp.com\/elterritorialweb.com.ar\/web\/wp-content\/uploads\/2025\/03\/image-15.png?resize=768%2C960&amp;ssl=1 768w, https:\/\/i0.wp.com\/elterritorialweb.com.ar\/web\/wp-content\/uploads\/2025\/03\/image-15.png?w=960&amp;ssl=1 960w\" data-sizes=\"(max-width: 640px) 100vw, 640px\" src=\"data:image\/svg+xml;base64,PHN2ZyB3aWR0aD0iMSIgaGVpZ2h0PSIxIiB4bWxucz0iaHR0cDovL3d3dy53My5vcmcvMjAwMC9zdmciPjwvc3ZnPg==\" style=\"--smush-placeholder-width: 640px; --smush-placeholder-aspect-ratio: 640\/800;\" \/><\/a><\/figure>\n\n\n\n<p>Por su parte,\u00a0<strong>Estudiantes<\/strong>\u00a0compartir\u00e1 el\u00a0<strong>Grupo A<\/strong>\u00a0con el campe\u00f3n\u00a0<strong>Botafogo<\/strong>,\u00a0<strong>Universidad de Chile<\/strong>\u00a0(CHI) y\u00a0<strong>Carabobo<\/strong>\u00a0(VEN).\u00a0<strong>Talleres<\/strong>\u00a0fue sorteado en el\u00a0<strong>Grupo D<\/strong>, donde enfrentar\u00e1 a\u00a0<strong>San Pablo<\/strong>,\u00a0<strong>Libertad<\/strong>\u00a0y\u00a0<strong>Alianza Lima<\/strong>.\u00a0<strong>V\u00e9lez<\/strong>, en el\u00a0<strong>Grupo H<\/strong>, tendr\u00e1 duelos ante\u00a0<strong>Pe\u00f1arol<\/strong>\u00a0(URU),\u00a0<strong>Olimpia<\/strong>\u00a0(PAR) y\u00a0<strong>San Antonio Bulo Bulo<\/strong>\u00a0(BOL).<\/p>\n\n\n\n<p>El momento m\u00e1s esperado para&nbsp;<strong>Central C\u00f3rdoba<\/strong>&nbsp;lleg\u00f3 cuando su nombre apareci\u00f3 en el&nbsp;<strong>Grupo C<\/strong>. El conjunto santiague\u00f1o tendr\u00e1 la posibilidad de jugar en escenarios m\u00edticos como el&nbsp;<strong>Maracan\u00e1<\/strong>, donde enfrentar\u00e1 a&nbsp;<strong>Flamengo<\/strong>, adem\u00e1s de desafiar a&nbsp;<strong>Liga de Quito<\/strong>&nbsp;en la altura de Ecuador y medirse con&nbsp;<strong>Deportivo T\u00e1chira<\/strong>&nbsp;en Venezuela.<\/p>\n\n\n\n<p>Ser\u00e1 un desaf\u00edo may\u00fasculo para el equipo dirigido por&nbsp;<strong>Omar De Felippe&nbsp;<\/strong>que logr\u00f3 la clasificaci\u00f3n tras consagrarse campe\u00f3n de la&nbsp;<strong>Copa Argentina 2024<\/strong>. Con este sorteo,&nbsp;<strong>Central C\u00f3rdoba<\/strong>&nbsp;ya comienza a preparar su hist\u00f3rico debut en la m\u00e1xima competencia continental.<\/p>\n\n\n\n<h3 class=\"wp-block-heading\">C\u00f3mo se juega la Copa CONMEBOL Libertadores 2025<\/h3>\n\n\n\n<p>Ya se disputaron las primeras tres fases clasificatorias y cuatro equipos lograron meterse a la fase de grupos, sorteada este lunes.<strong>&nbsp;Los dos mejores de cada zona se clasificar\u00e1n a los octavos de final<\/strong>, mientras que el tercero ir\u00e1 a los dieciseisavos de final de la Sudamericana.<\/p>\n\n\n\n<p>A partir de octavos, donde<strong>&nbsp;habr\u00e1 un nuevo sorteo para definir las llaves<\/strong>&nbsp;(primeros en un bolillero y segundos en otro), habr\u00e1 cruces de ida y vuelta, sin gol de visitante, hasta definir los dos que buscar\u00e1n el t\u00edtulo en&nbsp;<strong>la gran final \u00fanica del 29 de noviembre en sede a definir.<\/strong><\/p>\n","protected":false},"excerpt":{"rendered":"<p>El Ferroviario integrar\u00e1 el Grupo C con Flamengo, Liga de Quito y Deportivo T\u00e1chira.<\/p>\n","protected":false},"author":2,"featured_media":74044,"comment_status":"open","ping_status":"open","sticky":false,"template":"","format":"standard","meta":{"om_disable_all_campaigns":false,"_monsterinsights_skip_tracking":false,"_monsterinsights_sitenote_active":false,"_monsterinsights_sitenote_note":"","_monsterinsights_sitenote_category":0,"_uf_show_specific_survey":0,"_uf_disable_surveys":false,"jetpack_post_was_ever_published":false,"_jetpack_newsletter_access":"","_jetpack_dont_email_post_to_subs":false,"_jetpack_newsletter_tier_id":0,"_jetpack_memberships_contains_paywalled_content":false,"_jetpack_memberships_contains_paid_content":false,"footnotes":"","jetpack_publicize_message":"","jetpack_publicize_feature_enabled":true,"jetpack_social_post_already_shared":false,"jetpack_social_options":{"image_generator_settings":{"template":"highway","enabled":false},"version":2}},"categories":[6,4],"tags":[69,194],"class_list":["post-74042","post","type-post","status-publish","format-standard","has-post-thumbnail","hentry","category-deportes","category-destacadas","tag-central-cordoba","tag-copa-libertadores"],"aioseo_notices":[],"views":26,"jetpack_publicize_connections":[],"jetpack_featured_media_url":"https:\/\/i0.wp.com\/elterritorialweb.com.ar\/web\/wp-content\/uploads\/2025\/03\/COPA-LIBERTADORES.jpg?fit=300%2C168&ssl=1","jetpack_sharing_enabled":true,"_links":{"self":[{"href":"https:\/\/elterritorialweb.com.ar\/web\/wp-json\/wp\/v2\/posts\/74042","targetHints":{"allow":["GET"]}}],"collection":[{"href":"https:\/\/elterritorialweb.com.ar\/web\/wp-json\/wp\/v2\/posts"}],"about":[{"href":"https:\/\/elterritorialweb.com.ar\/web\/wp-json\/wp\/v2\/types\/post"}],"author":[{"embeddable":true,"href":"https:\/\/elterritorialweb.com.ar\/web\/wp-json\/wp\/v2\/users\/2"}],"replies":[{"embeddable":true,"href":"https:\/\/elterritorialweb.com.ar\/web\/wp-json\/wp\/v2\/comments?post=74042"}],"version-history":[{"count":2,"href":"https:\/\/elterritorialweb.com.ar\/web\/wp-json\/wp\/v2\/posts\/74042\/revisions"}],"predecessor-version":[{"id":74046,"href":"https:\/\/elterritorialweb.com.ar\/web\/wp-json\/wp\/v2\/posts\/74042\/revisions\/74046"}],"wp:featuredmedia":[{"embeddable":true,"href":"https:\/\/elterritorialweb.com.ar\/web\/wp-json\/wp\/v2\/media\/74044"}],"wp:attachment":[{"href":"https:\/\/elterritorialweb.com.ar\/web\/wp-json\/wp\/v2\/media?parent=74042"}],"wp:term":[{"taxonomy":"category","embeddable":true,"href":"https:\/\/elterritorialweb.com.ar\/web\/wp-json\/wp\/v2\/categories?post=74042"},{"taxonomy":"post_tag","embeddable":true,"href":"https:\/\/elterritorialweb.com.ar\/web\/wp-json\/wp\/v2\/tags?post=74042"}],"curies":[{"name":"wp","href":"https:\/\/api.w.org\/{rel}","templated":true}]}}