{"id":74150,"date":"2025-03-21T13:05:36","date_gmt":"2025-03-21T13:05:36","guid":{"rendered":"http:\/\/elterritorialweb.com.ar\/web\/?p=74150"},"modified":"2025-03-21T13:10:52","modified_gmt":"2025-03-21T13:10:52","slug":"escandalo-en-chaco-graban-a-comisario-y-subcomisario-tomando-alcohol-en-una-comisaria","status":"publish","type":"post","link":"https:\/\/elterritorialweb.com.ar\/web\/escandalo-en-chaco-graban-a-comisario-y-subcomisario-tomando-alcohol-en-una-comisaria\/","title":{"rendered":"ESC\u00c1NDALO EN CHACO: GRABAN A COMISARIO Y SUBCOMISARIO TOMANDO ALCOHOL EN UNA COMISAR\u00cdA"},"content":{"rendered":"\n<p>Un&nbsp;<strong>comisario<\/strong>&nbsp;y un&nbsp;<strong>subcomisario<\/strong>&nbsp;de la provincia de&nbsp;<strong>Chaco<\/strong>&nbsp;fueron&nbsp;<strong>suspendidos<\/strong>&nbsp;tras ser grabados mientras&nbsp;<strong>tomaban alcohol dentro de la Comisar\u00eda Sexta<\/strong>&nbsp;en S\u00e1enz Pe\u00f1a.<\/p>\n\n\n\n<p>El ins\u00f3lito y escandaloso caso sucedi\u00f3 d\u00edas atr\u00e1s cuando los vecinos de dicha localidad comenzaron a difundir por redes sociales el video que muestra&nbsp;al&nbsp;<strong>Comisario Principal Ram\u00f3n Gustavo Sosa y a un subcomisario mientras tomaban alcohol en la seccional.<\/strong><\/p>\n\n\n\n<p><em>\u201cLos polic\u00edas andan borrachos y toman en las comisar\u00edas e incluso hay videos ins\u00f3litos con el comisario&nbsp;Sosa&nbsp;borracho en horario de servicio. Polic\u00edas tambi\u00e9n tomaban cerveza dentro de la comisar\u00eda de S\u00e1enz Pe\u00f1a\u201d<\/em>, expresa la publicaci\u00f3n de Facebook realizada por vecinos.<\/p>\n\n\n\n<p>Frente a este escenario viralizado, las autoridades provinciales decidieron tomar cartas en el asunto y&nbsp;<strong>sancionar<\/strong>&nbsp;a los protagonistas.<\/p>\n\n\n\n<p>En este sentido, fueron&nbsp;<strong>suspendidos de sus funciones sin goce de haberes, se les retuvo el arma reglamentaria y la credencial policial.&nbsp;<\/strong><\/p>\n\n\n\n<p><strong>Fernando Romero<\/strong>, Jefe de la Polic\u00eda provincial, inform\u00f3 que ya se anunciaron todas las actuaciones contra el comisario y los agentes involucrados.<\/p>\n\n\n\n<p>Asimismo, detall\u00f3 que&nbsp;<strong>buscan tomar la misma medida para otros efectivos<\/strong>&nbsp;que tambi\u00e9n estar\u00edan involucrados.<\/p>\n\n\n\n<h3 class=\"wp-block-heading\">MIRA EL VIDEO<\/h3>\n\n\n\n<figure class=\"wp-block-embed is-type-rich is-provider-twitter wp-block-embed-twitter\"><div class=\"wp-block-embed__wrapper\">\n<blockquote class=\"twitter-tweet\" data-width=\"550\" data-dnt=\"true\"><p lang=\"es\" dir=\"ltr\">Esc\u00e1ndalo en Chaco por un grupo de polic\u00edas que estaban ebrios mientras prestaban servicio<br>El video de los efectivos de la polic\u00eda de Chaco en el interior de una comisar\u00eda consumiendo alcohol r\u00e1pidamente se viraliz\u00f3. Los involucrados fueron identificados y suspendidos. <a href=\"https:\/\/t.co\/3LNXxQYdMc\">pic.twitter.com\/3LNXxQYdMc<\/a><\/p>&mdash; Tiempo de San Juan (@tiempodesanjuan) <a href=\"https:\/\/twitter.com\/tiempodesanjuan\/status\/1902776956917256375?ref_src=twsrc%5Etfw\">March 20, 2025<\/a><\/blockquote><script async src=\"https:\/\/platform.twitter.com\/widgets.js\" charset=\"utf-8\"><\/script>\n<\/div><\/figure>\n\n\n\n<p><strong>Fuente:<\/strong> Tiempo de San Juan<\/p>\n\n\n\n<p><\/p>\n","protected":false},"excerpt":{"rendered":"<p>Fueron suspendidos de sus funciones sin goce de haberes, se les retuvo el arma reglamentaria y la credencial policial.<\/p>\n","protected":false},"author":2,"featured_media":74151,"comment_status":"open","ping_status":"open","sticky":false,"template":"","format":"standard","meta":{"om_disable_all_campaigns":false,"_monsterinsights_skip_tracking":false,"_monsterinsights_sitenote_active":false,"_monsterinsights_sitenote_note":"","_monsterinsights_sitenote_category":0,"_uf_show_specific_survey":0,"_uf_disable_surveys":false,"jetpack_post_was_ever_published":false,"_jetpack_newsletter_access":"","_jetpack_dont_email_post_to_subs":false,"_jetpack_newsletter_tier_id":0,"_jetpack_memberships_contains_paywalled_content":false,"_jetpack_memberships_contains_paid_content":false,"footnotes":"","jetpack_publicize_message":"","jetpack_publicize_feature_enabled":true,"jetpack_social_post_already_shared":false,"jetpack_social_options":{"image_generator_settings":{"template":"highway","enabled":false},"version":2}},"categories":[4,7],"tags":[305],"class_list":["post-74150","post","type-post","status-publish","format-standard","has-post-thumbnail","hentry","category-destacadas","category-nacionales","tag-chaco"],"aioseo_notices":[],"views":14,"jetpack_publicize_connections":[],"jetpack_featured_media_url":"https:\/\/i0.wp.com\/elterritorialweb.com.ar\/web\/wp-content\/uploads\/2025\/03\/COMISARIO-ALCOHOL-CHACO.jpg?fit=1010%2C567&ssl=1","jetpack_sharing_enabled":true,"_links":{"self":[{"href":"https:\/\/elterritorialweb.com.ar\/web\/wp-json\/wp\/v2\/posts\/74150","targetHints":{"allow":["GET"]}}],"collection":[{"href":"https:\/\/elterritorialweb.com.ar\/web\/wp-json\/wp\/v2\/posts"}],"about":[{"href":"https:\/\/elterritorialweb.com.ar\/web\/wp-json\/wp\/v2\/types\/post"}],"author":[{"embeddable":true,"href":"https:\/\/elterritorialweb.com.ar\/web\/wp-json\/wp\/v2\/users\/2"}],"replies":[{"embeddable":true,"href":"https:\/\/elterritorialweb.com.ar\/web\/wp-json\/wp\/v2\/comments?post=74150"}],"version-history":[{"count":3,"href":"https:\/\/elterritorialweb.com.ar\/web\/wp-json\/wp\/v2\/posts\/74150\/revisions"}],"predecessor-version":[{"id":74156,"href":"https:\/\/elterritorialweb.com.ar\/web\/wp-json\/wp\/v2\/posts\/74150\/revisions\/74156"}],"wp:featuredmedia":[{"embeddable":true,"href":"https:\/\/elterritorialweb.com.ar\/web\/wp-json\/wp\/v2\/media\/74151"}],"wp:attachment":[{"href":"https:\/\/elterritorialweb.com.ar\/web\/wp-json\/wp\/v2\/media?parent=74150"}],"wp:term":[{"taxonomy":"category","embeddable":true,"href":"https:\/\/elterritorialweb.com.ar\/web\/wp-json\/wp\/v2\/categories?post=74150"},{"taxonomy":"post_tag","embeddable":true,"href":"https:\/\/elterritorialweb.com.ar\/web\/wp-json\/wp\/v2\/tags?post=74150"}],"curies":[{"name":"wp","href":"https:\/\/api.w.org\/{rel}","templated":true}]}}