{"id":74162,"date":"2025-03-21T21:44:21","date_gmt":"2025-03-21T21:44:21","guid":{"rendered":"http:\/\/elterritorialweb.com.ar\/web\/?p=74162"},"modified":"2025-03-21T21:44:37","modified_gmt":"2025-03-21T21:44:37","slug":"se-realizo-el-1-encuentro-de-la-comision-de-dispositivos-de-atencion-en-adicciones-y-de-la-raase","status":"publish","type":"post","link":"https:\/\/elterritorialweb.com.ar\/web\/se-realizo-el-1-encuentro-de-la-comision-de-dispositivos-de-atencion-en-adicciones-y-de-la-raase\/","title":{"rendered":"SE REALIZ\u00d3 EL 1\u00b0 ENCUENTRO DE LA COMISI\u00d3N DE DISPOSITIVOS DE ATENCI\u00d3N EN ADICCIONES Y DE LA RAASE"},"content":{"rendered":"\n<p>Participaron de la actividad realizada en la sede del Crease la ministra de Justicia, <strong>Matilde O\u2019Mill;<\/strong> la titular de la Digaia, <strong>Claudia Tarchini<\/strong>; el presidente de la Fundaci\u00f3n Nocka Munayki, <strong>Javier Manzano<\/strong>, junto con representantes de los dispositivos:<strong> Hogar de Cristo A\u00f1atuya, DTC Bel\u00e9n, Mesa de Gesti\u00f3n Ciudad de Loreto, DTC Fr\u00edas, CIICA Lourdes, Casa Esquina Libertad, CIICA Sol\u00eds, Casa Pueblo, Crease, Centro de D\u00eda San Vicente y Vientos de Libertad.<\/strong><\/p>\n\n\n\n<p><em>\u201cEstos espacios se piensan para poder tejer esta red que permita compartir conocimiento y la experiencia, porque la problem\u00e1tica es muy desafiante y se necesita ser creativos\u201d<\/em>, dijo la ministra al poner de manifiesto la preocupaci\u00f3n por el avance que tienen las adicciones en la sociedad.<\/p>\n\n\n\n<figure class=\"wp-block-image size-large\"><a href=\"https:\/\/i0.wp.com\/elterritorialweb.com.ar\/web\/wp-content\/uploads\/2025\/03\/digaia-1.jpg\"><img data-recalc-dims=\"1\" decoding=\"async\" width=\"640\" height=\"426\" data-src=\"https:\/\/i0.wp.com\/elterritorialweb.com.ar\/web\/wp-content\/uploads\/2025\/03\/digaia-1.jpg?resize=640%2C426\" alt=\"\" class=\"wp-image-74164 lazyload\" data-srcset=\"https:\/\/i0.wp.com\/elterritorialweb.com.ar\/web\/wp-content\/uploads\/2025\/03\/digaia-1.jpg?resize=1024%2C682&amp;ssl=1 1024w, https:\/\/i0.wp.com\/elterritorialweb.com.ar\/web\/wp-content\/uploads\/2025\/03\/digaia-1.jpg?resize=300%2C200&amp;ssl=1 300w, https:\/\/i0.wp.com\/elterritorialweb.com.ar\/web\/wp-content\/uploads\/2025\/03\/digaia-1.jpg?resize=768%2C512&amp;ssl=1 768w, https:\/\/i0.wp.com\/elterritorialweb.com.ar\/web\/wp-content\/uploads\/2025\/03\/digaia-1.jpg?resize=1536%2C1024&amp;ssl=1 1536w, https:\/\/i0.wp.com\/elterritorialweb.com.ar\/web\/wp-content\/uploads\/2025\/03\/digaia-1.jpg?resize=2048%2C1365&amp;ssl=1 2048w, https:\/\/i0.wp.com\/elterritorialweb.com.ar\/web\/wp-content\/uploads\/2025\/03\/digaia-1.jpg?w=1280 1280w, https:\/\/i0.wp.com\/elterritorialweb.com.ar\/web\/wp-content\/uploads\/2025\/03\/digaia-1.jpg?w=1920 1920w\" data-sizes=\"(max-width: 640px) 100vw, 640px\" src=\"data:image\/svg+xml;base64,PHN2ZyB3aWR0aD0iMSIgaGVpZ2h0PSIxIiB4bWxucz0iaHR0cDovL3d3dy53My5vcmcvMjAwMC9zdmciPjwvc3ZnPg==\" style=\"--smush-placeholder-width: 640px; --smush-placeholder-aspect-ratio: 640\/426;\" \/><\/a><\/figure>\n\n\n\n<p>Con respecto a los avances del encuentro, <strong>Tarchini <\/strong>destac\u00f3 que la Red de Dispositivos de la provincia se fortalece unificando criterios e incorporando herramientas, estableciendo acuerdos de trabajo en red.<\/p>\n","protected":false},"excerpt":{"rendered":"<p>Este viernes por la ma\u00f1ana se realiz\u00f3 el 1\u00b0 Encuentro de la Comisi\u00f3n de Dispositivos de Atenci\u00f3n en Adicciones y de la Red de Abordaje de Adicciones Santiago del Estero la Raase), con el objetivo de acordar estrategias y criterios de trabajo para este 2025.<\/p>\n","protected":false},"author":2,"featured_media":74163,"comment_status":"open","ping_status":"open","sticky":false,"template":"","format":"standard","meta":{"om_disable_all_campaigns":false,"_monsterinsights_skip_tracking":false,"_monsterinsights_sitenote_active":false,"_monsterinsights_sitenote_note":"","_monsterinsights_sitenote_category":0,"_uf_show_specific_survey":0,"_uf_disable_surveys":false,"jetpack_post_was_ever_published":false,"_jetpack_newsletter_access":"","_jetpack_dont_email_post_to_subs":false,"_jetpack_newsletter_tier_id":0,"_jetpack_memberships_contains_paywalled_content":false,"_jetpack_memberships_contains_paid_content":false,"footnotes":"","jetpack_publicize_message":"","jetpack_publicize_feature_enabled":true,"jetpack_social_post_already_shared":false,"jetpack_social_options":{"image_generator_settings":{"template":"highway","enabled":false},"version":2}},"categories":[4,3],"tags":[350,618],"class_list":["post-74162","post","type-post","status-publish","format-standard","has-post-thumbnail","hentry","category-destacadas","category-salud","tag-digaia","tag-matilde-omill"],"aioseo_notices":[],"views":12,"jetpack_publicize_connections":[],"jetpack_featured_media_url":"https:\/\/i0.wp.com\/elterritorialweb.com.ar\/web\/wp-content\/uploads\/2025\/03\/digaia.jpg?fit=2560%2C1596&ssl=1","jetpack_sharing_enabled":true,"_links":{"self":[{"href":"https:\/\/elterritorialweb.com.ar\/web\/wp-json\/wp\/v2\/posts\/74162","targetHints":{"allow":["GET"]}}],"collection":[{"href":"https:\/\/elterritorialweb.com.ar\/web\/wp-json\/wp\/v2\/posts"}],"about":[{"href":"https:\/\/elterritorialweb.com.ar\/web\/wp-json\/wp\/v2\/types\/post"}],"author":[{"embeddable":true,"href":"https:\/\/elterritorialweb.com.ar\/web\/wp-json\/wp\/v2\/users\/2"}],"replies":[{"embeddable":true,"href":"https:\/\/elterritorialweb.com.ar\/web\/wp-json\/wp\/v2\/comments?post=74162"}],"version-history":[{"count":2,"href":"https:\/\/elterritorialweb.com.ar\/web\/wp-json\/wp\/v2\/posts\/74162\/revisions"}],"predecessor-version":[{"id":74166,"href":"https:\/\/elterritorialweb.com.ar\/web\/wp-json\/wp\/v2\/posts\/74162\/revisions\/74166"}],"wp:featuredmedia":[{"embeddable":true,"href":"https:\/\/elterritorialweb.com.ar\/web\/wp-json\/wp\/v2\/media\/74163"}],"wp:attachment":[{"href":"https:\/\/elterritorialweb.com.ar\/web\/wp-json\/wp\/v2\/media?parent=74162"}],"wp:term":[{"taxonomy":"category","embeddable":true,"href":"https:\/\/elterritorialweb.com.ar\/web\/wp-json\/wp\/v2\/categories?post=74162"},{"taxonomy":"post_tag","embeddable":true,"href":"https:\/\/elterritorialweb.com.ar\/web\/wp-json\/wp\/v2\/tags?post=74162"}],"curies":[{"name":"wp","href":"https:\/\/api.w.org\/{rel}","templated":true}]}}