{"id":74170,"date":"2025-03-21T22:08:36","date_gmt":"2025-03-21T22:08:36","guid":{"rendered":"http:\/\/elterritorialweb.com.ar\/web\/?p=74170"},"modified":"2025-03-21T22:08:53","modified_gmt":"2025-03-21T22:08:53","slug":"este-parentesis-llamado-comedia-anuncia-su-2-temporada-a-estrenarse-en-adatise","status":"publish","type":"post","link":"https:\/\/elterritorialweb.com.ar\/web\/este-parentesis-llamado-comedia-anuncia-su-2-temporada-a-estrenarse-en-adatise\/","title":{"rendered":"\u00abESTE PAR\u00c9NTESIS LLAMADO COMEDIA\u00bb ANUNCIA SU 2\u00b0 TEMPORADA A ESTRENARSE EN ADATISE"},"content":{"rendered":"\n<p>Esta obra, una comedia dram\u00e1tica, es un claro ejemplo en donde la ficci\u00f3n puede traspasar a la realidad. En donde muchas personas, y sobretodo parejas, pueden identificarse con la historia en general y\/o con los personajes en particular. En esta propuesta teatral encontramos un vaiv\u00e9n de emociones y sentimientos para el p\u00fablico.<\/p>\n\n\n\n<p>La historia se desarrolla en el living comedor de un departamento, en donde una pareja est\u00e1 terminando de embalar y sacar las \u00faltimas cajas que quedan para la mudanza, antes separarse definitivamente.<\/p>\n\n\n\n<figure class=\"wp-block-image size-large\"><a href=\"https:\/\/i0.wp.com\/elterritorialweb.com.ar\/web\/wp-content\/uploads\/2025\/03\/comedia-adatise-2-scaled.jpg\"><img data-recalc-dims=\"1\" decoding=\"async\" width=\"640\" height=\"427\" data-src=\"https:\/\/i0.wp.com\/elterritorialweb.com.ar\/web\/wp-content\/uploads\/2025\/03\/comedia-adatise-2.jpg?resize=640%2C427\" alt=\"\" class=\"wp-image-74172 lazyload\" data-srcset=\"https:\/\/i0.wp.com\/elterritorialweb.com.ar\/web\/wp-content\/uploads\/2025\/03\/comedia-adatise-2-scaled.jpg?resize=1024%2C683&amp;ssl=1 1024w, https:\/\/i0.wp.com\/elterritorialweb.com.ar\/web\/wp-content\/uploads\/2025\/03\/comedia-adatise-2-scaled.jpg?resize=300%2C200&amp;ssl=1 300w, https:\/\/i0.wp.com\/elterritorialweb.com.ar\/web\/wp-content\/uploads\/2025\/03\/comedia-adatise-2-scaled.jpg?resize=768%2C512&amp;ssl=1 768w, https:\/\/i0.wp.com\/elterritorialweb.com.ar\/web\/wp-content\/uploads\/2025\/03\/comedia-adatise-2-scaled.jpg?resize=1536%2C1024&amp;ssl=1 1536w, https:\/\/i0.wp.com\/elterritorialweb.com.ar\/web\/wp-content\/uploads\/2025\/03\/comedia-adatise-2-scaled.jpg?resize=2048%2C1365&amp;ssl=1 2048w, https:\/\/i0.wp.com\/elterritorialweb.com.ar\/web\/wp-content\/uploads\/2025\/03\/comedia-adatise-2-scaled.jpg?w=1280 1280w, https:\/\/i0.wp.com\/elterritorialweb.com.ar\/web\/wp-content\/uploads\/2025\/03\/comedia-adatise-2-scaled.jpg?w=1920 1920w\" data-sizes=\"(max-width: 640px) 100vw, 640px\" src=\"data:image\/svg+xml;base64,PHN2ZyB3aWR0aD0iMSIgaGVpZ2h0PSIxIiB4bWxucz0iaHR0cDovL3d3dy53My5vcmcvMjAwMC9zdmciPjwvc3ZnPg==\" style=\"--smush-placeholder-width: 640px; --smush-placeholder-aspect-ratio: 640\/427;\" \/><\/a><\/figure>\n\n\n\n<p>El autor define la obra: Nico y Flor est\u00e1n en plena mudanza&#8230; Entre cajas, recuerdos y una dosis perfecta de iron\u00eda y sarcasmo, lo que parece ser una simple separaci\u00f3n se convierte en un duelo verbal para evitar un \u00faltimo gasto innecesario, juntos. Lo complicado de decir adi\u00f3s es que las emociones est\u00e1n lejos de estar empacadas.<\/p>\n\n\n\n<p>\u00c9sta producci\u00f3n cuenta adem\u00e1s cuenta con el apoyo de \u00abEl C\u00f3digo\u00bb, escuela de formaci\u00f3n actoral.<\/p>\n\n\n\n<p>Tendr\u00e1 su noche<strong> estreno de la 2\u00ba temporada el s\u00e1bado 29 de marzo a las 22 hs<\/strong>; a esta <strong>se suman las funciones del d\u00eda domingo 6 de abril a las 21 hs; s\u00e1bado 12 y 26 de abril a las 22 hs.<\/strong> todas en el <strong>teatro ADATISE <\/strong>(Libertad 175, Capital)<\/p>\n\n\n\n<figure class=\"wp-block-image size-large\"><a href=\"https:\/\/i0.wp.com\/elterritorialweb.com.ar\/web\/wp-content\/uploads\/2025\/03\/comedia-adatise-1-scaled.jpg\"><img data-recalc-dims=\"1\" decoding=\"async\" width=\"640\" height=\"431\" data-src=\"https:\/\/i0.wp.com\/elterritorialweb.com.ar\/web\/wp-content\/uploads\/2025\/03\/comedia-adatise-1.jpg?resize=640%2C431\" alt=\"\" class=\"wp-image-74173 lazyload\" data-srcset=\"https:\/\/i0.wp.com\/elterritorialweb.com.ar\/web\/wp-content\/uploads\/2025\/03\/comedia-adatise-1-scaled.jpg?resize=1024%2C689&amp;ssl=1 1024w, https:\/\/i0.wp.com\/elterritorialweb.com.ar\/web\/wp-content\/uploads\/2025\/03\/comedia-adatise-1-scaled.jpg?resize=300%2C202&amp;ssl=1 300w, https:\/\/i0.wp.com\/elterritorialweb.com.ar\/web\/wp-content\/uploads\/2025\/03\/comedia-adatise-1-scaled.jpg?resize=768%2C517&amp;ssl=1 768w, https:\/\/i0.wp.com\/elterritorialweb.com.ar\/web\/wp-content\/uploads\/2025\/03\/comedia-adatise-1-scaled.jpg?resize=1536%2C1034&amp;ssl=1 1536w, https:\/\/i0.wp.com\/elterritorialweb.com.ar\/web\/wp-content\/uploads\/2025\/03\/comedia-adatise-1-scaled.jpg?resize=2048%2C1378&amp;ssl=1 2048w, https:\/\/i0.wp.com\/elterritorialweb.com.ar\/web\/wp-content\/uploads\/2025\/03\/comedia-adatise-1-scaled.jpg?w=1280 1280w, https:\/\/i0.wp.com\/elterritorialweb.com.ar\/web\/wp-content\/uploads\/2025\/03\/comedia-adatise-1-scaled.jpg?w=1920 1920w\" data-sizes=\"(max-width: 640px) 100vw, 640px\" src=\"data:image\/svg+xml;base64,PHN2ZyB3aWR0aD0iMSIgaGVpZ2h0PSIxIiB4bWxucz0iaHR0cDovL3d3dy53My5vcmcvMjAwMC9zdmciPjwvc3ZnPg==\" style=\"--smush-placeholder-width: 640px; --smush-placeholder-aspect-ratio: 640\/431;\" \/><\/a><\/figure>\n\n\n\n<p>ACT\u00daAN: Mat\u00edas G. Khouri y Cecilia M. C\u00e1ceres<\/p>\n\n\n\n<p>DIRECCI\u00d3N: Emanuel Auad<\/p>\n\n\n\n<p>Por entradas&nbsp; anticipadas comunicarse al 3816423893, por instagram @clubactorescenarios o adquirirlas en boleter\u00eda del teatro el d\u00eda&nbsp;de&nbsp;la&nbsp;funci\u00f3n.<\/p>\n\n\n\n<p><strong>Contacto:<\/strong><br><strong>Tel\u00e9fono:<\/strong> +54 9 3816423893 Matias Khouri<br><strong>Email:<\/strong> clubdeactoresyescenarios@gmail.com<br><strong>Facebook:<\/strong> Club de Actores y Escenarios &nbsp;<strong>Instagram:<\/strong> @clubactoresescenarios<br><br><\/p>\n","protected":false},"excerpt":{"rendered":"<p>El club de actores y escenarios anuncia la 2\u00b0 temporada de \u00abEste par\u00e9ntesis llamado comedia\u00bb obra escrita por Mat\u00edas G. Khouri y dirigida por Emanuel Auad.<\/p>\n","protected":false},"author":2,"featured_media":74171,"comment_status":"open","ping_status":"open","sticky":false,"template":"","format":"standard","meta":{"om_disable_all_campaigns":false,"_monsterinsights_skip_tracking":false,"_monsterinsights_sitenote_active":false,"_monsterinsights_sitenote_note":"","_monsterinsights_sitenote_category":0,"_uf_show_specific_survey":0,"_uf_disable_surveys":false,"jetpack_post_was_ever_published":false,"_jetpack_newsletter_access":"","_jetpack_dont_email_post_to_subs":false,"_jetpack_newsletter_tier_id":0,"_jetpack_memberships_contains_paywalled_content":false,"_jetpack_memberships_contains_paid_content":false,"footnotes":"","jetpack_publicize_message":"","jetpack_publicize_feature_enabled":true,"jetpack_social_post_already_shared":false,"jetpack_social_options":{"image_generator_settings":{"template":"highway","enabled":false},"version":2}},"categories":[4,20],"tags":[365,1231],"class_list":["post-74170","post","type-post","status-publish","format-standard","has-post-thumbnail","hentry","category-destacadas","category-especysociales","tag-adatise","tag-escuela-de-formacion-actoral-el-codigo"],"aioseo_notices":[],"views":21,"jetpack_publicize_connections":[],"jetpack_featured_media_url":"https:\/\/i0.wp.com\/elterritorialweb.com.ar\/web\/wp-content\/uploads\/2025\/03\/comedia-adatise-scaled.jpg?fit=2560%2C1441&ssl=1","jetpack_sharing_enabled":true,"_links":{"self":[{"href":"https:\/\/elterritorialweb.com.ar\/web\/wp-json\/wp\/v2\/posts\/74170","targetHints":{"allow":["GET"]}}],"collection":[{"href":"https:\/\/elterritorialweb.com.ar\/web\/wp-json\/wp\/v2\/posts"}],"about":[{"href":"https:\/\/elterritorialweb.com.ar\/web\/wp-json\/wp\/v2\/types\/post"}],"author":[{"embeddable":true,"href":"https:\/\/elterritorialweb.com.ar\/web\/wp-json\/wp\/v2\/users\/2"}],"replies":[{"embeddable":true,"href":"https:\/\/elterritorialweb.com.ar\/web\/wp-json\/wp\/v2\/comments?post=74170"}],"version-history":[{"count":2,"href":"https:\/\/elterritorialweb.com.ar\/web\/wp-json\/wp\/v2\/posts\/74170\/revisions"}],"predecessor-version":[{"id":74175,"href":"https:\/\/elterritorialweb.com.ar\/web\/wp-json\/wp\/v2\/posts\/74170\/revisions\/74175"}],"wp:featuredmedia":[{"embeddable":true,"href":"https:\/\/elterritorialweb.com.ar\/web\/wp-json\/wp\/v2\/media\/74171"}],"wp:attachment":[{"href":"https:\/\/elterritorialweb.com.ar\/web\/wp-json\/wp\/v2\/media?parent=74170"}],"wp:term":[{"taxonomy":"category","embeddable":true,"href":"https:\/\/elterritorialweb.com.ar\/web\/wp-json\/wp\/v2\/categories?post=74170"},{"taxonomy":"post_tag","embeddable":true,"href":"https:\/\/elterritorialweb.com.ar\/web\/wp-json\/wp\/v2\/tags?post=74170"}],"curies":[{"name":"wp","href":"https:\/\/api.w.org\/{rel}","templated":true}]}}