{"id":74176,"date":"2025-03-21T22:20:56","date_gmt":"2025-03-21T22:20:56","guid":{"rendered":"http:\/\/elterritorialweb.com.ar\/web\/?p=74176"},"modified":"2025-03-21T22:21:06","modified_gmt":"2025-03-21T22:21:06","slug":"presentaron-el-curso-de-comunicion-y-marketing-deportivo","status":"publish","type":"post","link":"https:\/\/elterritorialweb.com.ar\/web\/presentaron-el-curso-de-comunicion-y-marketing-deportivo\/","title":{"rendered":"PRESENTARON EL CURSO DE COMUNICI\u00d3N Y MARKETING DEPORTIVO"},"content":{"rendered":"\n<p>El mismo es <strong>100% virtual,<\/strong> y se<strong> iniciar\u00e1 el 10 de abril<\/strong>, y estar\u00e1 destinado a dirigentes, entrenadores, directivos. Administrativos deportivos, PF, periodistas, docentes, estudiantes y p\u00fablico en general, donde tendr\u00e1 puntaje docente.<\/p>\n\n\n\n<p><strong>Francisco Pece<\/strong> indic\u00f3 que el<strong> curso de Comunicaci\u00f3n y Marketing deportivo<\/strong> es conocer y saber usar aplicaciones para generar dise\u00f1os de contenido, que permitan visibilizar y promocionar las actividades de los clubes e instituciones en cualquier disciplina deportiva o deportes: <em>\u201cLa idea es fortalecer la comunicaci\u00f3n y fomentar la educaci\u00f3n en relaci\u00f3n a las diversas actividades\u201d,<\/em> expres\u00f3 el dirigente deportivo.<\/p>\n\n\n\n<p>La informaci\u00f3n del curso indica que habr\u00e1 1 clase grabada semanal de dos horas, 1 clase de consultas, y podr\u00e1n recibir toda la informaci\u00f3n a trav\u00e9s de una Tablet, celular o computadora. Habr\u00e1 consultas en vivo v\u00eda videoconferencia, clases grabadas, con herramientas de dise\u00f1o (Canva, Capcut), herramientas virtuales para producir dise\u00f1os y editar videos. Utilizaci\u00f3n de la Inteligencia Artificial , Redacci\u00f3n y Organizaci\u00f3n para planificar contenidos.<\/p>\n\n\n\n<h3 class=\"wp-block-heading\">DOCENTES<\/h3>\n\n\n\n<p>El plantel docente est\u00e1 conformado por <strong>Tec. Jorgelina Campos<\/strong> (T\u00e9cnica en Administraci\u00f3n y Gesti\u00f3n Universitaria graduada en UNSE. Administradora de plataformas virtuales, manejo de sistema inform\u00e1ticos universitarios y capacitadora en el uso de herramientas informativas en UNSE).<\/p>\n\n\n\n<p><strong>Licenciada Julia Salom\u00f3n<\/strong> (Lic. En comunicaci\u00f3n social con una diplomatura en marketing digital y social media. Encargada del \u00e1rea de comunicaci\u00f3n del Hospital Independencia, es docente de nivel superior y se encarga de la comunicaci\u00f3n del \u00e1rea de Postgrado de la EIE- UNSE.<\/p>\n\n\n\n<p><strong>Licenciada Carmen Nassif <\/strong>(Dise\u00f1adora gr\u00e1fica egresada en la Universidad de Buenos Aires. Especializada en dise\u00f1o y desarrollo web front end, de la Fundaci\u00f3n YPF y la UCSE, Actualmente ense\u00f1a en la Tecnicatura en Dise\u00f1o Gr\u00e1fico del Instituto San Jorge.<\/p>\n\n\n\n<p>El Curso de Comunicaci\u00f3n y Marketing cuenta con la organizaci\u00f3n de la Federaci\u00f3n Provincial de F\u00fatbol de Santiago del Estero, y el auspicio del Gobierno Provincial, la Secretaria de Deportes de Santiago del Estero, Ministerio de Educaci\u00f3n, Ciencia y Tecnolog\u00eda, Consejo Federal de AFA, y la Federaci\u00f3n Argentina de Periodistas Deportivos.<\/p>\n","protected":false},"excerpt":{"rendered":"<p>Hoy al mediod\u00eda fue presentado en forma oficial el Curso de Comunicaci\u00f3n y Marketing Deportivo de nivel nacional, con la presencia del secretario de deportes: Profesor Carlos Dapello, y del vicepresidente de la Federaci\u00f3n Provincial de F\u00fatbol de Santiago del Estero: Francisco Pece.<\/p>\n","protected":false},"author":2,"featured_media":74177,"comment_status":"open","ping_status":"open","sticky":false,"template":"","format":"standard","meta":{"om_disable_all_campaigns":false,"_monsterinsights_skip_tracking":false,"_monsterinsights_sitenote_active":false,"_monsterinsights_sitenote_note":"","_monsterinsights_sitenote_category":0,"_uf_show_specific_survey":0,"_uf_disable_surveys":false,"jetpack_post_was_ever_published":false,"_jetpack_newsletter_access":"","_jetpack_dont_email_post_to_subs":false,"_jetpack_newsletter_tier_id":0,"_jetpack_memberships_contains_paywalled_content":false,"_jetpack_memberships_contains_paid_content":false,"footnotes":"","jetpack_publicize_message":"","jetpack_publicize_feature_enabled":true,"jetpack_social_post_already_shared":false,"jetpack_social_options":{"image_generator_settings":{"template":"highway","enabled":false},"version":2}},"categories":[4,21],"tags":[220,1233],"class_list":["post-74176","post","type-post","status-publish","format-standard","has-post-thumbnail","hentry","category-destacadas","category-locales","tag-carlos-dapello","tag-francisco-pece"],"aioseo_notices":[],"views":14,"jetpack_publicize_connections":[],"jetpack_featured_media_url":"https:\/\/i0.wp.com\/elterritorialweb.com.ar\/web\/wp-content\/uploads\/2025\/03\/dapello-y-pesce-e1742595495281.jpg?fit=720%2C644&ssl=1","jetpack_sharing_enabled":true,"_links":{"self":[{"href":"https:\/\/elterritorialweb.com.ar\/web\/wp-json\/wp\/v2\/posts\/74176","targetHints":{"allow":["GET"]}}],"collection":[{"href":"https:\/\/elterritorialweb.com.ar\/web\/wp-json\/wp\/v2\/posts"}],"about":[{"href":"https:\/\/elterritorialweb.com.ar\/web\/wp-json\/wp\/v2\/types\/post"}],"author":[{"embeddable":true,"href":"https:\/\/elterritorialweb.com.ar\/web\/wp-json\/wp\/v2\/users\/2"}],"replies":[{"embeddable":true,"href":"https:\/\/elterritorialweb.com.ar\/web\/wp-json\/wp\/v2\/comments?post=74176"}],"version-history":[{"count":2,"href":"https:\/\/elterritorialweb.com.ar\/web\/wp-json\/wp\/v2\/posts\/74176\/revisions"}],"predecessor-version":[{"id":74179,"href":"https:\/\/elterritorialweb.com.ar\/web\/wp-json\/wp\/v2\/posts\/74176\/revisions\/74179"}],"wp:featuredmedia":[{"embeddable":true,"href":"https:\/\/elterritorialweb.com.ar\/web\/wp-json\/wp\/v2\/media\/74177"}],"wp:attachment":[{"href":"https:\/\/elterritorialweb.com.ar\/web\/wp-json\/wp\/v2\/media?parent=74176"}],"wp:term":[{"taxonomy":"category","embeddable":true,"href":"https:\/\/elterritorialweb.com.ar\/web\/wp-json\/wp\/v2\/categories?post=74176"},{"taxonomy":"post_tag","embeddable":true,"href":"https:\/\/elterritorialweb.com.ar\/web\/wp-json\/wp\/v2\/tags?post=74176"}],"curies":[{"name":"wp","href":"https:\/\/api.w.org\/{rel}","templated":true}]}}