{"id":74193,"date":"2025-03-22T18:58:25","date_gmt":"2025-03-22T18:58:25","guid":{"rendered":"http:\/\/elterritorialweb.com.ar\/web\/?p=74193"},"modified":"2025-03-22T18:58:39","modified_gmt":"2025-03-22T18:58:39","slug":"el-municipio-bandeno-asistira-a-postulantes-del-programa-progresar-obligatorio-2025","status":"publish","type":"post","link":"https:\/\/elterritorialweb.com.ar\/web\/el-municipio-bandeno-asistira-a-postulantes-del-programa-progresar-obligatorio-2025\/","title":{"rendered":"EL MUNICIPIO BANDE\u00d1O ASISTIR\u00c1 A POSTULANTES DEL PROGRAMA PROGRESAR OBLIGATORIO 2025"},"content":{"rendered":"\n<p>Este a\u00f1o, las <strong>inscripciones se realizar\u00e1n del 10 al 30 de marzo<\/strong>, a trav\u00e9s de la <strong>plataforma digital Progresar<\/strong>, para completar parte del proceso es necesario que los postulantes est\u00e9n registrados en la <strong>app Mi Argentina<\/strong>, para validar su identidad.<\/p>\n\n\n\n<p><strong>Progresar Obligatorio <\/strong>es un programa destinado a<strong> <\/strong>estudiantes de entre 16 y 24 a\u00f1os<strong> <\/strong>que deseen acceder a una beca para completar sus estudios y deben cumplir con los siguientes requisitos: <strong>Tener entre 16 y 24 a\u00f1os; Pertenecer a un grupo familiar cuyos ingresos no superen tres veces el Salario M\u00ednimo, Vital y M\u00f3vil; Realizar cursos o actividades de extensi\u00f3n formativa de car\u00e1cter obligatorio; Contar con un CBU o CVU a su nombre para la percepci\u00f3n de la beca.<\/strong><\/p>\n\n\n\n<p>Las personas interesadas en recibir dicha asistencia deben acercarse a la <strong>Casa del Bicentenario<\/strong>, situada en <strong>Avenida Besares y Garay, de lunes a viernes, de 8 a 13.<\/strong><\/p>\n","protected":false},"excerpt":{"rendered":"<p>Desde Punto Digital La Banda se brindar\u00e1 el servicio de validaci\u00f3n de identidad de los postulantes a las Becas 2025 del Programa Progresar Obligatorio, dependiente del Ministerio de Capital Humano de Naci\u00f3n.<\/p>\n","protected":false},"author":2,"featured_media":74194,"comment_status":"open","ping_status":"open","sticky":false,"template":"","format":"standard","meta":{"om_disable_all_campaigns":false,"_monsterinsights_skip_tracking":false,"_monsterinsights_sitenote_active":false,"_monsterinsights_sitenote_note":"","_monsterinsights_sitenote_category":0,"_uf_show_specific_survey":0,"_uf_disable_surveys":false,"jetpack_post_was_ever_published":false,"_jetpack_newsletter_access":"","_jetpack_dont_email_post_to_subs":false,"_jetpack_newsletter_tier_id":0,"_jetpack_memberships_contains_paywalled_content":false,"_jetpack_memberships_contains_paid_content":false,"footnotes":"","jetpack_publicize_message":"","jetpack_publicize_feature_enabled":true,"jetpack_social_post_already_shared":false,"jetpack_social_options":{"image_generator_settings":{"template":"highway","enabled":false},"version":2}},"categories":[9,4],"tags":[71,1235],"class_list":["post-74193","post","type-post","status-publish","format-standard","has-post-thumbnail","hentry","category-banda","category-destacadas","tag-municipalidad-de-la-banda","tag-progresar"],"aioseo_notices":[],"views":15,"jetpack_publicize_connections":[],"jetpack_featured_media_url":"https:\/\/i0.wp.com\/elterritorialweb.com.ar\/web\/wp-content\/uploads\/2025\/03\/PROGRESAR-BANDA.jpg?fit=1024%2C576&ssl=1","jetpack_sharing_enabled":true,"_links":{"self":[{"href":"https:\/\/elterritorialweb.com.ar\/web\/wp-json\/wp\/v2\/posts\/74193","targetHints":{"allow":["GET"]}}],"collection":[{"href":"https:\/\/elterritorialweb.com.ar\/web\/wp-json\/wp\/v2\/posts"}],"about":[{"href":"https:\/\/elterritorialweb.com.ar\/web\/wp-json\/wp\/v2\/types\/post"}],"author":[{"embeddable":true,"href":"https:\/\/elterritorialweb.com.ar\/web\/wp-json\/wp\/v2\/users\/2"}],"replies":[{"embeddable":true,"href":"https:\/\/elterritorialweb.com.ar\/web\/wp-json\/wp\/v2\/comments?post=74193"}],"version-history":[{"count":2,"href":"https:\/\/elterritorialweb.com.ar\/web\/wp-json\/wp\/v2\/posts\/74193\/revisions"}],"predecessor-version":[{"id":74196,"href":"https:\/\/elterritorialweb.com.ar\/web\/wp-json\/wp\/v2\/posts\/74193\/revisions\/74196"}],"wp:featuredmedia":[{"embeddable":true,"href":"https:\/\/elterritorialweb.com.ar\/web\/wp-json\/wp\/v2\/media\/74194"}],"wp:attachment":[{"href":"https:\/\/elterritorialweb.com.ar\/web\/wp-json\/wp\/v2\/media?parent=74193"}],"wp:term":[{"taxonomy":"category","embeddable":true,"href":"https:\/\/elterritorialweb.com.ar\/web\/wp-json\/wp\/v2\/categories?post=74193"},{"taxonomy":"post_tag","embeddable":true,"href":"https:\/\/elterritorialweb.com.ar\/web\/wp-json\/wp\/v2\/tags?post=74193"}],"curies":[{"name":"wp","href":"https:\/\/api.w.org\/{rel}","templated":true}]}}