{"id":74197,"date":"2025-03-22T19:19:40","date_gmt":"2025-03-22T19:19:40","guid":{"rendered":"http:\/\/elterritorialweb.com.ar\/web\/?p=74197"},"modified":"2025-03-22T19:19:43","modified_gmt":"2025-03-22T19:19:43","slug":"daer-ratifico-el-paro-del-10-de-abril-y-aseguro-que-no-hay-comunicacion-con-el-gobierno","status":"publish","type":"post","link":"https:\/\/elterritorialweb.com.ar\/web\/daer-ratifico-el-paro-del-10-de-abril-y-aseguro-que-no-hay-comunicacion-con-el-gobierno\/","title":{"rendered":"DAER RATIFIC\u00d3 EL PARO DEL 10 DE ABRIL Y ASEGUR\u00d3 QUE \u00abNO HAY COMUNICACI\u00d3N CON EL GOBIERNO\u00bb"},"content":{"rendered":"\n<p>El secretario general de la Confederaci\u00f3n General del Trabajo (<strong>CGT<\/strong>),\u00a0<strong>H\u00e9ctor Daer<\/strong>, ratific\u00f3 este s\u00e1bado\u00a0el paro del 10 de abril anunciado por la central obrera\u00a0contra las pol\u00edticas del presidente Javier Milei y asegur\u00f3 que\u00a0<strong>\u201cno hay comunicaci\u00f3n con el Gobierno\u201d.<\/strong><\/p>\n\n\n\n<p>\u201c<strong>No vale todo,<\/strong>\u00a0la sociedad empieza a analizar determinados rumbos y se da cuenta de las diferencias que se tienen en c\u00f3mo se est\u00e1 encarando el ajuste\u201d, analiz\u00f3 el triunviro de la CGT sobre la realidad socioecon\u00f3mica de la argentina.<\/p>\n\n\n\n<p>En relaci\u00f3n a la falta de di\u00e1logo con la administraci\u00f3n liberar\u00eda, Daer detall\u00f3: \u201c<strong>Con el jefe de Gabinete la \u00faltima vez que habl\u00e9 fue en la reuni\u00f3n en Casa Rosada y con Santiago Caputo a fin de a\u00f1o\u201d.<\/strong><\/p>\n\n\n\n<p>Para el gremialista, \u201chay un trasfondo de una avanzada mucho m\u00e1s grande estos meses sobre el Estado\u201d. Luego, en una entrevista con&nbsp;<em>AM750,&nbsp;<\/em>volvi\u00f3 a realizar el<strong>&nbsp;pedido de paritarias libres<\/strong>&nbsp;debido a la fuerte p\u00e9rdida del poder adquisitivo de los trabajadores en el \u00faltimo a\u00f1o.<\/p>\n\n\n\n<p>\u201cEstamos poniendo en discusi\u00f3n eso. Nadie tiene que creer que la dirigencia sindical no busca los instrumentos para conseguir los mejores salarios posibles, en el medio aprieta el Estado con no homologar\u201d, sostuvo.<\/p>\n\n\n\n<p>En el mismo sentido, remarc\u00f3 estar \u00abdiscutiendo si la pol\u00edtica de ingresos es la adecuada o si nos lleva a una situaci\u00f3n m\u00e1s complicada recesiva y de ca\u00edda del poder adquisitivo.&nbsp;<strong>El paro debe generar la instancia de debate p\u00fablico sobre las pol\u00edticas que estamos discutiendo: bienvenida la pol\u00edtica partidaria y social<\/strong>\u201d.<\/p>\n","protected":false},"excerpt":{"rendered":"<p>El secretario general de la central obrera confirm\u00f3 la medida de fuerza del 10 de abril contra las pol\u00edticas del presidente Javier Milei. \u00abLa sociedad empieza a analizar determinados rumbos y se da cuenta de las diferencias que se tienen en c\u00f3mo se est\u00e1 encarando el ajuste\u00bb, se\u00f1al\u00f3.<\/p>\n","protected":false},"author":2,"featured_media":74198,"comment_status":"open","ping_status":"open","sticky":false,"template":"","format":"standard","meta":{"om_disable_all_campaigns":false,"_monsterinsights_skip_tracking":false,"_monsterinsights_sitenote_active":false,"_monsterinsights_sitenote_note":"","_monsterinsights_sitenote_category":0,"_uf_show_specific_survey":0,"_uf_disable_surveys":false,"jetpack_post_was_ever_published":false,"_jetpack_newsletter_access":"","_jetpack_dont_email_post_to_subs":false,"_jetpack_newsletter_tier_id":0,"_jetpack_memberships_contains_paywalled_content":false,"_jetpack_memberships_contains_paid_content":false,"footnotes":"","jetpack_publicize_message":"","jetpack_publicize_feature_enabled":true,"jetpack_social_post_already_shared":false,"jetpack_social_options":{"image_generator_settings":{"template":"highway","enabled":false},"version":2}},"categories":[4,7],"tags":[259,871,899],"class_list":["post-74197","post","type-post","status-publish","format-standard","has-post-thumbnail","hentry","category-destacadas","category-nacionales","tag-cgt","tag-hector-daer-2","tag-paro-nacional"],"aioseo_notices":[],"views":14,"jetpack_publicize_connections":[],"jetpack_featured_media_url":"https:\/\/i0.wp.com\/elterritorialweb.com.ar\/web\/wp-content\/uploads\/2025\/03\/HECTOR-DAER.jpeg?fit=1024%2C576&ssl=1","jetpack_sharing_enabled":true,"_links":{"self":[{"href":"https:\/\/elterritorialweb.com.ar\/web\/wp-json\/wp\/v2\/posts\/74197","targetHints":{"allow":["GET"]}}],"collection":[{"href":"https:\/\/elterritorialweb.com.ar\/web\/wp-json\/wp\/v2\/posts"}],"about":[{"href":"https:\/\/elterritorialweb.com.ar\/web\/wp-json\/wp\/v2\/types\/post"}],"author":[{"embeddable":true,"href":"https:\/\/elterritorialweb.com.ar\/web\/wp-json\/wp\/v2\/users\/2"}],"replies":[{"embeddable":true,"href":"https:\/\/elterritorialweb.com.ar\/web\/wp-json\/wp\/v2\/comments?post=74197"}],"version-history":[{"count":2,"href":"https:\/\/elterritorialweb.com.ar\/web\/wp-json\/wp\/v2\/posts\/74197\/revisions"}],"predecessor-version":[{"id":74200,"href":"https:\/\/elterritorialweb.com.ar\/web\/wp-json\/wp\/v2\/posts\/74197\/revisions\/74200"}],"wp:featuredmedia":[{"embeddable":true,"href":"https:\/\/elterritorialweb.com.ar\/web\/wp-json\/wp\/v2\/media\/74198"}],"wp:attachment":[{"href":"https:\/\/elterritorialweb.com.ar\/web\/wp-json\/wp\/v2\/media?parent=74197"}],"wp:term":[{"taxonomy":"category","embeddable":true,"href":"https:\/\/elterritorialweb.com.ar\/web\/wp-json\/wp\/v2\/categories?post=74197"},{"taxonomy":"post_tag","embeddable":true,"href":"https:\/\/elterritorialweb.com.ar\/web\/wp-json\/wp\/v2\/tags?post=74197"}],"curies":[{"name":"wp","href":"https:\/\/api.w.org\/{rel}","templated":true}]}}