{"id":74201,"date":"2025-03-22T19:40:01","date_gmt":"2025-03-22T19:40:01","guid":{"rendered":"http:\/\/elterritorialweb.com.ar\/web\/?p=74201"},"modified":"2025-03-22T19:46:31","modified_gmt":"2025-03-22T19:46:31","slug":"cristina-kirchner-el-congreso-le-dio-un-cheque-en-blanco-al-presidente-para-que-haga-lo-que-quiera-con-el-fondo","status":"publish","type":"post","link":"https:\/\/elterritorialweb.com.ar\/web\/cristina-kirchner-el-congreso-le-dio-un-cheque-en-blanco-al-presidente-para-que-haga-lo-que-quiera-con-el-fondo\/","title":{"rendered":"CRISTINA KIRCHNER: \u00abEL CONGRESO LE DIO UN CHEQUE EN BLANCO AL PRESIDENTE PARA QUE HAGA LO QUE QUIERA CON EL FONDO\u00bb"},"content":{"rendered":"\n<p>La expresidenta\u00a0<strong>Cristina Kirchner<\/strong>\u00a0advirti\u00f3 este s\u00e1bado que\u00a0<strong>\u00abel Congreso le dio un cheque en blanco\u00bb al presidente Javier Milei \u00abpara que haga lo que quiera con el Fondo Monetario Internacional\u00bb<\/strong>, al\u00a0aprobar el DNU que habilita al Poder Ejecutivo a avanzar en un\u00a0<strong>nuevo endeudamiento<\/strong>\u00a0con el organismo internacional de cr\u00e9dito.<\/p>\n\n\n\n<p>Lo hizo durante el discurso que brind\u00f3 en el Congreso Educativo Nacional organizado por la Universidad de Buenos Aires (UBA), en el que\u00a0<strong>apunt\u00f3 especialmente contra los diputados peronistas de Catamarca, Tucum\u00e1n, Misiones y Salta\u00a0<\/strong>que acompa\u00f1aron la iniciativa del oficialismo, al se\u00f1alar que\u00a0<strong>\u00absi\u00a0no hubiesen votado como votaron, este cheque en blanco no existir\u00eda\u00bb<\/strong>.<\/p>\n\n\n\n<p><strong>\u00abEl Congreso aprob\u00f3 el proyecto que este Presidente, que ven\u00eda con la dolarizaci\u00f3n, le envi\u00f3. Una especie de cheque en blanco para que haga lo que quiera, otra vez con el Fondo Monetario Internacional\u00bb<\/strong>, remarc\u00f3 la titular del Partido Justicialista.<\/p>\n\n\n\n<blockquote class=\"wp-block-quote is-layout-flow wp-block-quote-is-layout-flow\">\n<h2 class=\"wp-block-heading\">\u00abSe dieron cuenta ahora que el problema no eran los pesos, sino los d\u00f3lares\u00bb<\/h2>\n<cite>Cristina Kirchner<\/cite><\/blockquote>\n\n\n\n<p>Cristina Kirchner, quien durante a\u00f1os se encarg\u00f3 de remarcar que la falta de d\u00f3lares es la madre de todos los problemas en una econom\u00eda bimonetaria como la argentina, se refiri\u00f3 con iron\u00eda al relato que el Gobierno construye alrededor de la nueva deuda que decidi\u00f3 tomar con el FMI, al se\u00f1alar que&nbsp;<strong>\u00abreci\u00e9n ahora se dio cuenta que el problema no eran los pesos, sino que eran los d\u00f3lares\u00bb<\/strong>.<\/p>\n\n\n\n<p>\u00abUn periodista le pregunt\u00f3 al vocero (Manuel Adorni), que dicen que es inteligente. F\u00edjense lo que dijo cuando un periodista le pregunt\u00f3 sobre el FMI. \u00c9l contest\u00f3 que el Fondo &#8216;es una rueda de auxilio&#8217;. \u00a1Horrible met\u00e1fora, querido!<strong>&nbsp;\u00bfCu\u00e1ndo usamos la rueda de auxilio? Cuando pinchaste, hermano. Y pincharon, hermano, pincharon\u00bb<\/strong>, afirm\u00f3.<\/p>\n\n\n\n<p>\u00abLe pasaron motosierra a Dios y Mar\u00eda sant\u00edsima y&nbsp;<strong>se dieron cuenta que los pesos no eran el problema, sino que eran los d\u00f3lares. \u00a1Hola! \u00a1\u00bfQu\u00e9 tal?! Ocho a\u00f1os sentada ah\u00ed; cuatro a\u00f1os acompa\u00f1\u00e1ndolo a N\u00e9stor<\/strong>; 12 en la Gobernaci\u00f3n; 14 a\u00f1os de legisladora nacional; pasamos por todas las experiencias\u00bb, enumer\u00f3 la expresidenta.<\/p>\n\n\n\n<h3 class=\"wp-block-heading\">Cr\u00edticas a Edgardo Kueider y a los diputados peronistas que votaron el DNU de Javier Milei<\/h3>\n\n\n\n<p>La expresidenta defini\u00f3 la situaci\u00f3n actual de la Argentina como&nbsp;<strong>\u00abun contexto de descomposici\u00f3n institucional en un marco grave de la econom\u00eda\u00bb<\/strong>. Y subray\u00f3 que tal descomposici\u00f3n \u00ababarca a los tres poderes del Estado: el Poder Ejecutivo, el Poder Legislativo y el Poder Judicial\u00bb.<\/p>\n\n\n\n<p>En ese sentido, cuestion\u00f3 a los diputados de todas las fuerzas pol\u00edticas que acompa\u00f1aron el DNU que habilita al Gobierno a tomar nueva deuda con el FMI y&nbsp;<strong>desliz\u00f3 la idea de que pudieron haber existido coimas<\/strong>&nbsp;a cambio de conseguir voluntades en el Parlamento.<\/p>\n\n\n\n<p>\u00abViendo\u00a0el video de (Edgardo) Kueider, exsenador de la provincia de Entre R\u00edos, contando fajos de d\u00f3lares, no en una financiera o en un banco, sino en su despacho en la del gobierno provincial de Entre R\u00edos. Kueider, que fue sorprendido en la frontera paraguaya con u$s250.000, despu\u00e9s de votar la Ley Bases,\u00a0<strong>perm\u00edtanme entonces dudar de por qu\u00e9 votan como votan<\/strong>\u00a0ciertos legisladores en el parlamento argentino\u00bb, sostuvo.<\/p>\n\n\n\n<p><strong>\u00abTambi\u00e9n tenemos que mirar por casa c\u00f3mo andamos.&nbsp;<\/strong>Ser\u00eda deshonesto intelectualmente no decir que, por ejemplo, en la C\u00e1mara de Diputados, si los diputados peronistas de la provincia de Catamarca, si los diputados peronistas de Tucum\u00e1n, si los diputados peronistas que fueron con Sergio Massa en la boleta de Misiones, si los diputados peronistas de Salta hubieran votado junto al peronismo y a otras fuerzas pol\u00edticas, este cheque en blanco no existir\u00eda. Y lo digo con mucha pena y dolor\u00bb, agreg\u00f3.<\/p>\n\n\n\n<blockquote class=\"wp-block-quote is-layout-flow wp-block-quote-is-layout-flow\">\n<h2 class=\"wp-block-heading\">\u00abTenemos un Presidente que no sabe c\u00f3mo se llama San Mart\u00edn\u00bb<\/h2>\n<cite>Cristina Kirchner<\/cite><\/blockquote>\n\n\n\n<p>La expresidenta ironiz\u00f3 con el error que tuvo el viernes el presidente\u00a0<strong>Javier Milei<\/strong>\u00a0durante el acto por el\u00a0213\u00ba aniversario de la creaci\u00f3n del Regimiento de Granaderos a Caballo, al pronunciar el nombre de\u00a0<strong>Jos\u00e9 de San Mart\u00edn<\/strong>.<\/p>\n\n\n\n<p>\u00ab\u00bfPor qu\u00e9 es necesario replantear la educaci\u00f3n? Creo que el hecho de tener&nbsp;<strong>un Presidente que no sabe c\u00f3mo se llama San Mart\u00edn<\/strong>, y que ayer lo llam\u00f3 Juan Jos\u00e9 de San Mart\u00edn, ya justifica la realizaci\u00f3n de un Congreso Nacional de Educaci\u00f3n, sin lugar a dudas\u00bb, lanz\u00f3 la ex mandataria al inicio del acto.<\/p>\n\n\n\n<p>Y remat\u00f3: \u00abCasi muero de espanto. Para colmo, con los granaderos.&nbsp;<strong>Yo no s\u00e9 c\u00f3mo no se cay\u00f3 un granadero.&nbsp;<\/strong>Fue con motivo de conmemorar de la creaci\u00f3n del Regimiento de Granaderos a Caballo\u00bb.<\/p>\n","protected":false},"excerpt":{"rendered":"<p>En un encendido discurso, la expresidenta y actual titular del PJ cuestion\u00f3 especialmente a los legisladores peronistas que acompa\u00f1aron el DNU del nuevo endeudamiento con el FMI. Adem\u00e1s, fue ir\u00f3nica con el Gobierno, al se\u00f1alar que \u00abse dio cuenta que los pesos no eran el problema, sino que eran los d\u00f3lares\u00bb.<\/p>\n","protected":false},"author":2,"featured_media":74202,"comment_status":"open","ping_status":"open","sticky":false,"template":"","format":"standard","meta":{"om_disable_all_campaigns":false,"_monsterinsights_skip_tracking":false,"_monsterinsights_sitenote_active":false,"_monsterinsights_sitenote_note":"","_monsterinsights_sitenote_category":0,"_uf_show_specific_survey":0,"_uf_disable_surveys":false,"jetpack_post_was_ever_published":false,"_jetpack_newsletter_access":"","_jetpack_dont_email_post_to_subs":false,"_jetpack_newsletter_tier_id":0,"_jetpack_memberships_contains_paywalled_content":false,"_jetpack_memberships_contains_paid_content":false,"footnotes":"","jetpack_publicize_message":"","jetpack_publicize_feature_enabled":true,"jetpack_social_post_already_shared":false,"jetpack_social_options":{"image_generator_settings":{"template":"highway","enabled":false},"version":2}},"categories":[4,7],"tags":[85],"class_list":["post-74201","post","type-post","status-publish","format-standard","has-post-thumbnail","hentry","category-destacadas","category-nacionales","tag-cristina-kirchner"],"aioseo_notices":[],"views":12,"jetpack_publicize_connections":[],"jetpack_featured_media_url":"https:\/\/i0.wp.com\/elterritorialweb.com.ar\/web\/wp-content\/uploads\/2025\/03\/CRISTINA-KIRCHNER.png?fit=1200%2C665&ssl=1","jetpack_sharing_enabled":true,"_links":{"self":[{"href":"https:\/\/elterritorialweb.com.ar\/web\/wp-json\/wp\/v2\/posts\/74201","targetHints":{"allow":["GET"]}}],"collection":[{"href":"https:\/\/elterritorialweb.com.ar\/web\/wp-json\/wp\/v2\/posts"}],"about":[{"href":"https:\/\/elterritorialweb.com.ar\/web\/wp-json\/wp\/v2\/types\/post"}],"author":[{"embeddable":true,"href":"https:\/\/elterritorialweb.com.ar\/web\/wp-json\/wp\/v2\/users\/2"}],"replies":[{"embeddable":true,"href":"https:\/\/elterritorialweb.com.ar\/web\/wp-json\/wp\/v2\/comments?post=74201"}],"version-history":[{"count":3,"href":"https:\/\/elterritorialweb.com.ar\/web\/wp-json\/wp\/v2\/posts\/74201\/revisions"}],"predecessor-version":[{"id":74206,"href":"https:\/\/elterritorialweb.com.ar\/web\/wp-json\/wp\/v2\/posts\/74201\/revisions\/74206"}],"wp:featuredmedia":[{"embeddable":true,"href":"https:\/\/elterritorialweb.com.ar\/web\/wp-json\/wp\/v2\/media\/74202"}],"wp:attachment":[{"href":"https:\/\/elterritorialweb.com.ar\/web\/wp-json\/wp\/v2\/media?parent=74201"}],"wp:term":[{"taxonomy":"category","embeddable":true,"href":"https:\/\/elterritorialweb.com.ar\/web\/wp-json\/wp\/v2\/categories?post=74201"},{"taxonomy":"post_tag","embeddable":true,"href":"https:\/\/elterritorialweb.com.ar\/web\/wp-json\/wp\/v2\/tags?post=74201"}],"curies":[{"name":"wp","href":"https:\/\/api.w.org\/{rel}","templated":true}]}}