{"id":74311,"date":"2025-03-28T05:20:58","date_gmt":"2025-03-28T05:20:58","guid":{"rendered":"https:\/\/elterritorialweb.com.ar\/web\/?p=74311"},"modified":"2025-03-28T05:21:00","modified_gmt":"2025-03-28T05:21:00","slug":"convovan-a-cubrir-cargos-docentes-en-jardines-de-infantes-municipales","status":"publish","type":"post","link":"https:\/\/elterritorialweb.com.ar\/web\/convovan-a-cubrir-cargos-docentes-en-jardines-de-infantes-municipales\/","title":{"rendered":"CONVOVAN A CUBRIR CARGOS DOCENTES EN JARDINES DE INFANTES MUNICIPALES"},"content":{"rendered":"\n<p>Los cargos corresponden al Jard\u00edn N\u00b04 \u201cEl Principito\u201d, maestra de secci\u00f3n suplente, turno ma\u00f1ana y turno tarde; Jard\u00edn N\u00b010 \u201cLas Ardillitas\u201d, maestra de secci\u00f3n interina turno ma\u00f1ana; Jard\u00edn N\u00b012 \u201cArco Iris\u201d maestra de secci\u00f3n suplente turno ma\u00f1ana; Jard\u00edn N\u00b016 \u201cTrapito\u201d maestra de secci\u00f3n suplente turno tarde y Jard\u00edn N\u00b017 \u201cDivino Ni\u00f1o Jes\u00fas\u201d, maestra de secci\u00f3n suplente turnos ma\u00f1ana y tarde.<\/p>\n\n\n\n<p>Tambi\u00e9n para el Jard\u00edn N\u00b018 \u201cIng. Bruno Volta\u201d, maestra de secci\u00f3n suplente turno ma\u00f1ana; Jard\u00edn N\u00b021 \u201cJos\u00e9 de San Mart\u00edn\u201d, maestra de secci\u00f3n interina turno ma\u00f1ana y Jard\u00edn N\u00b025 \u201cArturo Illia\u201d, maestra de secci\u00f3n interina turno ma\u00f1ana.<\/p>\n\n\n\n<p>En tanto, los cargos de maestra celadora son para el Jard\u00edn N\u00ba 11 \u201cSHUNKO\u201d, 1 cargo, turno ma\u00f1ana; Jard\u00edn N\u00ba 15 \u201cMar\u00eda Isabel Rodr\u00edguez de P\u00e1ez\u201d, 1 cargo, turno ma\u00f1ana; Jard\u00edn N\u00ba 16 \u201cTrapito\u201d, 1 cargo, turno tarde; Jard\u00edn N\u00ba 17 \u201cDivino Ni\u00f1o Jes\u00fas\u201d, 1 cargo, turno ma\u00f1ana y Jard\u00edn N\u00ba 19 \u201cNuestra Sra. del Rosario de San Nicol\u00e1s\u201d, 1 cargo, turno tarde.<\/p>\n\n\n\n<p>Para el cargo de maestra de educaci\u00f3n f\u00edsica, la vacante es para el Jard\u00edn N\u00ba 8 \u201cNuestra Sra. de la Medalla Milagrosa\u201d&nbsp; para el turno ma\u00f1ana y tarde.<\/p>\n\n\n\n<p>Mientras que el cargo para maestro de lenguajes art\u00edsticos es para el Jard\u00edn N\u00ba 1 \u201cBlanca Nieves\u201d, turno ma\u00f1ana y tarde.<\/p>\n\n\n\n<p>Los docentes interesados deben presentarse con formulario de declaraci\u00f3n jurada de cargos de supervisi\u00f3n de jardines de infantes municipales, cuyo formato es emitido por Supervisi\u00f3n y debe declarar toda fuente laboral que posea, con la firma correspondiente del director o responsable de dicho\/s trabajo\/s; Apto m\u00e9dico, emitido por Reconocimiento M\u00e9dico Municipal (con vigencia de dos a\u00f1os, a partir de la fecha expedida) y D.N.I.<\/p>\n","protected":false},"excerpt":{"rendered":"<p>La Subsecretar\u00eda de Educaci\u00f3n de la Municipalidad de la Capital realiz\u00f3 la convocatoria para ocupar cargos docentes en sus jardines de infantes, acto que se llevar\u00e1 a cabo en el \u00d3valo del Parque Sur el pr\u00f3ximo lunes 31 de marzo, a las 8.30.<\/p>\n","protected":false},"author":2,"featured_media":74312,"comment_status":"open","ping_status":"open","sticky":false,"template":"","format":"standard","meta":{"om_disable_all_campaigns":false,"_monsterinsights_skip_tracking":false,"_monsterinsights_sitenote_active":false,"_monsterinsights_sitenote_note":"","_monsterinsights_sitenote_category":0,"_uf_show_specific_survey":0,"_uf_disable_surveys":false,"jetpack_post_was_ever_published":false,"_jetpack_newsletter_access":"","_jetpack_dont_email_post_to_subs":false,"_jetpack_newsletter_tier_id":0,"_jetpack_memberships_contains_paywalled_content":false,"_jetpack_memberships_contains_paid_content":false,"footnotes":"","jetpack_publicize_message":"","jetpack_publicize_feature_enabled":true,"jetpack_social_post_already_shared":false,"jetpack_social_options":{"image_generator_settings":{"template":"highway","enabled":false},"version":2}},"categories":[4,19],"tags":[313,620],"class_list":["post-74311","post","type-post","status-publish","format-standard","has-post-thumbnail","hentry","category-destacadas","category-educacion","tag-jardines-de-infantes-municipales","tag-ofrecimiento-de-cargos-docentes"],"aioseo_notices":[],"views":20,"jetpack_publicize_connections":[],"jetpack_featured_media_url":"https:\/\/i0.wp.com\/elterritorialweb.com.ar\/web\/wp-content\/uploads\/2025\/03\/jardines22.jpeg?fit=1600%2C1109&ssl=1","jetpack_sharing_enabled":true,"_links":{"self":[{"href":"https:\/\/elterritorialweb.com.ar\/web\/wp-json\/wp\/v2\/posts\/74311","targetHints":{"allow":["GET"]}}],"collection":[{"href":"https:\/\/elterritorialweb.com.ar\/web\/wp-json\/wp\/v2\/posts"}],"about":[{"href":"https:\/\/elterritorialweb.com.ar\/web\/wp-json\/wp\/v2\/types\/post"}],"author":[{"embeddable":true,"href":"https:\/\/elterritorialweb.com.ar\/web\/wp-json\/wp\/v2\/users\/2"}],"replies":[{"embeddable":true,"href":"https:\/\/elterritorialweb.com.ar\/web\/wp-json\/wp\/v2\/comments?post=74311"}],"version-history":[{"count":2,"href":"https:\/\/elterritorialweb.com.ar\/web\/wp-json\/wp\/v2\/posts\/74311\/revisions"}],"predecessor-version":[{"id":74314,"href":"https:\/\/elterritorialweb.com.ar\/web\/wp-json\/wp\/v2\/posts\/74311\/revisions\/74314"}],"wp:featuredmedia":[{"embeddable":true,"href":"https:\/\/elterritorialweb.com.ar\/web\/wp-json\/wp\/v2\/media\/74312"}],"wp:attachment":[{"href":"https:\/\/elterritorialweb.com.ar\/web\/wp-json\/wp\/v2\/media?parent=74311"}],"wp:term":[{"taxonomy":"category","embeddable":true,"href":"https:\/\/elterritorialweb.com.ar\/web\/wp-json\/wp\/v2\/categories?post=74311"},{"taxonomy":"post_tag","embeddable":true,"href":"https:\/\/elterritorialweb.com.ar\/web\/wp-json\/wp\/v2\/tags?post=74311"}],"curies":[{"name":"wp","href":"https:\/\/api.w.org\/{rel}","templated":true}]}}