{"id":74315,"date":"2025-03-28T21:48:23","date_gmt":"2025-03-28T21:48:23","guid":{"rendered":"http:\/\/elterritorialweb.com.ar\/web\/?p=74315"},"modified":"2025-03-28T21:48:25","modified_gmt":"2025-03-28T21:48:25","slug":"el-das-tuvo-su-asamblea-anual-ordinaria","status":"publish","type":"post","link":"https:\/\/elterritorialweb.com.ar\/web\/el-das-tuvo-su-asamblea-anual-ordinaria\/","title":{"rendered":"EL DAS TUVO SU ASAMBLEA ANUAL ORDINARIA"},"content":{"rendered":"\n<p>En horas de la tarde de este viernes, el\u00a0<strong>gremio docente<\/strong>\u00a0encabezado por su\u00a0<strong>secretario general Freddy Basbus,<\/strong>\u00a0realiz\u00f3 su\u00a0<strong>Asamblea Anual Ordinaria<\/strong>\u00a0en la sede de la CGT y cont\u00f3 con la presencia de su comisi\u00f3n directiva y gran n\u00famero de docentes afiliados.<\/p>\n\n\n\n<p>Antes del inicio de la misma el\u00a0<strong>gremio agasaj\u00f3 a los presentes con un break<\/strong>, para luego invitar a los mismos a ingresar a sal\u00f3n principal de la sede para dar inicio a la asamblea.<\/p>\n\n\n\n<figure class=\"wp-block-image size-large\"><a href=\"https:\/\/i0.wp.com\/elterritorialweb.com.ar\/web\/wp-content\/uploads\/2025\/03\/DAS-1.jpg\"><img data-recalc-dims=\"1\" decoding=\"async\" width=\"640\" height=\"480\" data-src=\"https:\/\/i0.wp.com\/elterritorialweb.com.ar\/web\/wp-content\/uploads\/2025\/03\/DAS-1.jpg?resize=640%2C480\" alt=\"\" class=\"wp-image-74317 lazyload\" data-srcset=\"https:\/\/i0.wp.com\/elterritorialweb.com.ar\/web\/wp-content\/uploads\/2025\/03\/DAS-1.jpg?resize=1024%2C768&amp;ssl=1 1024w, https:\/\/i0.wp.com\/elterritorialweb.com.ar\/web\/wp-content\/uploads\/2025\/03\/DAS-1.jpg?resize=300%2C225&amp;ssl=1 300w, https:\/\/i0.wp.com\/elterritorialweb.com.ar\/web\/wp-content\/uploads\/2025\/03\/DAS-1.jpg?resize=768%2C576&amp;ssl=1 768w, https:\/\/i0.wp.com\/elterritorialweb.com.ar\/web\/wp-content\/uploads\/2025\/03\/DAS-1.jpg?resize=1536%2C1152&amp;ssl=1 1536w, https:\/\/i0.wp.com\/elterritorialweb.com.ar\/web\/wp-content\/uploads\/2025\/03\/DAS-1.jpg?w=2048&amp;ssl=1 2048w, https:\/\/i0.wp.com\/elterritorialweb.com.ar\/web\/wp-content\/uploads\/2025\/03\/DAS-1.jpg?w=1280 1280w, https:\/\/i0.wp.com\/elterritorialweb.com.ar\/web\/wp-content\/uploads\/2025\/03\/DAS-1.jpg?w=1920 1920w\" data-sizes=\"(max-width: 640px) 100vw, 640px\" src=\"data:image\/svg+xml;base64,PHN2ZyB3aWR0aD0iMSIgaGVpZ2h0PSIxIiB4bWxucz0iaHR0cDovL3d3dy53My5vcmcvMjAwMC9zdmciPjwvc3ZnPg==\" style=\"--smush-placeholder-width: 640px; --smush-placeholder-aspect-ratio: 640\/480;\" \/><\/a><\/figure>\n\n\n\n<p>Junto a\u00a0<strong>Freddy Basbus<\/strong>, en la\u00a0<strong>mesa directiva<\/strong>, tambi\u00e9n estuvieron presentes el\u00a0<strong>contador Leandro Basbus<\/strong>, la secretaria de finanzas\u00a0<strong>Prof. Perla Garnica<\/strong>, la secretaria adjunta\u00a0<strong>Lic. Liliana Murad<\/strong>, el secretario administrativo<strong>\u00a0Prof. Ariel Bulacio<\/strong> y la secretaria de actas <strong>Prof. Noem\u00ed Salas<\/strong>.<\/p>\n\n\n\n<p>En el inicio tuvo la palabra del\u00a0<strong>secretario general<\/strong>, donde agradeci\u00f3 la presencia de todos y\u00a0<strong>recalc\u00f3 la importancia del trabajo del gremio durante el a\u00f1o 2024<\/strong>, al que lo calific\u00f3 de\u00a0<em>\u00abpositivo y pensando siempre en beneficio de todos los afiliados\u00bb<\/em>. Seguidamente la\u00a0<strong>secretaria de finanzas<\/strong>\u00a0dio lectura a los\u00a0<strong>ingresos y egresos<\/strong>\u00a0que tuvo el gremio donde resalt\u00f3\u00a0<strong>donaciones a establecimientos educativos y premios a los afiliados en fechas significativas<\/strong>\u00a0entre otros movimientos.<\/p>\n\n\n\n<figure class=\"wp-block-image size-large\"><a href=\"https:\/\/i0.wp.com\/elterritorialweb.com.ar\/web\/wp-content\/uploads\/2025\/03\/das-2.jpg\"><img data-recalc-dims=\"1\" decoding=\"async\" width=\"640\" height=\"480\" data-src=\"https:\/\/i0.wp.com\/elterritorialweb.com.ar\/web\/wp-content\/uploads\/2025\/03\/das-2.jpg?resize=640%2C480\" alt=\"\" class=\"wp-image-74318 lazyload\" data-srcset=\"https:\/\/i0.wp.com\/elterritorialweb.com.ar\/web\/wp-content\/uploads\/2025\/03\/das-2.jpg?resize=1024%2C768&amp;ssl=1 1024w, https:\/\/i0.wp.com\/elterritorialweb.com.ar\/web\/wp-content\/uploads\/2025\/03\/das-2.jpg?resize=300%2C225&amp;ssl=1 300w, https:\/\/i0.wp.com\/elterritorialweb.com.ar\/web\/wp-content\/uploads\/2025\/03\/das-2.jpg?resize=768%2C576&amp;ssl=1 768w, https:\/\/i0.wp.com\/elterritorialweb.com.ar\/web\/wp-content\/uploads\/2025\/03\/das-2.jpg?resize=1536%2C1152&amp;ssl=1 1536w, https:\/\/i0.wp.com\/elterritorialweb.com.ar\/web\/wp-content\/uploads\/2025\/03\/das-2.jpg?w=2048&amp;ssl=1 2048w, https:\/\/i0.wp.com\/elterritorialweb.com.ar\/web\/wp-content\/uploads\/2025\/03\/das-2.jpg?w=1280 1280w, https:\/\/i0.wp.com\/elterritorialweb.com.ar\/web\/wp-content\/uploads\/2025\/03\/das-2.jpg?w=1920 1920w\" data-sizes=\"(max-width: 640px) 100vw, 640px\" src=\"data:image\/svg+xml;base64,PHN2ZyB3aWR0aD0iMSIgaGVpZ2h0PSIxIiB4bWxucz0iaHR0cDovL3d3dy53My5vcmcvMjAwMC9zdmciPjwvc3ZnPg==\" style=\"--smush-placeholder-width: 640px; --smush-placeholder-aspect-ratio: 640\/480;\" \/><\/a><figcaption class=\"wp-element-caption\">Lectura del Estado Contable a cargo del Contador Leandro Basbus<\/figcaption><\/figure>\n\n\n\n<p>Posteriormente el\u00a0<strong>contador Leandro Basbus<\/strong>, dio\u00a0<strong>lectura del estado contable<\/strong>\u00a0correspondientes a\u00a0<strong>las<\/strong>\u00a0<strong>cuentas del gremio con el an\u00e1lisis t\u00e9cnico del balance 2024\u00a0<\/strong>con\u00a0<strong>saldo positivo<\/strong>, dejando el libro general a disposici\u00f3n de los que quieran verificar lo informado.<\/p>\n\n\n\n<p>Para finalizar\u00a0<strong>Freddy Basbus<\/strong>\u00a0<strong>convoc\u00f3 a todos a trabajar unidos<\/strong>\u00a0en favor del gremio en estos tiempos dif\u00edciles del pa\u00eds para\u00a0<strong>seguir avanzando en la tarea de dar respuesta a las necesidades de los docentes afiliados.<\/strong><\/p>\n","protected":false},"excerpt":{"rendered":"<p>La misma tuvo lugar en la sede de la CGT ante un gran cantidad de afiliados presentes. <\/p>\n","protected":false},"author":2,"featured_media":74316,"comment_status":"open","ping_status":"open","sticky":false,"template":"","format":"standard","meta":{"om_disable_all_campaigns":false,"_monsterinsights_skip_tracking":false,"_monsterinsights_sitenote_active":false,"_monsterinsights_sitenote_note":"","_monsterinsights_sitenote_category":0,"_uf_show_specific_survey":0,"_uf_disable_surveys":false,"jetpack_post_was_ever_published":false,"_jetpack_newsletter_access":"","_jetpack_dont_email_post_to_subs":false,"_jetpack_newsletter_tier_id":0,"_jetpack_memberships_contains_paywalled_content":false,"_jetpack_memberships_contains_paid_content":false,"footnotes":"","jetpack_publicize_message":"","jetpack_publicize_feature_enabled":true,"jetpack_social_post_already_shared":false,"jetpack_social_options":{"image_generator_settings":{"template":"highway","enabled":false},"version":2}},"categories":[4,19],"tags":[553,141],"class_list":["post-74315","post","type-post","status-publish","format-standard","has-post-thumbnail","hentry","category-destacadas","category-educacion","tag-docentes-agremiados-santiaguenos-das","tag-freddy-basbus"],"aioseo_notices":[],"views":73,"jetpack_publicize_connections":[],"jetpack_featured_media_url":"https:\/\/i0.wp.com\/elterritorialweb.com.ar\/web\/wp-content\/uploads\/2025\/03\/DAS.jpg?fit=2048%2C1536&ssl=1","jetpack_sharing_enabled":true,"_links":{"self":[{"href":"https:\/\/elterritorialweb.com.ar\/web\/wp-json\/wp\/v2\/posts\/74315","targetHints":{"allow":["GET"]}}],"collection":[{"href":"https:\/\/elterritorialweb.com.ar\/web\/wp-json\/wp\/v2\/posts"}],"about":[{"href":"https:\/\/elterritorialweb.com.ar\/web\/wp-json\/wp\/v2\/types\/post"}],"author":[{"embeddable":true,"href":"https:\/\/elterritorialweb.com.ar\/web\/wp-json\/wp\/v2\/users\/2"}],"replies":[{"embeddable":true,"href":"https:\/\/elterritorialweb.com.ar\/web\/wp-json\/wp\/v2\/comments?post=74315"}],"version-history":[{"count":2,"href":"https:\/\/elterritorialweb.com.ar\/web\/wp-json\/wp\/v2\/posts\/74315\/revisions"}],"predecessor-version":[{"id":74320,"href":"https:\/\/elterritorialweb.com.ar\/web\/wp-json\/wp\/v2\/posts\/74315\/revisions\/74320"}],"wp:featuredmedia":[{"embeddable":true,"href":"https:\/\/elterritorialweb.com.ar\/web\/wp-json\/wp\/v2\/media\/74316"}],"wp:attachment":[{"href":"https:\/\/elterritorialweb.com.ar\/web\/wp-json\/wp\/v2\/media?parent=74315"}],"wp:term":[{"taxonomy":"category","embeddable":true,"href":"https:\/\/elterritorialweb.com.ar\/web\/wp-json\/wp\/v2\/categories?post=74315"},{"taxonomy":"post_tag","embeddable":true,"href":"https:\/\/elterritorialweb.com.ar\/web\/wp-json\/wp\/v2\/tags?post=74315"}],"curies":[{"name":"wp","href":"https:\/\/api.w.org\/{rel}","templated":true}]}}