{"id":74584,"date":"2025-04-05T23:07:40","date_gmt":"2025-04-05T23:07:40","guid":{"rendered":"https:\/\/elterritorialweb.com.ar\/web\/?p=74584"},"modified":"2025-04-05T23:08:24","modified_gmt":"2025-04-05T23:08:24","slug":"invitan-a-los-jovenes-a-la-jornada-sobre-la-canonizacion-del-beato-carlo-acusti","status":"publish","type":"post","link":"https:\/\/elterritorialweb.com.ar\/web\/invitan-a-los-jovenes-a-la-jornada-sobre-la-canonizacion-del-beato-carlo-acusti\/","title":{"rendered":"INVITAN A J\u00d3VENES A LA JORNADA SOBRE LA CANONIZACI\u00d3N DEL BEATO CARLO ACUSTI"},"content":{"rendered":"\n<p>La mesa de <strong>j\u00f3venes del Decanato Centro-Norte<\/strong> invita a todos los j\u00f3venes a participar de la <strong>jornada \u00abJ\u00f3venes Semillas de Esperanza\u00bb,<\/strong> un encuentro que busca reunir a j\u00f3venes que son signos de esperanza y semillas de un futuro en la Iglesia Cat\u00f3lica.<\/p>\n\n\n\n<h3 class=\"wp-block-heading\">Objetivo de la Jornada<\/h3>\n\n\n\n<p>Consultado al <strong>Padre Miguel \u00c1ngel Barrientos<\/strong>, sostuvo que<em> \u00abel objetivo de esta jornada es convocar a j\u00f3venes que integran parroquias, colegios y j\u00f3venes en general (desde los 15 a\u00f1os en adelante) para un encuentro de amor fraterno, donde puedan redescubrir su valiosa persona y dar a conocer sus talentos\u00bb.<\/em><\/p>\n\n\n\n<p>La jornada se inspira en la <strong>Canonizaci\u00f3n del Beato Carlo Acutis,<\/strong> un joven que se convirti\u00f3 en un modelo de fe y esperanza para muchos. <\/p>\n\n\n\n<p>Los organizadores buscan que los j\u00f3venes participantes se sientan motivados a seguir su ejemplo y a ser semillas de esperanza en sus comunidades.<\/p>\n\n\n\n<p>Para m\u00e1s informaci\u00f3n comunicarse a las siguientes l\u00edneas de WhatsApp: <strong>Mirna (0385) 154-202-412- Isabel (0385) 155-842-292<\/strong><\/p>\n","protected":false},"excerpt":{"rendered":"<p>El evento se realizar\u00e1 el d\u00eda 12 de Abril de 9 a 17, en el Colegio Hermanas Franciscanas, ubicado en Calle Saenz Pe\u00f1a 43 de esta ciudad Capital. <\/p>\n","protected":false},"author":2,"featured_media":74585,"comment_status":"open","ping_status":"open","sticky":false,"template":"","format":"standard","meta":{"om_disable_all_campaigns":false,"_monsterinsights_skip_tracking":false,"_monsterinsights_sitenote_active":false,"_monsterinsights_sitenote_note":"","_monsterinsights_sitenote_category":0,"_uf_show_specific_survey":0,"_uf_disable_surveys":false,"jetpack_post_was_ever_published":false,"_jetpack_newsletter_access":"","_jetpack_dont_email_post_to_subs":false,"_jetpack_newsletter_tier_id":0,"_jetpack_memberships_contains_paywalled_content":false,"_jetpack_memberships_contains_paid_content":false,"footnotes":"","jetpack_publicize_message":"","jetpack_publicize_feature_enabled":true,"jetpack_social_post_already_shared":false,"jetpack_social_options":{"image_generator_settings":{"template":"highway","enabled":false},"version":2}},"categories":[21],"tags":[],"class_list":["post-74584","post","type-post","status-publish","format-standard","has-post-thumbnail","hentry","category-locales"],"aioseo_notices":[],"views":19,"jetpack_publicize_connections":[],"jetpack_featured_media_url":"https:\/\/i0.wp.com\/elterritorialweb.com.ar\/web\/wp-content\/uploads\/2025\/04\/IMG-20250405-WA0029.jpg?fit=1200%2C1050&ssl=1","jetpack_sharing_enabled":true,"_links":{"self":[{"href":"https:\/\/elterritorialweb.com.ar\/web\/wp-json\/wp\/v2\/posts\/74584","targetHints":{"allow":["GET"]}}],"collection":[{"href":"https:\/\/elterritorialweb.com.ar\/web\/wp-json\/wp\/v2\/posts"}],"about":[{"href":"https:\/\/elterritorialweb.com.ar\/web\/wp-json\/wp\/v2\/types\/post"}],"author":[{"embeddable":true,"href":"https:\/\/elterritorialweb.com.ar\/web\/wp-json\/wp\/v2\/users\/2"}],"replies":[{"embeddable":true,"href":"https:\/\/elterritorialweb.com.ar\/web\/wp-json\/wp\/v2\/comments?post=74584"}],"version-history":[{"count":3,"href":"https:\/\/elterritorialweb.com.ar\/web\/wp-json\/wp\/v2\/posts\/74584\/revisions"}],"predecessor-version":[{"id":74588,"href":"https:\/\/elterritorialweb.com.ar\/web\/wp-json\/wp\/v2\/posts\/74584\/revisions\/74588"}],"wp:featuredmedia":[{"embeddable":true,"href":"https:\/\/elterritorialweb.com.ar\/web\/wp-json\/wp\/v2\/media\/74585"}],"wp:attachment":[{"href":"https:\/\/elterritorialweb.com.ar\/web\/wp-json\/wp\/v2\/media?parent=74584"}],"wp:term":[{"taxonomy":"category","embeddable":true,"href":"https:\/\/elterritorialweb.com.ar\/web\/wp-json\/wp\/v2\/categories?post=74584"},{"taxonomy":"post_tag","embeddable":true,"href":"https:\/\/elterritorialweb.com.ar\/web\/wp-json\/wp\/v2\/tags?post=74584"}],"curies":[{"name":"wp","href":"https:\/\/api.w.org\/{rel}","templated":true}]}}