{"id":74677,"date":"2025-04-08T17:54:25","date_gmt":"2025-04-08T17:54:25","guid":{"rendered":"https:\/\/elterritorialweb.com.ar\/web\/?p=74677"},"modified":"2025-04-08T17:56:05","modified_gmt":"2025-04-08T17:56:05","slug":"la-pena-de-los-copla-llega-a-frias","status":"publish","type":"post","link":"https:\/\/elterritorialweb.com.ar\/web\/la-pena-de-los-copla-llega-a-frias\/","title":{"rendered":"LA PE\u00d1A DE LOS COPLA LLEGA A FR\u00cdAS"},"content":{"rendered":"\n<p><strong>Julio Paz<\/strong> y <strong>Roberto Cantos<\/strong> est\u00e1n celebrando <strong>40 a\u00f1os de trayectoria<\/strong> y qu\u00e9 mejor forma de hacerlo que con el regreso de uno de sus mayores emblemas, <strong>la Pe\u00f1a de los Copla.<\/strong><br><br>Adem\u00e1s, la grilla de la noche tendr\u00e1 a: <strong>La Brasita de mi Chala, Sombrita Algarrobera, La Manea, Pablo Castillo y Los Umbidez.<\/strong><\/p>\n\n\n\n<figure class=\"wp-block-image size-large\"><a href=\"https:\/\/i0.wp.com\/elterritorialweb.com.ar\/web\/wp-content\/uploads\/2025\/04\/1000010177.jpg?ssl=1\"><img data-recalc-dims=\"1\" decoding=\"async\" width=\"640\" height=\"391\" data-src=\"https:\/\/i0.wp.com\/elterritorialweb.com.ar\/web\/wp-content\/uploads\/2025\/04\/1000010177-1024x625.jpg?resize=640%2C391&#038;ssl=1\" alt=\"\" class=\"wp-image-74681 lazyload\" data-srcset=\"https:\/\/i0.wp.com\/elterritorialweb.com.ar\/web\/wp-content\/uploads\/2025\/04\/1000010177.jpg?resize=1024%2C625&amp;ssl=1 1024w, https:\/\/i0.wp.com\/elterritorialweb.com.ar\/web\/wp-content\/uploads\/2025\/04\/1000010177.jpg?resize=300%2C183&amp;ssl=1 300w, https:\/\/i0.wp.com\/elterritorialweb.com.ar\/web\/wp-content\/uploads\/2025\/04\/1000010177.jpg?resize=768%2C469&amp;ssl=1 768w, https:\/\/i0.wp.com\/elterritorialweb.com.ar\/web\/wp-content\/uploads\/2025\/04\/1000010177.jpg?w=1491&amp;ssl=1 1491w, https:\/\/i0.wp.com\/elterritorialweb.com.ar\/web\/wp-content\/uploads\/2025\/04\/1000010177.jpg?w=1280 1280w\" data-sizes=\"(max-width: 640px) 100vw, 640px\" src=\"data:image\/svg+xml;base64,PHN2ZyB3aWR0aD0iMSIgaGVpZ2h0PSIxIiB4bWxucz0iaHR0cDovL3d3dy53My5vcmcvMjAwMC9zdmciPjwvc3ZnPg==\" style=\"--smush-placeholder-width: 640px; --smush-placeholder-aspect-ratio: 640\/391;\" \/><\/a><\/figure>\n\n\n\n<p>La cita es desde las 22.30hs, y las entradas se consiguen en <a href=\"https:\/\/www.entradaweb.com.ar\/evento\/d6befd6b\/step\/1\" title=\"entradaweb.com.ar\">entradaweb.com.ar<\/a><\/p>\n","protected":false},"excerpt":{"rendered":"<p>Ser\u00e1 el S\u00e1bado 19 de Abril en el emblem\u00e1tico Club Atl\u00e9tico Fr\u00edas, para recrear el gran ritual en el que confluyen la m\u00fasica, la danza y el encuentro.<\/p>\n","protected":false},"author":2,"featured_media":74678,"comment_status":"open","ping_status":"open","sticky":false,"template":"","format":"standard","meta":{"om_disable_all_campaigns":false,"_monsterinsights_skip_tracking":false,"_monsterinsights_sitenote_active":false,"_monsterinsights_sitenote_note":"","_monsterinsights_sitenote_category":0,"_uf_show_specific_survey":0,"_uf_disable_surveys":false,"jetpack_post_was_ever_published":false,"_jetpack_newsletter_access":"","_jetpack_dont_email_post_to_subs":false,"_jetpack_newsletter_tier_id":0,"_jetpack_memberships_contains_paywalled_content":false,"_jetpack_memberships_contains_paid_content":false,"footnotes":"","jetpack_publicize_message":"","jetpack_publicize_feature_enabled":true,"jetpack_social_post_already_shared":false,"jetpack_social_options":{"image_generator_settings":{"template":"highway","enabled":false},"version":2}},"categories":[4,20],"tags":[],"class_list":["post-74677","post","type-post","status-publish","format-standard","has-post-thumbnail","hentry","category-destacadas","category-especysociales"],"aioseo_notices":[],"views":32,"jetpack_publicize_connections":[],"jetpack_featured_media_url":"https:\/\/i0.wp.com\/elterritorialweb.com.ar\/web\/wp-content\/uploads\/2025\/04\/IMG-20250408-WA0007.jpg?fit=973%2C766&ssl=1","jetpack_sharing_enabled":true,"_links":{"self":[{"href":"https:\/\/elterritorialweb.com.ar\/web\/wp-json\/wp\/v2\/posts\/74677","targetHints":{"allow":["GET"]}}],"collection":[{"href":"https:\/\/elterritorialweb.com.ar\/web\/wp-json\/wp\/v2\/posts"}],"about":[{"href":"https:\/\/elterritorialweb.com.ar\/web\/wp-json\/wp\/v2\/types\/post"}],"author":[{"embeddable":true,"href":"https:\/\/elterritorialweb.com.ar\/web\/wp-json\/wp\/v2\/users\/2"}],"replies":[{"embeddable":true,"href":"https:\/\/elterritorialweb.com.ar\/web\/wp-json\/wp\/v2\/comments?post=74677"}],"version-history":[{"count":3,"href":"https:\/\/elterritorialweb.com.ar\/web\/wp-json\/wp\/v2\/posts\/74677\/revisions"}],"predecessor-version":[{"id":74684,"href":"https:\/\/elterritorialweb.com.ar\/web\/wp-json\/wp\/v2\/posts\/74677\/revisions\/74684"}],"wp:featuredmedia":[{"embeddable":true,"href":"https:\/\/elterritorialweb.com.ar\/web\/wp-json\/wp\/v2\/media\/74678"}],"wp:attachment":[{"href":"https:\/\/elterritorialweb.com.ar\/web\/wp-json\/wp\/v2\/media?parent=74677"}],"wp:term":[{"taxonomy":"category","embeddable":true,"href":"https:\/\/elterritorialweb.com.ar\/web\/wp-json\/wp\/v2\/categories?post=74677"},{"taxonomy":"post_tag","embeddable":true,"href":"https:\/\/elterritorialweb.com.ar\/web\/wp-json\/wp\/v2\/tags?post=74677"}],"curies":[{"name":"wp","href":"https:\/\/api.w.org\/{rel}","templated":true}]}}