{"id":74774,"date":"2025-04-11T12:12:18","date_gmt":"2025-04-11T12:12:18","guid":{"rendered":"https:\/\/elterritorialweb.com.ar\/web\/?p=74774"},"modified":"2025-04-11T12:12:20","modified_gmt":"2025-04-11T12:12:20","slug":"zamora-encabeza-el-ranking-nacional-de-imagen-positiva-entre-gobernadores","status":"publish","type":"post","link":"https:\/\/elterritorialweb.com.ar\/web\/zamora-encabeza-el-ranking-nacional-de-imagen-positiva-entre-gobernadores\/","title":{"rendered":"ZAMORA ENCABEZA EL RANKING NACIONAL DE IMAGEN POSITIVA ENTRE GOBERNADORES"},"content":{"rendered":"\n<p>El&nbsp;<strong>gobernador de Santiago del Estero, Gerardo Zamora<\/strong>, fue destacado a nivel nacional al encabezar una encuesta de la consultora Tendencias como el mandatario provincial con mejor imagen del pa\u00eds.<\/p>\n\n\n\n<p><strong>Con un 68,4% de aprobaci\u00f3n, super\u00f3 a los gobernadores de San Juan, Marcelo Orrego (67,1%)<\/strong>, y de Chaco, Leandro Zdero (66,3%). El relevamiento se realiz\u00f3 entre el 29 de marzo y el 3 de abril en las 24 jurisdicciones argentinas.<\/p>\n\n\n\n<p>Este reconocimiento llega\u00a0<strong>en un contexto de alta tensi\u00f3n social y econ\u00f3mica en el pa\u00eds<\/strong>, donde muchos mandatarios enfrentan un creciente descontento. En contraste, Zamora se consolida como un referente de gesti\u00f3n, con fuerte respaldo ciudadano.<\/p>\n\n\n\n<figure class=\"wp-block-image size-large\"><a href=\"https:\/\/i0.wp.com\/elterritorialweb.com.ar\/web\/wp-content\/uploads\/2025\/04\/17443732541787448006786496570379.jpg?ssl=1\"><img data-recalc-dims=\"1\" decoding=\"async\" width=\"640\" height=\"715\" data-src=\"https:\/\/i0.wp.com\/elterritorialweb.com.ar\/web\/wp-content\/uploads\/2025\/04\/17443732541787448006786496570379-917x1024.jpg?resize=640%2C715&#038;ssl=1\" alt=\"\" class=\"wp-image-74775 lazyload\" data-srcset=\"https:\/\/i0.wp.com\/elterritorialweb.com.ar\/web\/wp-content\/uploads\/2025\/04\/17443732541787448006786496570379.jpg?resize=917%2C1024&amp;ssl=1 917w, https:\/\/i0.wp.com\/elterritorialweb.com.ar\/web\/wp-content\/uploads\/2025\/04\/17443732541787448006786496570379.jpg?resize=269%2C300&amp;ssl=1 269w, https:\/\/i0.wp.com\/elterritorialweb.com.ar\/web\/wp-content\/uploads\/2025\/04\/17443732541787448006786496570379.jpg?resize=768%2C857&amp;ssl=1 768w, https:\/\/i0.wp.com\/elterritorialweb.com.ar\/web\/wp-content\/uploads\/2025\/04\/17443732541787448006786496570379.jpg?resize=1024%2C1143&amp;ssl=1 1024w, https:\/\/i0.wp.com\/elterritorialweb.com.ar\/web\/wp-content\/uploads\/2025\/04\/17443732541787448006786496570379.jpg?w=1075&amp;ssl=1 1075w\" data-sizes=\"(max-width: 640px) 100vw, 640px\" src=\"data:image\/svg+xml;base64,PHN2ZyB3aWR0aD0iMSIgaGVpZ2h0PSIxIiB4bWxucz0iaHR0cDovL3d3dy53My5vcmcvMjAwMC9zdmciPjwvc3ZnPg==\" style=\"--smush-placeholder-width: 640px; --smush-placeholder-aspect-ratio: 640\/715;\" \/><\/a><\/figure>\n\n\n\n<p><strong>El liderazgo de Zamora no solo se mantiene en Santiago del Estero, sino que trasciende las fronteras provinciales<\/strong>\u00a0y lo proyecta como una figura clave del federalismo argentino. Su capacidad de gobernar con estabilidad y resultados palpables lo posiciona como un ejemplo dentro de un escenario pol\u00edtico vol\u00e1til.<\/p>\n","protected":false},"excerpt":{"rendered":"<p>Una consultora destac\u00f3 la imagen del gobernador de Santiago del Estero. El relevamiento se hizo entre los \u00faltimos d\u00edas de marzo y los primeros d\u00edas de abril en las 24 jurisdicciones del pa\u00eds.<\/p>\n","protected":false},"author":2,"featured_media":62050,"comment_status":"open","ping_status":"open","sticky":false,"template":"","format":"standard","meta":{"om_disable_all_campaigns":false,"_monsterinsights_skip_tracking":false,"_monsterinsights_sitenote_active":false,"_monsterinsights_sitenote_note":"","_monsterinsights_sitenote_category":0,"_uf_show_specific_survey":0,"_uf_disable_surveys":false,"jetpack_post_was_ever_published":false,"_jetpack_newsletter_access":"","_jetpack_dont_email_post_to_subs":false,"_jetpack_newsletter_tier_id":0,"_jetpack_memberships_contains_paywalled_content":false,"_jetpack_memberships_contains_paid_content":false,"footnotes":"","jetpack_publicize_message":"","jetpack_publicize_feature_enabled":true,"jetpack_social_post_already_shared":false,"jetpack_social_options":{"image_generator_settings":{"template":"highway","enabled":false},"version":2}},"categories":[1],"tags":[],"class_list":["post-74774","post","type-post","status-publish","format-standard","has-post-thumbnail","hentry","category-sin-categoria"],"aioseo_notices":[],"views":41,"jetpack_publicize_connections":[],"jetpack_featured_media_url":"https:\/\/i0.wp.com\/elterritorialweb.com.ar\/web\/wp-content\/uploads\/2023\/12\/gerardo-zamora-e1709008100992.jpg?fit=501%2C374&ssl=1","jetpack_sharing_enabled":true,"_links":{"self":[{"href":"https:\/\/elterritorialweb.com.ar\/web\/wp-json\/wp\/v2\/posts\/74774","targetHints":{"allow":["GET"]}}],"collection":[{"href":"https:\/\/elterritorialweb.com.ar\/web\/wp-json\/wp\/v2\/posts"}],"about":[{"href":"https:\/\/elterritorialweb.com.ar\/web\/wp-json\/wp\/v2\/types\/post"}],"author":[{"embeddable":true,"href":"https:\/\/elterritorialweb.com.ar\/web\/wp-json\/wp\/v2\/users\/2"}],"replies":[{"embeddable":true,"href":"https:\/\/elterritorialweb.com.ar\/web\/wp-json\/wp\/v2\/comments?post=74774"}],"version-history":[{"count":2,"href":"https:\/\/elterritorialweb.com.ar\/web\/wp-json\/wp\/v2\/posts\/74774\/revisions"}],"predecessor-version":[{"id":74777,"href":"https:\/\/elterritorialweb.com.ar\/web\/wp-json\/wp\/v2\/posts\/74774\/revisions\/74777"}],"wp:featuredmedia":[{"embeddable":true,"href":"https:\/\/elterritorialweb.com.ar\/web\/wp-json\/wp\/v2\/media\/62050"}],"wp:attachment":[{"href":"https:\/\/elterritorialweb.com.ar\/web\/wp-json\/wp\/v2\/media?parent=74774"}],"wp:term":[{"taxonomy":"category","embeddable":true,"href":"https:\/\/elterritorialweb.com.ar\/web\/wp-json\/wp\/v2\/categories?post=74774"},{"taxonomy":"post_tag","embeddable":true,"href":"https:\/\/elterritorialweb.com.ar\/web\/wp-json\/wp\/v2\/tags?post=74774"}],"curies":[{"name":"wp","href":"https:\/\/api.w.org\/{rel}","templated":true}]}}