{"id":74778,"date":"2025-04-11T20:11:24","date_gmt":"2025-04-11T20:11:24","guid":{"rendered":"https:\/\/elterritorialweb.com.ar\/web\/?p=74778"},"modified":"2025-04-11T20:11:26","modified_gmt":"2025-04-11T20:11:26","slug":"el-jefe-de-gabinete-inauguro-un-destacamento-policial-en-dona-luisa","status":"publish","type":"post","link":"https:\/\/elterritorialweb.com.ar\/web\/el-jefe-de-gabinete-inauguro-un-destacamento-policial-en-dona-luisa\/","title":{"rendered":"EL JEFE DE GABINETE INAUGUR\u00d3 UN DESTACAMENTO POLICIAL EN DO\u00d1A LUISA"},"content":{"rendered":"\n<p>Tambi\u00e9n fueron parte del acto el ministro de Gobierno, <strong>Marcelo Barbur<\/strong>; el jefe de la Polic\u00eda de la Provincia, comisario general <strong>Daniel Humberto Loto<\/strong>; el subcomisario a cargo del destacamento, <strong>Cristian Serrano<\/strong>; la comisionada municipal Do\u00f1a Luisa, <strong>Lucila L\u00f3pez,<\/strong> y la comisionada de Sol de Mayo, <strong>Andrea C\u00e1ceres<\/strong>.<\/p>\n\n\n\n<p>Tras el corte de cintas se hizo un recorrido por las instalaciones habilitadas, que cuentan con una recepci\u00f3n, una celda con ba\u00f1o interno, oficina para personal policial, ba\u00f1o y cocina.<\/p>\n\n\n\n<figure class=\"wp-block-image size-large\"><a href=\"https:\/\/i0.wp.com\/elterritorialweb.com.ar\/web\/wp-content\/uploads\/2025\/04\/IMG-20250411-WA0030.jpg\"><img data-recalc-dims=\"1\" decoding=\"async\" width=\"640\" height=\"404\" data-src=\"https:\/\/i0.wp.com\/elterritorialweb.com.ar\/web\/wp-content\/uploads\/2025\/04\/IMG-20250411-WA0030.jpg?resize=640%2C404\" alt=\"\" class=\"wp-image-74779 lazyload\" data-srcset=\"https:\/\/i0.wp.com\/elterritorialweb.com.ar\/web\/wp-content\/uploads\/2025\/04\/IMG-20250411-WA0030.jpg?resize=1024%2C647&amp;ssl=1 1024w, https:\/\/i0.wp.com\/elterritorialweb.com.ar\/web\/wp-content\/uploads\/2025\/04\/IMG-20250411-WA0030.jpg?resize=300%2C190&amp;ssl=1 300w, https:\/\/i0.wp.com\/elterritorialweb.com.ar\/web\/wp-content\/uploads\/2025\/04\/IMG-20250411-WA0030.jpg?resize=768%2C485&amp;ssl=1 768w, https:\/\/i0.wp.com\/elterritorialweb.com.ar\/web\/wp-content\/uploads\/2025\/04\/IMG-20250411-WA0030.jpg?resize=1536%2C971&amp;ssl=1 1536w, https:\/\/i0.wp.com\/elterritorialweb.com.ar\/web\/wp-content\/uploads\/2025\/04\/IMG-20250411-WA0030.jpg?resize=2048%2C1294&amp;ssl=1 2048w, https:\/\/i0.wp.com\/elterritorialweb.com.ar\/web\/wp-content\/uploads\/2025\/04\/IMG-20250411-WA0030.jpg?resize=540%2C340&amp;ssl=1 540w, https:\/\/i0.wp.com\/elterritorialweb.com.ar\/web\/wp-content\/uploads\/2025\/04\/IMG-20250411-WA0030.jpg?w=1280 1280w, https:\/\/i0.wp.com\/elterritorialweb.com.ar\/web\/wp-content\/uploads\/2025\/04\/IMG-20250411-WA0030.jpg?w=1920 1920w\" data-sizes=\"(max-width: 640px) 100vw, 640px\" src=\"data:image\/svg+xml;base64,PHN2ZyB3aWR0aD0iMSIgaGVpZ2h0PSIxIiB4bWxucz0iaHR0cDovL3d3dy53My5vcmcvMjAwMC9zdmciPjwvc3ZnPg==\" style=\"--smush-placeholder-width: 640px; --smush-placeholder-aspect-ratio: 640\/404;\" \/><\/a><\/figure>\n\n\n\n<p>El destacamento atender\u00e1 los requerimientos de Do\u00f1a Luisa y de los parajes aleda\u00f1os.<\/p>\n\n\n\n<p>En este marco, <strong>Lucila L\u00f3pez <\/strong>agradeci\u00f3 al Gobierno de la provincia<em> \u201cporque a pesar de las dificultades que tiene el pa\u00eds est\u00e1 haciendo un sacrificio enorme llevando soluciones a los ciudadanos de todo el interior santiague\u00f1o\u201d.<\/em><\/p>\n\n\n\n<figure class=\"wp-block-image size-large\"><a href=\"https:\/\/i0.wp.com\/elterritorialweb.com.ar\/web\/wp-content\/uploads\/2025\/04\/IMG-20250411-WA0032.jpg\"><img data-recalc-dims=\"1\" decoding=\"async\" width=\"640\" height=\"407\" data-src=\"https:\/\/i0.wp.com\/elterritorialweb.com.ar\/web\/wp-content\/uploads\/2025\/04\/IMG-20250411-WA0032.jpg?resize=640%2C407\" alt=\"\" class=\"wp-image-74783 lazyload\" data-srcset=\"https:\/\/i0.wp.com\/elterritorialweb.com.ar\/web\/wp-content\/uploads\/2025\/04\/IMG-20250411-WA0032.jpg?resize=1024%2C651&amp;ssl=1 1024w, https:\/\/i0.wp.com\/elterritorialweb.com.ar\/web\/wp-content\/uploads\/2025\/04\/IMG-20250411-WA0032.jpg?resize=300%2C191&amp;ssl=1 300w, https:\/\/i0.wp.com\/elterritorialweb.com.ar\/web\/wp-content\/uploads\/2025\/04\/IMG-20250411-WA0032.jpg?resize=768%2C488&amp;ssl=1 768w, https:\/\/i0.wp.com\/elterritorialweb.com.ar\/web\/wp-content\/uploads\/2025\/04\/IMG-20250411-WA0032.jpg?resize=1536%2C977&amp;ssl=1 1536w, https:\/\/i0.wp.com\/elterritorialweb.com.ar\/web\/wp-content\/uploads\/2025\/04\/IMG-20250411-WA0032.jpg?resize=2048%2C1302&amp;ssl=1 2048w, https:\/\/i0.wp.com\/elterritorialweb.com.ar\/web\/wp-content\/uploads\/2025\/04\/IMG-20250411-WA0032.jpg?w=1280 1280w, https:\/\/i0.wp.com\/elterritorialweb.com.ar\/web\/wp-content\/uploads\/2025\/04\/IMG-20250411-WA0032.jpg?w=1920 1920w\" data-sizes=\"(max-width: 640px) 100vw, 640px\" src=\"data:image\/svg+xml;base64,PHN2ZyB3aWR0aD0iMSIgaGVpZ2h0PSIxIiB4bWxucz0iaHR0cDovL3d3dy53My5vcmcvMjAwMC9zdmciPjwvc3ZnPg==\" style=\"--smush-placeholder-width: 640px; --smush-placeholder-aspect-ratio: 640\/407;\" \/><\/a><\/figure>\n\n\n\n<p>A su turno, el ministro <strong>Barbur<\/strong> destac\u00f3 la decisi\u00f3n del Estado provincial de adoptar los mecanismos necesarios <em>\u201cpara permitir a nuestros polic\u00edas que tengan la posibilidad de trabajar con comodidad y con todos los elementos a su alcance, como la tecnolog\u00eda y el equipamiento de avanzada\u201d <\/em>puestos al servicio de los ciudadanos.<\/p>\n\n\n\n<p>Se\u00f1al\u00f3: <em>\u201cEsta inauguraci\u00f3n no es un hecho aislado, est\u00e1 dentro de un grupo de obras que estamos inaugurando, porque la seguridad en la provincia, junto con la educaci\u00f3n y la salud, son cuestiones de estado y eso implica la presencia del Gobierno en toda la geograf\u00eda provincial\u201d.<\/em><\/p>\n\n\n\n<figure class=\"wp-block-image size-large\"><a href=\"https:\/\/i0.wp.com\/elterritorialweb.com.ar\/web\/wp-content\/uploads\/2025\/04\/IMG-20250411-WA0031.jpg\"><img data-recalc-dims=\"1\" decoding=\"async\" width=\"640\" height=\"426\" data-src=\"https:\/\/i0.wp.com\/elterritorialweb.com.ar\/web\/wp-content\/uploads\/2025\/04\/IMG-20250411-WA0031.jpg?resize=640%2C426\" alt=\"\" class=\"wp-image-74780 lazyload\" data-srcset=\"https:\/\/i0.wp.com\/elterritorialweb.com.ar\/web\/wp-content\/uploads\/2025\/04\/IMG-20250411-WA0031.jpg?resize=1024%2C682&amp;ssl=1 1024w, https:\/\/i0.wp.com\/elterritorialweb.com.ar\/web\/wp-content\/uploads\/2025\/04\/IMG-20250411-WA0031.jpg?resize=300%2C200&amp;ssl=1 300w, https:\/\/i0.wp.com\/elterritorialweb.com.ar\/web\/wp-content\/uploads\/2025\/04\/IMG-20250411-WA0031.jpg?resize=768%2C512&amp;ssl=1 768w, https:\/\/i0.wp.com\/elterritorialweb.com.ar\/web\/wp-content\/uploads\/2025\/04\/IMG-20250411-WA0031.jpg?resize=1536%2C1024&amp;ssl=1 1536w, https:\/\/i0.wp.com\/elterritorialweb.com.ar\/web\/wp-content\/uploads\/2025\/04\/IMG-20250411-WA0031.jpg?resize=2048%2C1365&amp;ssl=1 2048w, https:\/\/i0.wp.com\/elterritorialweb.com.ar\/web\/wp-content\/uploads\/2025\/04\/IMG-20250411-WA0031.jpg?w=1280 1280w, https:\/\/i0.wp.com\/elterritorialweb.com.ar\/web\/wp-content\/uploads\/2025\/04\/IMG-20250411-WA0031.jpg?w=1920 1920w\" data-sizes=\"(max-width: 640px) 100vw, 640px\" src=\"data:image\/svg+xml;base64,PHN2ZyB3aWR0aD0iMSIgaGVpZ2h0PSIxIiB4bWxucz0iaHR0cDovL3d3dy53My5vcmcvMjAwMC9zdmciPjwvc3ZnPg==\" style=\"--smush-placeholder-width: 640px; --smush-placeholder-aspect-ratio: 640\/426;\" \/><\/a><\/figure>\n\n\n\n<p>Por su parte, el <strong>jefe de Gabinete<\/strong> destac\u00f3 el trabajo articulado entre la provincia y los municipios para el crecimiento de las comunidades como Do\u00f1a Luisa.<br><em>\u00abEsto es lo que nuestro gobernador, el Dr. Gerardo Zamora, nos dice permanentement \u00abCumplamos, seamos eficientes a la hora de prestar los servicios p\u00fablicos indelegables por el Estado, como es la educaci\u00f3n, la salud y la seguridad\u00bb.<\/em><br><em>\u00abEn este sentido<\/em> -agreg\u00f3- <em>hoy estamos dando un paso importante al poder venir y acompa\u00f1ar a todos en la inauguraci\u00f3n de este destacamento, porque un agente policial es un miembro importante en la comunidad, porque junto a los maestros, junto a los enfermeros y a los m\u00e9dicos, hacen posible que una comunidad rural y sus vecinos puedan crecer, desarrollarse con m\u00e1s seguridad y tambi\u00e9n con m\u00e1s y mejores servicios. Esto es lo importante, crecer como ciudadan\u00eda, como pueblo, como provincia\u00bb.<\/em><\/p>\n\n\n\n<figure class=\"wp-block-image size-large\"><a href=\"https:\/\/i0.wp.com\/elterritorialweb.com.ar\/web\/wp-content\/uploads\/2025\/04\/IMG-20250411-WA0033.jpg\"><img data-recalc-dims=\"1\" decoding=\"async\" width=\"640\" height=\"403\" data-src=\"https:\/\/i0.wp.com\/elterritorialweb.com.ar\/web\/wp-content\/uploads\/2025\/04\/IMG-20250411-WA0033.jpg?resize=640%2C403\" alt=\"\" class=\"wp-image-74782 lazyload\" data-srcset=\"https:\/\/i0.wp.com\/elterritorialweb.com.ar\/web\/wp-content\/uploads\/2025\/04\/IMG-20250411-WA0033.jpg?resize=1024%2C644&amp;ssl=1 1024w, https:\/\/i0.wp.com\/elterritorialweb.com.ar\/web\/wp-content\/uploads\/2025\/04\/IMG-20250411-WA0033.jpg?resize=300%2C189&amp;ssl=1 300w, https:\/\/i0.wp.com\/elterritorialweb.com.ar\/web\/wp-content\/uploads\/2025\/04\/IMG-20250411-WA0033.jpg?resize=768%2C483&amp;ssl=1 768w, https:\/\/i0.wp.com\/elterritorialweb.com.ar\/web\/wp-content\/uploads\/2025\/04\/IMG-20250411-WA0033.jpg?resize=1536%2C966&amp;ssl=1 1536w, https:\/\/i0.wp.com\/elterritorialweb.com.ar\/web\/wp-content\/uploads\/2025\/04\/IMG-20250411-WA0033.jpg?resize=2048%2C1288&amp;ssl=1 2048w, https:\/\/i0.wp.com\/elterritorialweb.com.ar\/web\/wp-content\/uploads\/2025\/04\/IMG-20250411-WA0033.jpg?resize=540%2C340&amp;ssl=1 540w, https:\/\/i0.wp.com\/elterritorialweb.com.ar\/web\/wp-content\/uploads\/2025\/04\/IMG-20250411-WA0033.jpg?w=1280 1280w, https:\/\/i0.wp.com\/elterritorialweb.com.ar\/web\/wp-content\/uploads\/2025\/04\/IMG-20250411-WA0033.jpg?w=1920 1920w\" data-sizes=\"(max-width: 640px) 100vw, 640px\" src=\"data:image\/svg+xml;base64,PHN2ZyB3aWR0aD0iMSIgaGVpZ2h0PSIxIiB4bWxucz0iaHR0cDovL3d3dy53My5vcmcvMjAwMC9zdmciPjwvc3ZnPg==\" style=\"--smush-placeholder-width: 640px; --smush-placeholder-aspect-ratio: 640\/403;\" \/><\/a><\/figure>\n\n\n\n<p>En ese sentido, dijo que<em> \u00abeste es el esfuerzo que nuestro gobernador viene poniendo a\u00f1o a a\u00f1o, de manera ininterrumpida, para que podamos desde Santiago del Estero decirle a todos: aqu\u00ed estamos, porque nuestra gente est\u00e1 dispuesta a acompa\u00f1ar el desarrollo de nuestro pa\u00eds\u00bb.<\/em><\/p>\n","protected":false},"excerpt":{"rendered":"<p>El jefe de Gabinete, El\u00edas Su\u00e1rez, en representaci\u00f3n del gobernador Gerardo Zamora, inaugur\u00f3 este viernes el Destacamento Policial N\u00b0 2, en la localidad de Do\u00f1a Luisa, departamento Guasay\u00e1n, donde tambi\u00e9n hizo entrega de una motocicleta Honda Tornado 250 cc.<\/p>\n","protected":false},"author":2,"featured_media":74781,"comment_status":"open","ping_status":"open","sticky":false,"template":"","format":"standard","meta":{"om_disable_all_campaigns":false,"_monsterinsights_skip_tracking":false,"_monsterinsights_sitenote_active":false,"_monsterinsights_sitenote_note":"","_monsterinsights_sitenote_category":0,"_uf_show_specific_survey":0,"_uf_disable_surveys":false,"jetpack_post_was_ever_published":false,"_jetpack_newsletter_access":"","_jetpack_dont_email_post_to_subs":false,"_jetpack_newsletter_tier_id":0,"_jetpack_memberships_contains_paywalled_content":false,"_jetpack_memberships_contains_paid_content":false,"footnotes":"","jetpack_publicize_message":"","jetpack_publicize_feature_enabled":true,"jetpack_social_post_already_shared":false,"jetpack_social_options":{"image_generator_settings":{"template":"highway","enabled":false},"version":2}},"categories":[4,21],"tags":[1270,322],"class_list":["post-74778","post","type-post","status-publish","format-standard","has-post-thumbnail","hentry","category-destacadas","category-locales","tag-destacamento-policial","tag-elias-suarez"],"aioseo_notices":[],"views":27,"jetpack_publicize_connections":[],"jetpack_featured_media_url":"https:\/\/i0.wp.com\/elterritorialweb.com.ar\/web\/wp-content\/uploads\/2025\/04\/IMG-20250411-WA0029.jpg?fit=2560%2C1640&ssl=1","jetpack_sharing_enabled":true,"_links":{"self":[{"href":"https:\/\/elterritorialweb.com.ar\/web\/wp-json\/wp\/v2\/posts\/74778","targetHints":{"allow":["GET"]}}],"collection":[{"href":"https:\/\/elterritorialweb.com.ar\/web\/wp-json\/wp\/v2\/posts"}],"about":[{"href":"https:\/\/elterritorialweb.com.ar\/web\/wp-json\/wp\/v2\/types\/post"}],"author":[{"embeddable":true,"href":"https:\/\/elterritorialweb.com.ar\/web\/wp-json\/wp\/v2\/users\/2"}],"replies":[{"embeddable":true,"href":"https:\/\/elterritorialweb.com.ar\/web\/wp-json\/wp\/v2\/comments?post=74778"}],"version-history":[{"count":1,"href":"https:\/\/elterritorialweb.com.ar\/web\/wp-json\/wp\/v2\/posts\/74778\/revisions"}],"predecessor-version":[{"id":74784,"href":"https:\/\/elterritorialweb.com.ar\/web\/wp-json\/wp\/v2\/posts\/74778\/revisions\/74784"}],"wp:featuredmedia":[{"embeddable":true,"href":"https:\/\/elterritorialweb.com.ar\/web\/wp-json\/wp\/v2\/media\/74781"}],"wp:attachment":[{"href":"https:\/\/elterritorialweb.com.ar\/web\/wp-json\/wp\/v2\/media?parent=74778"}],"wp:term":[{"taxonomy":"category","embeddable":true,"href":"https:\/\/elterritorialweb.com.ar\/web\/wp-json\/wp\/v2\/categories?post=74778"},{"taxonomy":"post_tag","embeddable":true,"href":"https:\/\/elterritorialweb.com.ar\/web\/wp-json\/wp\/v2\/tags?post=74778"}],"curies":[{"name":"wp","href":"https:\/\/api.w.org\/{rel}","templated":true}]}}