{"id":74785,"date":"2025-04-11T20:20:21","date_gmt":"2025-04-11T20:20:21","guid":{"rendered":"https:\/\/elterritorialweb.com.ar\/web\/?p=74785"},"modified":"2025-04-11T20:20:44","modified_gmt":"2025-04-11T20:20:44","slug":"la-unse-inaugura-nuevo-espacio-para-sus-estudiantes","status":"publish","type":"post","link":"https:\/\/elterritorialweb.com.ar\/web\/la-unse-inaugura-nuevo-espacio-para-sus-estudiantes\/","title":{"rendered":"LA UNSE INAUGURA NUEVO ESPACIO PARA SUS ESTUDIANTES"},"content":{"rendered":"\n<p><br>El rector <strong>H\u00e9ctor Paz;<\/strong> la vicerrectora <strong>Marcela Ju\u00e1rez<\/strong>; el decano normalizador de la FCM, <em>Eduardo Allub<\/em> encabezaron el acto, acompa\u00f1ados de docentes y estudiantes.<\/p>\n\n\n\n<p>Estudiantes de la carrera de Medicina descubrieron la placa inaugural y, junto a las autoridades, realizaron el corte de cinta simb\u00f3lico para dejar habilitado este lugar.<\/p>\n\n\n\n<p>Tambi\u00e9n qued\u00f3 inaugurado el mural de egresados y egresadas de la FCM con las fotograf\u00edas de los 43 m\u00e9dicos y m\u00e9dicas recibidas en nuestra universidad.<\/p>\n\n\n\n<p>El <strong>Rector<\/strong> brind\u00f3 un mensaje en el cual hizo hincapi\u00e9 en el trabajo de toda la comunidad con el objetivo de acompa\u00f1ar a las y los estudiantes, raz\u00f3n de ser de la universidad.<br><em>\u201cEl secreto es la perseverancia, esa fuerza interior que nos hace continuar\u201d<\/em>. Indic\u00f3 que cada uno representa la <em>\u201csinergia, fuerza y empe\u00f1o\u00bb<\/em> y todo ello los convertir\u00e1 en m\u00e9dicos\/as para el bien de nuestra comunidad.<\/p>\n\n\n\n<p>Por su parte, la alumna <strong>Milagros Padilla<\/strong> expres\u00f3 su alegr\u00eda por el nuevo espacio que ayuda<em> \u201cen el d\u00eda a d\u00eda de la vida universitaria\u201d<\/em>. Asimismo, resalt\u00f3 su agradecimiento por el acompa\u00f1amiento <em>\u201cno solamente en la formaci\u00f3n acad\u00e9mica sino tambi\u00e9n en nuestro bienestar general\u201d.<br><\/em><\/p>\n\n\n\n<p>El <strong>Decano<\/strong> agradeci\u00f3<em> \u201cel inmenso esfuerzo, en un a\u00f1o dif\u00edcil desde el aspecto presupuestario, del Rectorado y la FCM, a los equipos de gesti\u00f3n de las secretar\u00edas de Administraci\u00f3n, Planeamiento, Bienestar Estudiantil y la Subsecretaria de Comunicaciones\u201d<\/em>. Agreg\u00f3 <em>\u00abque se trata de un esfuerzo conjunto, para concretar este proyecto que traduce el compromiso con los estudiantes de la UNSE\u201d.<\/em><\/p>\n","protected":false},"excerpt":{"rendered":"<p>Se inaugur\u00f3 el Centro Espacio Bienestar en la Facultad de Ciencias M\u00e9dicas (FCM) de la UNSE, un lugar destinado a los estudiantes, pensado para acompa\u00f1ar la vida universitaria.<\/p>\n","protected":false},"author":2,"featured_media":74786,"comment_status":"open","ping_status":"open","sticky":false,"template":"","format":"standard","meta":{"om_disable_all_campaigns":false,"_monsterinsights_skip_tracking":false,"_monsterinsights_sitenote_active":false,"_monsterinsights_sitenote_note":"","_monsterinsights_sitenote_category":0,"_uf_show_specific_survey":0,"_uf_disable_surveys":false,"jetpack_post_was_ever_published":false,"_jetpack_newsletter_access":"","_jetpack_dont_email_post_to_subs":false,"_jetpack_newsletter_tier_id":0,"_jetpack_memberships_contains_paywalled_content":false,"_jetpack_memberships_contains_paid_content":false,"footnotes":"","jetpack_publicize_message":"","jetpack_publicize_feature_enabled":true,"jetpack_social_post_already_shared":false,"jetpack_social_options":{"image_generator_settings":{"template":"highway","enabled":false},"version":2}},"categories":[4,19],"tags":[1254,74],"class_list":["post-74785","post","type-post","status-publish","format-standard","has-post-thumbnail","hentry","category-destacadas","category-educacion","tag-facultad-de-ciencias-medicas","tag-unse"],"aioseo_notices":[],"views":27,"jetpack_publicize_connections":[],"jetpack_featured_media_url":"https:\/\/i0.wp.com\/elterritorialweb.com.ar\/web\/wp-content\/uploads\/2025\/04\/IMG-20250411-WA0036.jpg?fit=1600%2C1066&ssl=1","jetpack_sharing_enabled":true,"_links":{"self":[{"href":"https:\/\/elterritorialweb.com.ar\/web\/wp-json\/wp\/v2\/posts\/74785","targetHints":{"allow":["GET"]}}],"collection":[{"href":"https:\/\/elterritorialweb.com.ar\/web\/wp-json\/wp\/v2\/posts"}],"about":[{"href":"https:\/\/elterritorialweb.com.ar\/web\/wp-json\/wp\/v2\/types\/post"}],"author":[{"embeddable":true,"href":"https:\/\/elterritorialweb.com.ar\/web\/wp-json\/wp\/v2\/users\/2"}],"replies":[{"embeddable":true,"href":"https:\/\/elterritorialweb.com.ar\/web\/wp-json\/wp\/v2\/comments?post=74785"}],"version-history":[{"count":2,"href":"https:\/\/elterritorialweb.com.ar\/web\/wp-json\/wp\/v2\/posts\/74785\/revisions"}],"predecessor-version":[{"id":74788,"href":"https:\/\/elterritorialweb.com.ar\/web\/wp-json\/wp\/v2\/posts\/74785\/revisions\/74788"}],"wp:featuredmedia":[{"embeddable":true,"href":"https:\/\/elterritorialweb.com.ar\/web\/wp-json\/wp\/v2\/media\/74786"}],"wp:attachment":[{"href":"https:\/\/elterritorialweb.com.ar\/web\/wp-json\/wp\/v2\/media?parent=74785"}],"wp:term":[{"taxonomy":"category","embeddable":true,"href":"https:\/\/elterritorialweb.com.ar\/web\/wp-json\/wp\/v2\/categories?post=74785"},{"taxonomy":"post_tag","embeddable":true,"href":"https:\/\/elterritorialweb.com.ar\/web\/wp-json\/wp\/v2\/tags?post=74785"}],"curies":[{"name":"wp","href":"https:\/\/api.w.org\/{rel}","templated":true}]}}