{"id":74789,"date":"2025-04-11T20:33:19","date_gmt":"2025-04-11T20:33:19","guid":{"rendered":"https:\/\/elterritorialweb.com.ar\/web\/?p=74789"},"modified":"2025-04-11T20:33:21","modified_gmt":"2025-04-11T20:33:21","slug":"zamora-recibio-al-nuevo-jefe-de-gendarmeria-en-santiago-del-estero","status":"publish","type":"post","link":"https:\/\/elterritorialweb.com.ar\/web\/zamora-recibio-al-nuevo-jefe-de-gendarmeria-en-santiago-del-estero\/","title":{"rendered":"ZAMORA RECIBI\u00d3 AL NUEVO JEFE DE GENDARMERIA EN SANTIAGO DEL ESTERO"},"content":{"rendered":"\n<p>El gobernador&nbsp;<strong>Gerardo Zamora<\/strong>&nbsp;mantuvo un encuentro protocolar con el comandante principal&nbsp;<strong>Mart\u00edn Jorge<\/strong>&nbsp;<strong>L\u00f3pez<\/strong>, recientemente designado como nuevo jefe de la&nbsp;<strong>Agrupaci\u00f3n XVII de Gendarmer\u00eda Nacional con jurisdicci\u00f3n en Santiago del Estero.<\/strong><\/p>\n","protected":false},"excerpt":{"rendered":"<p>El encuentro se llev\u00f3 a cabo en Casa de Gobierno con el objetivo de afianzar la cooperaci\u00f3n institucional.<\/p>\n","protected":false},"author":2,"featured_media":74790,"comment_status":"open","ping_status":"open","sticky":false,"template":"","format":"standard","meta":{"om_disable_all_campaigns":false,"_monsterinsights_skip_tracking":false,"_monsterinsights_sitenote_active":false,"_monsterinsights_sitenote_note":"","_monsterinsights_sitenote_category":0,"_uf_show_specific_survey":0,"_uf_disable_surveys":false,"jetpack_post_was_ever_published":false,"_jetpack_newsletter_access":"","_jetpack_dont_email_post_to_subs":false,"_jetpack_newsletter_tier_id":0,"_jetpack_memberships_contains_paywalled_content":false,"_jetpack_memberships_contains_paid_content":false,"footnotes":"","jetpack_publicize_message":"","jetpack_publicize_feature_enabled":true,"jetpack_social_post_already_shared":false,"jetpack_social_options":{"image_generator_settings":{"template":"highway","enabled":false},"version":2}},"categories":[4,21],"tags":[202,59],"class_list":["post-74789","post","type-post","status-publish","format-standard","has-post-thumbnail","hentry","category-destacadas","category-locales","tag-casa-de-gobierno","tag-gerardo-zamora"],"aioseo_notices":[],"views":23,"jetpack_publicize_connections":[],"jetpack_featured_media_url":"https:\/\/i0.wp.com\/elterritorialweb.com.ar\/web\/wp-content\/uploads\/2025\/04\/FB_IMG_1744403531486.jpg?fit=1080%2C719&ssl=1","jetpack_sharing_enabled":true,"_links":{"self":[{"href":"https:\/\/elterritorialweb.com.ar\/web\/wp-json\/wp\/v2\/posts\/74789","targetHints":{"allow":["GET"]}}],"collection":[{"href":"https:\/\/elterritorialweb.com.ar\/web\/wp-json\/wp\/v2\/posts"}],"about":[{"href":"https:\/\/elterritorialweb.com.ar\/web\/wp-json\/wp\/v2\/types\/post"}],"author":[{"embeddable":true,"href":"https:\/\/elterritorialweb.com.ar\/web\/wp-json\/wp\/v2\/users\/2"}],"replies":[{"embeddable":true,"href":"https:\/\/elterritorialweb.com.ar\/web\/wp-json\/wp\/v2\/comments?post=74789"}],"version-history":[{"count":1,"href":"https:\/\/elterritorialweb.com.ar\/web\/wp-json\/wp\/v2\/posts\/74789\/revisions"}],"predecessor-version":[{"id":74791,"href":"https:\/\/elterritorialweb.com.ar\/web\/wp-json\/wp\/v2\/posts\/74789\/revisions\/74791"}],"wp:featuredmedia":[{"embeddable":true,"href":"https:\/\/elterritorialweb.com.ar\/web\/wp-json\/wp\/v2\/media\/74790"}],"wp:attachment":[{"href":"https:\/\/elterritorialweb.com.ar\/web\/wp-json\/wp\/v2\/media?parent=74789"}],"wp:term":[{"taxonomy":"category","embeddable":true,"href":"https:\/\/elterritorialweb.com.ar\/web\/wp-json\/wp\/v2\/categories?post=74789"},{"taxonomy":"post_tag","embeddable":true,"href":"https:\/\/elterritorialweb.com.ar\/web\/wp-json\/wp\/v2\/tags?post=74789"}],"curies":[{"name":"wp","href":"https:\/\/api.w.org\/{rel}","templated":true}]}}