{"id":74792,"date":"2025-04-11T20:40:21","date_gmt":"2025-04-11T20:40:21","guid":{"rendered":"https:\/\/elterritorialweb.com.ar\/web\/?p=74792"},"modified":"2025-04-11T20:40:22","modified_gmt":"2025-04-11T20:40:22","slug":"nediani-presento-el-programa-el-municipios-y-el-concejo-en-tu-escuela","status":"publish","type":"post","link":"https:\/\/elterritorialweb.com.ar\/web\/nediani-presento-el-programa-el-municipios-y-el-concejo-en-tu-escuela\/","title":{"rendered":"NEDIANI PRESENT\u00d3 EL PROGRAMA \u00abEL MUNICIPIOS Y EL CONCEJO EN TU ESCUELA\u00bb"},"content":{"rendered":"\n<p>Este proyecto tiene como objetivo acercar la experiencia institucional del municipio y del Honorable Concejo Deliberante a los estudiantes de nivel secundario, promoviendo la participaci\u00f3n ciudadana y el conocimiento sobre el funcionamiento del Estado en su nivel m\u00e1s cercano a los vecinos, el municipal.<\/p>\n\n\n\n<p><em>\u201cPresentamos este proyecto en 2022, buscando acercar a los j\u00f3venes a las tareas cotidianas del Concejo Deliberante, el Departamento Ejecutivo, el Tribunal de Cuentas, el Juzgado de Faltas, y dem\u00e1s organismos municipales\u201d,<\/em> explic\u00f3 Nediani.<\/p>\n\n\n\n<p><em>\u201cQueremos que los estudiantes conozcan de primera mano c\u00f3mo funciona la administraci\u00f3n local y que este conocimiento fortalezca su rol como ciudadanos y ciudadanas, especialmente aquellos que ya est\u00e1n en condiciones de votar\u201d<\/em>, agreg\u00f3.<\/p>\n\n\n\n<p>Durante la jornada, estuvieron presentes el viceintendente <strong>Gabriel Santill\u00e1n<\/strong>, la diputada provincial<strong> Mariana Morales<\/strong>, el juez de Faltas del municipio <strong>Javier Barrera Nicholson<\/strong> y otras autoridades, quienes compartieron con los alumnos sus experiencias y funciones dentro del Estado municipal.<\/p>\n\n\n\n<p>Por su parte, la rectora del establecimiento agradeci\u00f3 la elecci\u00f3n del colegio para dar inicio al programa:<em> \u201cEs un orgullo recibir esta propuesta que refuerza la formaci\u00f3n c\u00edvica de nuestros estudiantes. Como instituci\u00f3n, siempre mantenemos abiertas nuestras puertas para este tipo de actividades que enriquecen a los j\u00f3venes y los preparan para ejercer una ciudadan\u00eda activa y responsable\u201d.<\/em><\/p>\n\n\n\n<p>El intendente adelant\u00f3 que el programa continuar\u00e1 su recorrido por distintas escuelas de la ciudad a lo largo del a\u00f1o, con una planificaci\u00f3n que abarcar\u00e1 tanto instituciones municipales como provinciales, p\u00fablicas y privadas. <\/p>\n\n\n\n<p>La propuesta se enmarca en las pol\u00edticas de formaci\u00f3n ciudadana y promoci\u00f3n de los valores democr\u00e1ticos que impulsa la gesti\u00f3n del intendente Nediani.<\/p>\n\n\n\n<p><\/p>\n","protected":false},"excerpt":{"rendered":"<p>El intendente de la ciudad de La Banda, Ing. Roger E. Nediani, visit\u00f3 el Colegio Jes\u00fas del Maestro para dar inicio formal al programa \u201cEl Municipio y el Concejo en tu Escuela\u201d, una propuesta impulsada por el propio jefe comunal cuando se desempe\u00f1aba como viceintendente.<\/p>\n","protected":false},"author":2,"featured_media":74793,"comment_status":"open","ping_status":"open","sticky":false,"template":"","format":"standard","meta":{"om_disable_all_campaigns":false,"_monsterinsights_skip_tracking":false,"_monsterinsights_sitenote_active":false,"_monsterinsights_sitenote_note":"","_monsterinsights_sitenote_category":0,"_uf_show_specific_survey":0,"_uf_disable_surveys":false,"jetpack_post_was_ever_published":false,"_jetpack_newsletter_access":"","_jetpack_dont_email_post_to_subs":false,"_jetpack_newsletter_tier_id":0,"_jetpack_memberships_contains_paywalled_content":false,"_jetpack_memberships_contains_paid_content":false,"footnotes":"","jetpack_publicize_message":"","jetpack_publicize_feature_enabled":true,"jetpack_social_post_already_shared":false,"jetpack_social_options":{"image_generator_settings":{"template":"highway","enabled":false},"version":2}},"categories":[9,4],"tags":[71,51],"class_list":["post-74792","post","type-post","status-publish","format-standard","has-post-thumbnail","hentry","category-banda","category-destacadas","tag-municipalidad-de-la-banda","tag-roger-nediani"],"aioseo_notices":[],"views":16,"jetpack_publicize_connections":[],"jetpack_featured_media_url":"https:\/\/i0.wp.com\/elterritorialweb.com.ar\/web\/wp-content\/uploads\/2025\/04\/IMG-20250411-WA0021.jpg?fit=610%2C350&ssl=1","jetpack_sharing_enabled":true,"_links":{"self":[{"href":"https:\/\/elterritorialweb.com.ar\/web\/wp-json\/wp\/v2\/posts\/74792","targetHints":{"allow":["GET"]}}],"collection":[{"href":"https:\/\/elterritorialweb.com.ar\/web\/wp-json\/wp\/v2\/posts"}],"about":[{"href":"https:\/\/elterritorialweb.com.ar\/web\/wp-json\/wp\/v2\/types\/post"}],"author":[{"embeddable":true,"href":"https:\/\/elterritorialweb.com.ar\/web\/wp-json\/wp\/v2\/users\/2"}],"replies":[{"embeddable":true,"href":"https:\/\/elterritorialweb.com.ar\/web\/wp-json\/wp\/v2\/comments?post=74792"}],"version-history":[{"count":2,"href":"https:\/\/elterritorialweb.com.ar\/web\/wp-json\/wp\/v2\/posts\/74792\/revisions"}],"predecessor-version":[{"id":74795,"href":"https:\/\/elterritorialweb.com.ar\/web\/wp-json\/wp\/v2\/posts\/74792\/revisions\/74795"}],"wp:featuredmedia":[{"embeddable":true,"href":"https:\/\/elterritorialweb.com.ar\/web\/wp-json\/wp\/v2\/media\/74793"}],"wp:attachment":[{"href":"https:\/\/elterritorialweb.com.ar\/web\/wp-json\/wp\/v2\/media?parent=74792"}],"wp:term":[{"taxonomy":"category","embeddable":true,"href":"https:\/\/elterritorialweb.com.ar\/web\/wp-json\/wp\/v2\/categories?post=74792"},{"taxonomy":"post_tag","embeddable":true,"href":"https:\/\/elterritorialweb.com.ar\/web\/wp-json\/wp\/v2\/tags?post=74792"}],"curies":[{"name":"wp","href":"https:\/\/api.w.org\/{rel}","templated":true}]}}