{"id":74796,"date":"2025-04-12T00:22:17","date_gmt":"2025-04-12T00:22:17","guid":{"rendered":"https:\/\/elterritorialweb.com.ar\/web\/?p=74796"},"modified":"2025-04-12T00:22:19","modified_gmt":"2025-04-12T00:22:19","slug":"la-inflacion-de-marzo-fue-del-37-en-argentina","status":"publish","type":"post","link":"https:\/\/elterritorialweb.com.ar\/web\/la-inflacion-de-marzo-fue-del-37-en-argentina\/","title":{"rendered":"LA INFLACI\u00d3N DE MARZO FUE DEL 3,7% EN ARGENTINA"},"content":{"rendered":"\n<p>El Instituto Nacional de Estad\u00edsticas y Censos\u00a0<strong>(INDEC) inform\u00f3 este viernes que la inflaci\u00f3n de marzo fue del 3,7%.<\/strong>\u00a0De esta manera, a la espera del\u00a0anuncio del Gobierno de un inminente acuerdo con el Fondo Monetario Internacional (FMI), el porcentual peg\u00f3 un fuerte salto con respecto al dato de febrero (2,4%) y enero (2,2%).\u00a0<strong>Adem\u00e1s, acumula un 55,9% en los \u00faltimos 12 meses.<\/strong><\/p>\n\n\n\n<p>El alza estuvo impulsado por los rubros Educaci\u00f3n y Alimentos y bebidas no alcoh\u00f3licas, que se incrementaron en un 21,6% y 5,9%, respectivamente.<\/p>\n\n\n\n<p>Luego le siguieron: Prendas de vestir y calzado (4,6%), Restaurantes y Hoteles (3,9%), Bienes y servicios varios (3,2%), Vivienda, agua, electricidad, gas y otros combustibles (2,9%), Comunicaci\u00f3n (2,5%), Salud (1,8%), Transporte (1,7%), Equipamientos y mantenimiento del hogar (1,5%), Bebidas alcoh\u00f3licas y tabaco (0,8%) y Recreaci\u00f3n y cultura (0,2%).<\/p>\n\n\n\n<figure class=\"wp-block-embed is-type-rich is-provider-twitter wp-block-embed-twitter\"><div class=\"wp-block-embed__wrapper\">\n<div class=\"embed-twitter\"><blockquote class=\"twitter-tweet\" data-width=\"550\" data-dnt=\"true\"><p lang=\"es\" dir=\"ltr\"><a href=\"https:\/\/twitter.com\/hashtag\/DatoINDEC?src=hash&amp;ref_src=twsrc%5Etfw\">#DatoINDEC<\/a><br>Los precios al consumidor (<a href=\"https:\/\/twitter.com\/hashtag\/IPC?src=hash&amp;ref_src=twsrc%5Etfw\">#IPC<\/a>) aumentaron 3,7% en marzo de 2025 respecto de febrero y 55,9% interanual. Acumularon un alza de 8,6% en el primer trimestre <a href=\"https:\/\/t.co\/95AYOEULYQ\">https:\/\/t.co\/95AYOEULYQ<\/a> <a href=\"https:\/\/t.co\/lnvCYIsfQY\">pic.twitter.com\/lnvCYIsfQY<\/a><\/p>&mdash; INDEC Argentina (@INDECArgentina) <a href=\"https:\/\/twitter.com\/INDECArgentina\/status\/1910769918305550831?ref_src=twsrc%5Etfw\">April 11, 2025<\/a><\/blockquote><script async src=\"https:\/\/platform.twitter.com\/widgets.js\" charset=\"utf-8\"><\/script><\/div>\n<\/div><\/figure>\n\n\n\n<p>De esta manera, los datos dados a conocer por el INDEC complican los planes del Gobierno de Javier Milei y\u00a0<strong>representa el porcetual m\u00e1s alto desde septiembre del 2024, que marc\u00f3 un 3,5%.<\/strong><\/p>\n\n\n\n<h3 class=\"wp-block-heading\">Que decian las consultoras<\/h3>\n\n\n\n<p>Previo al dato oficial,&nbsp;<strong>las consultoras privadas estimaban una inflaci\u00f3n del 2,5% en promedio.&nbsp;<\/strong><em>C&amp;T Asesores Econ\u00f3micos&nbsp;<\/em>espera una cifra del 2,7% con un incremento del 5,4% en alimentos. Mientras que,&nbsp;<em>EcoGo<\/em>&nbsp;proyect\u00f3 un 2,7% y alert\u00f3 por las tarifas.&nbsp;<em>Equilibra<\/em>&nbsp;calcul\u00f3 un 2,6% con aumento en verduras e indumentaria.<\/p>\n\n\n\n<p><em>Analytica<\/em>, por su parte, anticipaba un 2,5% con aumentos marcados en verduras y carnes. La m\u00e1s alta fue la medici\u00f3n de<em>&nbsp;Orlando J. Ferreres y Asociados,<\/em>&nbsp;que indic\u00f3 un 2,9%.<\/p>\n","protected":false},"excerpt":{"rendered":"<p>A la espera de un nuevo acuerdo con el Fondo Monetario Internacional, el INDEC difundi\u00f3 el \u00edndice correspondiente al tercer mes del 2025, dato que representa un nuevo incremento con respecto a febrero. Acumul\u00f3 un 55,9% en los \u00faltimos 12 meses<\/p>\n","protected":false},"author":2,"featured_media":55604,"comment_status":"open","ping_status":"open","sticky":false,"template":"","format":"standard","meta":{"om_disable_all_campaigns":false,"_monsterinsights_skip_tracking":false,"_monsterinsights_sitenote_active":false,"_monsterinsights_sitenote_note":"","_monsterinsights_sitenote_category":0,"_uf_show_specific_survey":0,"_uf_disable_surveys":false,"jetpack_post_was_ever_published":false,"_jetpack_newsletter_access":"","_jetpack_dont_email_post_to_subs":false,"_jetpack_newsletter_tier_id":0,"_jetpack_memberships_contains_paywalled_content":false,"_jetpack_memberships_contains_paid_content":false,"footnotes":"","jetpack_publicize_message":"","jetpack_publicize_feature_enabled":true,"jetpack_social_post_already_shared":false,"jetpack_social_options":{"image_generator_settings":{"template":"highway","enabled":false},"version":2}},"categories":[4,7],"tags":[263,265],"class_list":["post-74796","post","type-post","status-publish","format-standard","has-post-thumbnail","hentry","category-destacadas","category-nacionales","tag-indec","tag-inflacion"],"aioseo_notices":[],"views":20,"jetpack_publicize_connections":[],"jetpack_featured_media_url":"https:\/\/i0.wp.com\/elterritorialweb.com.ar\/web\/wp-content\/uploads\/2023\/07\/inflacion-junio-2023.webp?fit=630%2C338&ssl=1","jetpack_sharing_enabled":true,"_links":{"self":[{"href":"https:\/\/elterritorialweb.com.ar\/web\/wp-json\/wp\/v2\/posts\/74796","targetHints":{"allow":["GET"]}}],"collection":[{"href":"https:\/\/elterritorialweb.com.ar\/web\/wp-json\/wp\/v2\/posts"}],"about":[{"href":"https:\/\/elterritorialweb.com.ar\/web\/wp-json\/wp\/v2\/types\/post"}],"author":[{"embeddable":true,"href":"https:\/\/elterritorialweb.com.ar\/web\/wp-json\/wp\/v2\/users\/2"}],"replies":[{"embeddable":true,"href":"https:\/\/elterritorialweb.com.ar\/web\/wp-json\/wp\/v2\/comments?post=74796"}],"version-history":[{"count":2,"href":"https:\/\/elterritorialweb.com.ar\/web\/wp-json\/wp\/v2\/posts\/74796\/revisions"}],"predecessor-version":[{"id":74798,"href":"https:\/\/elterritorialweb.com.ar\/web\/wp-json\/wp\/v2\/posts\/74796\/revisions\/74798"}],"wp:featuredmedia":[{"embeddable":true,"href":"https:\/\/elterritorialweb.com.ar\/web\/wp-json\/wp\/v2\/media\/55604"}],"wp:attachment":[{"href":"https:\/\/elterritorialweb.com.ar\/web\/wp-json\/wp\/v2\/media?parent=74796"}],"wp:term":[{"taxonomy":"category","embeddable":true,"href":"https:\/\/elterritorialweb.com.ar\/web\/wp-json\/wp\/v2\/categories?post=74796"},{"taxonomy":"post_tag","embeddable":true,"href":"https:\/\/elterritorialweb.com.ar\/web\/wp-json\/wp\/v2\/tags?post=74796"}],"curies":[{"name":"wp","href":"https:\/\/api.w.org\/{rel}","templated":true}]}}