{"id":74799,"date":"2025-04-12T01:37:33","date_gmt":"2025-04-12T01:37:33","guid":{"rendered":"https:\/\/elterritorialweb.com.ar\/web\/?p=74799"},"modified":"2025-04-12T01:37:36","modified_gmt":"2025-04-12T01:37:36","slug":"caputo-confirmo-el-acuerdo-del-fmi-por-usd-15-000-millones-en-el-2025","status":"publish","type":"post","link":"https:\/\/elterritorialweb.com.ar\/web\/caputo-confirmo-el-acuerdo-del-fmi-por-usd-15-000-millones-en-el-2025\/","title":{"rendered":"CAPUTO CONFIRM\u00d3 EL ACUERDO DEL FMI POR USD 15.000 MILLONES EN EL 2025"},"content":{"rendered":"\n<p>El directorio del\u00a0<strong>Fondo Monetario Internacional<\/strong>\u00a0aprob\u00f3 este viernes el nuevo programa con la Argentina por USD 20.000 millones, luego de cuatro meses de negociaciones con el Gobierno de\u00a0<strong>Javier Milei<\/strong>. El desembolso previsto a lo largo de 2025 es de<strong>\u00a0USD 15.000 millones<\/strong>, seg\u00fan inform\u00f3 el Banco Central.<\/p>\n\n\n\n<p>El programa tendr\u00e1 una duraci\u00f3n de cuatro a\u00f1os, con revisiones trimestrales de metas y 10 a\u00f1os de plazo de devoluci\u00f3n del pr\u00e9stamo. El organismo destac\u00f3 los \u201cavances iniciales\u201d del plan econ\u00f3mico del Poder Ejecutivo y mencion\u00f3 la necesidad de una nueva fase que incluya reformas y una consolidaci\u00f3n de la estabilidad.<\/p>\n\n\n\n<p>\u201cEl nuevo acuerdo con el FMI implica que vamos a concluir con la etapa 3 de nuestro&nbsp;<strong>programa econ\u00f3mico<\/strong>. La primera era terminar con el d\u00e9ficit fiscal, la segunda era terminar con el d\u00e9ficit cuasifiscal y la emisi\u00f3n monetaria y la tercera era la recapitalizaci\u00f3n del Banco Central\u201d, se\u00f1al\u00f3 el ministro de Econom\u00eda Luis Caputo.<\/p>\n\n\n\n<p>\u201cRecapitalizar el BCRA implica respaldar los pesos que el Banco Central ha emitido. Los pesos no son otra cosa que la deuda que el Banco tiene con la gente. Es una deuda que la pol\u00edtica argentina ha despreciado por much\u00edsimos a\u00f1os. Venimos con este acuerdo justamente a tratar de honrar y sanear esa deuda m\u00e1s que nunca\u201d, agreg\u00f3.<\/p>\n\n\n\n<p>El&nbsp;<strong>acuerdo con el FMI&nbsp;<\/strong>llega en un momento cr\u00edtico para las reservas del Banco Central, que acumulan una ca\u00edda de USD 8.100 millones desde el inicio del a\u00f1o y que se encuentran en su nivel m\u00e1s bajo en 14 meses. El Gobierno busca relanzar el plan econ\u00f3mico con un inyecci\u00f3n de divisas hacia la autoridad monetaria entre el FMI, otros organismos multilaterales de cr\u00e9dito y otras fuentes que puedan recomponer las arcas internacionales.<\/p>\n","protected":false},"excerpt":{"rendered":"<p>El organismo dio el visto bueno al programa por USD 20.000 millones en 48 meses, despu\u00e9s de largas negociaciones con el Gobierno argentino.<\/p>\n","protected":false},"author":2,"featured_media":74800,"comment_status":"open","ping_status":"open","sticky":false,"template":"","format":"standard","meta":{"om_disable_all_campaigns":false,"_monsterinsights_skip_tracking":false,"_monsterinsights_sitenote_active":false,"_monsterinsights_sitenote_note":"","_monsterinsights_sitenote_category":0,"_uf_show_specific_survey":0,"_uf_disable_surveys":false,"jetpack_post_was_ever_published":false,"_jetpack_newsletter_access":"","_jetpack_dont_email_post_to_subs":false,"_jetpack_newsletter_tier_id":0,"_jetpack_memberships_contains_paywalled_content":false,"_jetpack_memberships_contains_paid_content":false,"footnotes":"","jetpack_publicize_message":"","jetpack_publicize_feature_enabled":true,"jetpack_social_post_already_shared":true,"jetpack_social_options":{"image_generator_settings":{"template":"highway","default_image_id":0,"font":"","enabled":false},"version":2}},"categories":[4,7],"tags":[321,801],"class_list":["post-74799","post","type-post","status-publish","format-standard","has-post-thumbnail","hentry","category-destacadas","category-nacionales","tag-fondo-monetario-internacional-fmi","tag-luis-caputo"],"aioseo_notices":[],"views":13,"jetpack_publicize_connections":[],"jetpack_featured_media_url":"https:\/\/i0.wp.com\/elterritorialweb.com.ar\/web\/wp-content\/uploads\/2025\/04\/luis-caputo.png?fit=790%2C484&ssl=1","jetpack_sharing_enabled":true,"_links":{"self":[{"href":"https:\/\/elterritorialweb.com.ar\/web\/wp-json\/wp\/v2\/posts\/74799","targetHints":{"allow":["GET"]}}],"collection":[{"href":"https:\/\/elterritorialweb.com.ar\/web\/wp-json\/wp\/v2\/posts"}],"about":[{"href":"https:\/\/elterritorialweb.com.ar\/web\/wp-json\/wp\/v2\/types\/post"}],"author":[{"embeddable":true,"href":"https:\/\/elterritorialweb.com.ar\/web\/wp-json\/wp\/v2\/users\/2"}],"replies":[{"embeddable":true,"href":"https:\/\/elterritorialweb.com.ar\/web\/wp-json\/wp\/v2\/comments?post=74799"}],"version-history":[{"count":2,"href":"https:\/\/elterritorialweb.com.ar\/web\/wp-json\/wp\/v2\/posts\/74799\/revisions"}],"predecessor-version":[{"id":74802,"href":"https:\/\/elterritorialweb.com.ar\/web\/wp-json\/wp\/v2\/posts\/74799\/revisions\/74802"}],"wp:featuredmedia":[{"embeddable":true,"href":"https:\/\/elterritorialweb.com.ar\/web\/wp-json\/wp\/v2\/media\/74800"}],"wp:attachment":[{"href":"https:\/\/elterritorialweb.com.ar\/web\/wp-json\/wp\/v2\/media?parent=74799"}],"wp:term":[{"taxonomy":"category","embeddable":true,"href":"https:\/\/elterritorialweb.com.ar\/web\/wp-json\/wp\/v2\/categories?post=74799"},{"taxonomy":"post_tag","embeddable":true,"href":"https:\/\/elterritorialweb.com.ar\/web\/wp-json\/wp\/v2\/tags?post=74799"}],"curies":[{"name":"wp","href":"https:\/\/api.w.org\/{rel}","templated":true}]}}