{"id":74803,"date":"2025-04-12T02:05:31","date_gmt":"2025-04-12T02:05:31","guid":{"rendered":"https:\/\/elterritorialweb.com.ar\/web\/?p=74803"},"modified":"2025-04-12T02:07:17","modified_gmt":"2025-04-12T02:07:17","slug":"el-gobierno-anuncio-el-fin-del-cepo-y-el-dolar-flotara-entre-1-000-y-1-400","status":"publish","type":"post","link":"https:\/\/elterritorialweb.com.ar\/web\/el-gobierno-anuncio-el-fin-del-cepo-y-el-dolar-flotara-entre-1-000-y-1-400\/","title":{"rendered":"EL GOBIERNO ANUNCI\u00d3 EL LEVANTAMIENTO DEL CEPO Y EL D\u00d3LAR FLOTAR\u00c1 ENTRE  $1.000 y $1.400"},"content":{"rendered":"\n<p>El\u00a0<strong>Banco Central de la Rep\u00fablica Argentina (BCRA)<\/strong>\u00a0anunci\u00f3 este viernes la puesta en marcha de la\u00a0<strong>\u00abFase 3 del programa econ\u00f3mico\u00bb<\/strong>\u00a0iniciado el 10 de diciembre de 2023, que consistir\u00e1 en el\u00a0<strong>levantamiento del cepo cambiario<\/strong>\u00a0y una\u00a0<strong>flotaci\u00f3n libre del d\u00f3lar entre los $1.000 y los $1.400<\/strong>.<\/p>\n\n\n\n<p>La entidad monetaria indic\u00f3 que los l\u00edmites de\u00a0<strong>las bandas de fluctuaci\u00f3n \u00abse ampliar\u00e1n a un ritmo del 1% mensual\u00bb<\/strong>, tal como se ven\u00eda haciendo con el crawling peg. Adem\u00e1s, \u00ab<strong>se elimina el d\u00f3lar blend, se eliminan las restricciones cambiarias a las personas humanas, se permite la distribuci\u00f3n de utilidades a accionistas del exterior<\/strong>\u00a0a partir de los ejercicios financieros que comienzan en 2025 y se flexibilizan los plazos para el pago de operaciones de comercio exterior\u00bb.<\/p>\n\n\n\n<p>El Banco Central consider\u00f3 que las medidas permitir\u00e1n seguir avanzando en el \u00abobjetivo prioritario de&nbsp;<strong>reducir la inflaci\u00f3n<\/strong>\u00ab. En el caso particular del cepo, la eliminaci\u00f3n de las restricciones cambiarias&nbsp;<strong>\u00abimpulsar\u00e1 la actividad, el empleo, la inversi\u00f3n y la productividad<\/strong>&nbsp;de la econom\u00eda argentina, con el refuerzo de la&nbsp;<strong>recuperaci\u00f3n del ahorro dom\u00e9stico y el cr\u00e9dito al sector privado&nbsp;<\/strong>en curso\u00bb.<\/p>\n\n\n\n<p>\u00abLos avances en la pol\u00edtica econ\u00f3mica permiten<strong>&nbsp;aumentar la previsibilidad monetaria, la flexibilidad cambiaria y las reservas de libre disponibilidad<\/strong>&nbsp;que respaldan el programa econ\u00f3mico. De esta manera, y junto a la liberaci\u00f3n del cepo cambiario y un f\u00e9rreo compromiso fiscal, quedan sentadas las bases para establecer un equilibrio econ\u00f3mico duradero\u00bb, consider\u00f3 el BCRA<\/p>\n\n\n\n<h3 class=\"wp-block-heading\">\u00abflotaci\u00f3n entre bandas y eliminaci\u00f3n del \u00abblend\u00bb<\/h3>\n\n\n\n<p>Adem\u00e1s, \u00ab<strong>se elimina el d\u00f3lar blend<\/strong>,&nbsp;<strong>se eliminan las restricciones cambiarias&nbsp;<\/strong>a las personas humanas, se permite la&nbsp;<strong>distribuci\u00f3n de utilidades a accionistas del exterior<\/strong>&nbsp;a partir de los ejercicios financieros que comienzan en 2025 y se flexibilizan los plazos para el pago de operaciones de comercio exterior, y se refuerza el ancla nominal perfeccionando el marco de pol\u00edtica monetaria en el que no hay emisi\u00f3n de pesos por parte de BCRA para el financiamiento del d\u00e9ficit fiscal o para la remuneraci\u00f3n de sus pasivos monetarios\u201d, a\u00f1adi\u00f3 la circular.<\/p>\n\n\n\n<p>Seg\u00fan indic\u00f3 el organismo dirigido por\u00a0<strong>Santiago Bausili<\/strong>, \u00abestas medidas permitir\u00e1n al BCRA seguir\u00a0<strong>avanzando en su objetivo prioritario de reducir la inflaci\u00f3n<\/strong>\u00ab,\u00a0la cual en marzo trep\u00f3 a 3,7%.<\/p>\n\n\n\n<p>Por otra parte, la eliminaci\u00f3n de restricciones cambiarias \u00ab<strong>impulsar\u00e1 la actividad, el empleo, la inversi\u00f3n y la productividad<\/strong>&nbsp;de la econom\u00eda argentina, con el refuerzo de la recuperaci\u00f3n del ahorro dom\u00e9stico y el cr\u00e9dito al sector privado en curso\u00bb.<\/p>\n\n\n\n<p>\u00abLos avances en la pol\u00edtica econ\u00f3mica permiten<strong>&nbsp;aumentar la previsibilidad monetaria, la flexibilidad cambiaria y las reservas de libre disponibilidad&nbsp;<\/strong>que respaldan el programa econ\u00f3mico. De esta manera, y junto a la liberaci\u00f3n del cepo cambiario y un f\u00e9rreo compromiso fiscal, quedan sentadas las bases para establecer un equilibrio econ\u00f3mico duradero\u00bb, asegur\u00f3.<\/p>\n","protected":false},"excerpt":{"rendered":"<p>Ser\u00e1 a partir del lunes. Adem\u00e1s, se eliminar\u00e1 el d\u00f3lar blend y se permitir\u00e1 el giro de utilidades al exterior.<\/p>\n","protected":false},"author":2,"featured_media":65771,"comment_status":"open","ping_status":"open","sticky":false,"template":"","format":"standard","meta":{"om_disable_all_campaigns":false,"_monsterinsights_skip_tracking":false,"_monsterinsights_sitenote_active":false,"_monsterinsights_sitenote_note":"","_monsterinsights_sitenote_category":0,"_uf_show_specific_survey":0,"_uf_disable_surveys":false,"jetpack_post_was_ever_published":false,"_jetpack_newsletter_access":"","_jetpack_dont_email_post_to_subs":false,"_jetpack_newsletter_tier_id":0,"_jetpack_memberships_contains_paywalled_content":false,"_jetpack_memberships_contains_paid_content":false,"footnotes":"","jetpack_publicize_message":"","jetpack_publicize_feature_enabled":true,"jetpack_social_post_already_shared":false,"jetpack_social_options":{"image_generator_settings":{"template":"highway","enabled":false},"version":2}},"categories":[4,7],"tags":[542,1150],"class_list":["post-74803","post","type-post","status-publish","format-standard","has-post-thumbnail","hentry","category-destacadas","category-nacionales","tag-banco-central-de-la-republica-argentina","tag-cepo-al-dolar"],"aioseo_notices":[],"views":11,"jetpack_publicize_connections":[],"jetpack_featured_media_url":"https:\/\/i0.wp.com\/elterritorialweb.com.ar\/web\/wp-content\/uploads\/2024\/05\/dolares.jpg?fit=900%2C660&ssl=1","jetpack_sharing_enabled":true,"_links":{"self":[{"href":"https:\/\/elterritorialweb.com.ar\/web\/wp-json\/wp\/v2\/posts\/74803","targetHints":{"allow":["GET"]}}],"collection":[{"href":"https:\/\/elterritorialweb.com.ar\/web\/wp-json\/wp\/v2\/posts"}],"about":[{"href":"https:\/\/elterritorialweb.com.ar\/web\/wp-json\/wp\/v2\/types\/post"}],"author":[{"embeddable":true,"href":"https:\/\/elterritorialweb.com.ar\/web\/wp-json\/wp\/v2\/users\/2"}],"replies":[{"embeddable":true,"href":"https:\/\/elterritorialweb.com.ar\/web\/wp-json\/wp\/v2\/comments?post=74803"}],"version-history":[{"count":3,"href":"https:\/\/elterritorialweb.com.ar\/web\/wp-json\/wp\/v2\/posts\/74803\/revisions"}],"predecessor-version":[{"id":74807,"href":"https:\/\/elterritorialweb.com.ar\/web\/wp-json\/wp\/v2\/posts\/74803\/revisions\/74807"}],"wp:featuredmedia":[{"embeddable":true,"href":"https:\/\/elterritorialweb.com.ar\/web\/wp-json\/wp\/v2\/media\/65771"}],"wp:attachment":[{"href":"https:\/\/elterritorialweb.com.ar\/web\/wp-json\/wp\/v2\/media?parent=74803"}],"wp:term":[{"taxonomy":"category","embeddable":true,"href":"https:\/\/elterritorialweb.com.ar\/web\/wp-json\/wp\/v2\/categories?post=74803"},{"taxonomy":"post_tag","embeddable":true,"href":"https:\/\/elterritorialweb.com.ar\/web\/wp-json\/wp\/v2\/tags?post=74803"}],"curies":[{"name":"wp","href":"https:\/\/api.w.org\/{rel}","templated":true}]}}