{"id":74808,"date":"2025-04-12T02:27:25","date_gmt":"2025-04-12T02:27:25","guid":{"rendered":"https:\/\/elterritorialweb.com.ar\/web\/?p=74808"},"modified":"2025-04-12T02:27:28","modified_gmt":"2025-04-12T02:27:28","slug":"milei-celebro-el-fin-del-cepo-y-aseguro-que-la-inflacion-va-a-desaparecer","status":"publish","type":"post","link":"https:\/\/elterritorialweb.com.ar\/web\/milei-celebro-el-fin-del-cepo-y-aseguro-que-la-inflacion-va-a-desaparecer\/","title":{"rendered":"MILEI CELEBR\u00d3 EL FIN DEL CEPO Y ASEGUR\u00d3 QUE LA INFLACI\u00d3N VA A DESAPARECER"},"content":{"rendered":"\n<p>El presidente\u00a0<strong>Javier Milei habl\u00f3 por cadena nacional\u00a0<\/strong>este viernes por la noche luego de que se confirme el nuevo acuerdo con el\u00a0<strong>Fondo Monetario Internacional (FMI)<\/strong>.<\/p>\n\n\n\n<p>El Presidente brind\u00f3 una cadena nacional acompa\u00f1ado de sus ministros, luego de que el Gobierno alcanzara un nuevo acuerdo con el FMI y se anunciara la eliminaci\u00f3n del cepo cambiario.<\/p>\n\n\n\n<p><strong>La aprobaci\u00f3n de un nuevo entendimiento con Argentina<\/strong>\u00a0por un total de u$s20.000 millones y asegur\u00f3 que la inflaci\u00f3n \u00abva a colapsar\u00bb<\/p>\n\n\n\n<p>\u00abEn el mediano plazo, dados los fundamentos del programa, la inflaci\u00f3n no tiene ning\u00fan otro destino que colapsa porque<strong>\u00a0nunca m\u00e1s volver\u00e1 a haber emisi\u00f3n de pesos sin respaldo<\/strong>\u00ab, sostuvo,\u00a0a horas de que se conociera el \u00edndice inflacionario de marzo, el cual marc\u00f3 una escalada del 3,7%.<\/p>\n\n\n\n<p>En ese punto, sostuvo que la inflaci\u00f3n va camino a desaparecer \u00abpese a los intentos de generar inestabilidad de quienes todav\u00eda quieren detener el cambio\u00bb y asegur\u00f3 que esta<strong>&nbsp;\u00faltima cifra result\u00f3 como consecuencia de&nbsp;<\/strong>l<strong>a normativa impulsada por el exministro de Econom\u00eda Mart\u00edn Guzm\u00e1n<\/strong>, cuyo objetivo principal fue establecer un&nbsp;<strong>mayor control legislativo sobre el proceso de endeudamiento&nbsp;<\/strong>del pa\u00eds con organismos internacionales.<\/p>\n\n\n\n<p>\u00abDurante las \u00faltimas semanas, dada la volatilidad de la incertidumbre generada por quienes esparcieron mentiras sin ning\u00fan tipo de tapujo&nbsp;<strong>este mes hemos un interrupci\u00f3n en el proceso de desinflaci\u00f3n<\/strong>\u00ab, continu\u00f3 antes de apuntar que \u00abestos son los efectos de&nbsp;<strong>la aberraci\u00f3n de la Ley Guzm\u00e1n<\/strong>, que&nbsp;<strong>nos oblig\u00f3 a ir al Congreso<\/strong>&nbsp;a pedir autorizaci\u00f3n para aprobar este acuerdo con el Fondo, cuando eso no ocurre en ning\u00fan pa\u00eds del mundo\u00bb.<\/p>\n\n\n\n<p>\u00abAtados por la reserva propia de estos acuerdos, tuvimos que ver como durante semanas los pol\u00edticos y los economistas generaron p\u00e1nico e incertidumbre en la poblaci\u00f3n\u00bb, indic\u00f3.<\/p>\n\n\n\n<p>Por \u00faltimo, reiter\u00f3 que \u00ab<strong>la inflaci\u00f3n no tiene otro destino m\u00e1s que desaparecer<\/strong>\u00ab, ya que \u00abnuestro programa contempla eliminar la emisi\u00f3n de pesos sin respaldo para siempre, la inflaci\u00f3n argentina tarde o temprano va a desaparecer\u00bb.<\/p>\n","protected":false},"excerpt":{"rendered":"<p>A trav\u00e9s de un mensaje por cadena nacional, el Presidente celebr\u00f3 el acuerdo con el Fondo Monetario Internacional (FMI) y el fin del cepo cambiario.<\/p>\n","protected":false},"author":2,"featured_media":74809,"comment_status":"open","ping_status":"open","sticky":false,"template":"","format":"standard","meta":{"om_disable_all_campaigns":false,"_monsterinsights_skip_tracking":false,"_monsterinsights_sitenote_active":false,"_monsterinsights_sitenote_note":"","_monsterinsights_sitenote_category":0,"_uf_show_specific_survey":0,"_uf_disable_surveys":false,"jetpack_post_was_ever_published":false,"_jetpack_newsletter_access":"","_jetpack_dont_email_post_to_subs":false,"_jetpack_newsletter_tier_id":0,"_jetpack_memberships_contains_paywalled_content":false,"_jetpack_memberships_contains_paid_content":false,"footnotes":"","jetpack_publicize_message":"","jetpack_publicize_feature_enabled":true,"jetpack_social_post_already_shared":false,"jetpack_social_options":{"image_generator_settings":{"template":"highway","enabled":false},"version":2}},"categories":[4,7],"tags":[],"class_list":["post-74808","post","type-post","status-publish","format-standard","has-post-thumbnail","hentry","category-destacadas","category-nacionales"],"aioseo_notices":[],"views":36,"jetpack_publicize_connections":[],"jetpack_featured_media_url":"https:\/\/i0.wp.com\/elterritorialweb.com.ar\/web\/wp-content\/uploads\/2025\/04\/javier-milei-cadena-nacional-junto-su-gabinete.jpg?fit=1000%2C578&ssl=1","jetpack_sharing_enabled":true,"_links":{"self":[{"href":"https:\/\/elterritorialweb.com.ar\/web\/wp-json\/wp\/v2\/posts\/74808","targetHints":{"allow":["GET"]}}],"collection":[{"href":"https:\/\/elterritorialweb.com.ar\/web\/wp-json\/wp\/v2\/posts"}],"about":[{"href":"https:\/\/elterritorialweb.com.ar\/web\/wp-json\/wp\/v2\/types\/post"}],"author":[{"embeddable":true,"href":"https:\/\/elterritorialweb.com.ar\/web\/wp-json\/wp\/v2\/users\/2"}],"replies":[{"embeddable":true,"href":"https:\/\/elterritorialweb.com.ar\/web\/wp-json\/wp\/v2\/comments?post=74808"}],"version-history":[{"count":2,"href":"https:\/\/elterritorialweb.com.ar\/web\/wp-json\/wp\/v2\/posts\/74808\/revisions"}],"predecessor-version":[{"id":74811,"href":"https:\/\/elterritorialweb.com.ar\/web\/wp-json\/wp\/v2\/posts\/74808\/revisions\/74811"}],"wp:featuredmedia":[{"embeddable":true,"href":"https:\/\/elterritorialweb.com.ar\/web\/wp-json\/wp\/v2\/media\/74809"}],"wp:attachment":[{"href":"https:\/\/elterritorialweb.com.ar\/web\/wp-json\/wp\/v2\/media?parent=74808"}],"wp:term":[{"taxonomy":"category","embeddable":true,"href":"https:\/\/elterritorialweb.com.ar\/web\/wp-json\/wp\/v2\/categories?post=74808"},{"taxonomy":"post_tag","embeddable":true,"href":"https:\/\/elterritorialweb.com.ar\/web\/wp-json\/wp\/v2\/tags?post=74808"}],"curies":[{"name":"wp","href":"https:\/\/api.w.org\/{rel}","templated":true}]}}