{"id":74812,"date":"2025-04-12T02:41:52","date_gmt":"2025-04-12T02:41:52","guid":{"rendered":"https:\/\/elterritorialweb.com.ar\/web\/?p=74812"},"modified":"2025-04-12T02:41:54","modified_gmt":"2025-04-12T02:41:54","slug":"se-inicio-el-primer-modulo-del-ciclo-de-capacitaciones-2025-para-agentes-del-estado","status":"publish","type":"post","link":"https:\/\/elterritorialweb.com.ar\/web\/se-inicio-el-primer-modulo-del-ciclo-de-capacitaciones-2025-para-agentes-del-estado\/","title":{"rendered":"SE INICI\u00d3 EL PRIMER M\u00d3DULO DEL CICLO DE CAPACITACIONES 2025 PARA AGENTES DEL ESTADO"},"content":{"rendered":"\n<p>Con la disertaci\u00f3n del abogado especialista Fernando Tomeo, sobre \u201cEducaci\u00f3n digital en la era de las redes sociales y la inteligencia artificial\u201d, dio inicio este viernes por la tarde el primer encuentro del Ciclo de Capacitaciones 2025 (segunda cohorte) dirigido a empleados p\u00fablicos provinciales, en el Centro de Convenciones F\u00f3rum.<br><br>En el panel estuvieron junto al Dr. Tomeo, el jefe de Gabinete, El\u00edas Su\u00e1rez y la ministra de Justicia, Matilde O\u2019Mill.<\/p>\n\n\n\n<p>Asistieron adem\u00e1s a la ceremonia de apertura los ministros de Gobierno, Marcelo Barbur; de Producci\u00f3n, Miguel Mandrille y de Salud, Natividad Nassif; la secretaria de Trabajo, Julia Com\u00e1n, entre otros funcionarios y personal de distintos organismos.<\/p>\n\n\n\n<figure class=\"wp-block-image size-large\"><a href=\"https:\/\/i0.wp.com\/elterritorialweb.com.ar\/web\/wp-content\/uploads\/2025\/04\/IMG-20250411-WA0069.jpg\"><img data-recalc-dims=\"1\" decoding=\"async\" width=\"640\" height=\"397\" data-src=\"https:\/\/i0.wp.com\/elterritorialweb.com.ar\/web\/wp-content\/uploads\/2025\/04\/IMG-20250411-WA0069.jpg?resize=640%2C397\" alt=\"\" class=\"wp-image-74814 lazyload\" data-srcset=\"https:\/\/i0.wp.com\/elterritorialweb.com.ar\/web\/wp-content\/uploads\/2025\/04\/IMG-20250411-WA0069.jpg?resize=1024%2C635&amp;ssl=1 1024w, https:\/\/i0.wp.com\/elterritorialweb.com.ar\/web\/wp-content\/uploads\/2025\/04\/IMG-20250411-WA0069.jpg?resize=300%2C186&amp;ssl=1 300w, https:\/\/i0.wp.com\/elterritorialweb.com.ar\/web\/wp-content\/uploads\/2025\/04\/IMG-20250411-WA0069.jpg?resize=768%2C476&amp;ssl=1 768w, https:\/\/i0.wp.com\/elterritorialweb.com.ar\/web\/wp-content\/uploads\/2025\/04\/IMG-20250411-WA0069.jpg?resize=1536%2C953&amp;ssl=1 1536w, https:\/\/i0.wp.com\/elterritorialweb.com.ar\/web\/wp-content\/uploads\/2025\/04\/IMG-20250411-WA0069.jpg?resize=2048%2C1270&amp;ssl=1 2048w, https:\/\/i0.wp.com\/elterritorialweb.com.ar\/web\/wp-content\/uploads\/2025\/04\/IMG-20250411-WA0069.jpg?w=1280 1280w, https:\/\/i0.wp.com\/elterritorialweb.com.ar\/web\/wp-content\/uploads\/2025\/04\/IMG-20250411-WA0069.jpg?w=1920 1920w\" data-sizes=\"(max-width: 640px) 100vw, 640px\" src=\"data:image\/svg+xml;base64,PHN2ZyB3aWR0aD0iMSIgaGVpZ2h0PSIxIiB4bWxucz0iaHR0cDovL3d3dy53My5vcmcvMjAwMC9zdmciPjwvc3ZnPg==\" style=\"--smush-placeholder-width: 640px; --smush-placeholder-aspect-ratio: 640\/397;\" \/><\/a><\/figure>\n\n\n\n<p>La apertura estuvo a cargo de O\u00b4Mill, quien enfatiz\u00f3 sobre el rol de quienes forman parte del Estado con la responsabilidad de asistir, proteger y acompa\u00f1ar al ciudadano.<\/p>\n\n\n\n<p>Por su parte, el jefe de Gabinete de Ministros destac\u00f3 el compromiso de todos los empleados de la administraci\u00f3n que participan de esta capacitaci\u00f3n, \u201cqueriendo mejorar y dando un paso adelante para ser m\u00e1s eficiente, efectivos en el trabajo, tanto individual, como colectivo\u201d.<br>Dijo que ese compromiso es uno de los \u201cejes de gesti\u00f3n, como lo viene realizando nuestro gobernador Gerardo Zamora hace muchos a\u00f1os, con las obras que necesitan nuestra comunidad para crecer y desarrollarse\u201d.<\/p>\n\n\n\n<p>\u201cTambi\u00e9n pensamos en esa visi\u00f3n, en esa vocaci\u00f3n que tiene que tener el Estado para mejorar y proteger derechos de aquellos que lo requieren, con un Estado eficiente, moderno, pensando en los agentes que trabajan en la administraci\u00f3n p\u00fablica, que tienen que ser cada vez m\u00e1s efectivos a la hora de gestionar y d\u00e1ndoles herramientas necesarias\u201d, se\u00f1al\u00f3.<\/p>\n\n\n\n<figure class=\"wp-block-image size-large\"><a href=\"https:\/\/i0.wp.com\/elterritorialweb.com.ar\/web\/wp-content\/uploads\/2025\/04\/IMG-20250411-WA0068.jpg\"><img data-recalc-dims=\"1\" decoding=\"async\" width=\"640\" height=\"295\" data-src=\"https:\/\/i0.wp.com\/elterritorialweb.com.ar\/web\/wp-content\/uploads\/2025\/04\/IMG-20250411-WA0068.jpg?resize=640%2C295\" alt=\"\" class=\"wp-image-74813 lazyload\" data-srcset=\"https:\/\/i0.wp.com\/elterritorialweb.com.ar\/web\/wp-content\/uploads\/2025\/04\/IMG-20250411-WA0068.jpg?resize=1024%2C472&amp;ssl=1 1024w, https:\/\/i0.wp.com\/elterritorialweb.com.ar\/web\/wp-content\/uploads\/2025\/04\/IMG-20250411-WA0068.jpg?resize=300%2C138&amp;ssl=1 300w, https:\/\/i0.wp.com\/elterritorialweb.com.ar\/web\/wp-content\/uploads\/2025\/04\/IMG-20250411-WA0068.jpg?resize=768%2C354&amp;ssl=1 768w, https:\/\/i0.wp.com\/elterritorialweb.com.ar\/web\/wp-content\/uploads\/2025\/04\/IMG-20250411-WA0068.jpg?w=1280&amp;ssl=1 1280w\" data-sizes=\"(max-width: 640px) 100vw, 640px\" src=\"data:image\/svg+xml;base64,PHN2ZyB3aWR0aD0iMSIgaGVpZ2h0PSIxIiB4bWxucz0iaHR0cDovL3d3dy53My5vcmcvMjAwMC9zdmciPjwvc3ZnPg==\" style=\"--smush-placeholder-width: 640px; --smush-placeholder-aspect-ratio: 640\/295;\" \/><\/a><\/figure>\n\n\n\n<p>El ciclo est\u00e1 estructurado en m\u00f3dulos mensuales divididos en m\u00f3dulos comunes para los inscriptos con contenidos transversales, y m\u00f3dulos para \u00e1reas espec\u00edficas. La modalidad de cursado ser\u00e1 h\u00edbrida, combinando instancias presenciales, virtuales y encuentros combinados.<\/p>\n","protected":false},"excerpt":{"rendered":"<p>El ciclo forma parte de las acciones de la Escuela de Capacitaci\u00f3n Profesional de los Agentes del Estado, impulsada por del gobernador Gerardo Zamora, en un trabajo conjunto de la Jefatura de Gabinete de Ministros y el Ministerio de Justicia y Derechos Humanos.<\/p>\n","protected":false},"author":2,"featured_media":74815,"comment_status":"open","ping_status":"open","sticky":false,"template":"","format":"standard","meta":{"om_disable_all_campaigns":false,"_monsterinsights_skip_tracking":false,"_monsterinsights_sitenote_active":false,"_monsterinsights_sitenote_note":"","_monsterinsights_sitenote_category":0,"_uf_show_specific_survey":0,"_uf_disable_surveys":false,"jetpack_post_was_ever_published":false,"_jetpack_newsletter_access":"","_jetpack_dont_email_post_to_subs":false,"_jetpack_newsletter_tier_id":0,"_jetpack_memberships_contains_paywalled_content":false,"_jetpack_memberships_contains_paid_content":false,"footnotes":"","jetpack_publicize_message":"","jetpack_publicize_feature_enabled":true,"jetpack_social_post_already_shared":false,"jetpack_social_options":{"image_generator_settings":{"template":"highway","enabled":false},"version":2}},"categories":[21],"tags":[],"class_list":["post-74812","post","type-post","status-publish","format-standard","has-post-thumbnail","hentry","category-locales"],"aioseo_notices":[],"views":23,"jetpack_publicize_connections":[],"jetpack_featured_media_url":"https:\/\/i0.wp.com\/elterritorialweb.com.ar\/web\/wp-content\/uploads\/2025\/04\/IMG-20250411-WA0070.jpg?fit=2560%2C1603&ssl=1","jetpack_sharing_enabled":true,"_links":{"self":[{"href":"https:\/\/elterritorialweb.com.ar\/web\/wp-json\/wp\/v2\/posts\/74812","targetHints":{"allow":["GET"]}}],"collection":[{"href":"https:\/\/elterritorialweb.com.ar\/web\/wp-json\/wp\/v2\/posts"}],"about":[{"href":"https:\/\/elterritorialweb.com.ar\/web\/wp-json\/wp\/v2\/types\/post"}],"author":[{"embeddable":true,"href":"https:\/\/elterritorialweb.com.ar\/web\/wp-json\/wp\/v2\/users\/2"}],"replies":[{"embeddable":true,"href":"https:\/\/elterritorialweb.com.ar\/web\/wp-json\/wp\/v2\/comments?post=74812"}],"version-history":[{"count":2,"href":"https:\/\/elterritorialweb.com.ar\/web\/wp-json\/wp\/v2\/posts\/74812\/revisions"}],"predecessor-version":[{"id":74817,"href":"https:\/\/elterritorialweb.com.ar\/web\/wp-json\/wp\/v2\/posts\/74812\/revisions\/74817"}],"wp:featuredmedia":[{"embeddable":true,"href":"https:\/\/elterritorialweb.com.ar\/web\/wp-json\/wp\/v2\/media\/74815"}],"wp:attachment":[{"href":"https:\/\/elterritorialweb.com.ar\/web\/wp-json\/wp\/v2\/media?parent=74812"}],"wp:term":[{"taxonomy":"category","embeddable":true,"href":"https:\/\/elterritorialweb.com.ar\/web\/wp-json\/wp\/v2\/categories?post=74812"},{"taxonomy":"post_tag","embeddable":true,"href":"https:\/\/elterritorialweb.com.ar\/web\/wp-json\/wp\/v2\/tags?post=74812"}],"curies":[{"name":"wp","href":"https:\/\/api.w.org\/{rel}","templated":true}]}}