{"id":74818,"date":"2025-04-12T03:28:11","date_gmt":"2025-04-12T03:28:11","guid":{"rendered":"https:\/\/elterritorialweb.com.ar\/web\/?p=74818"},"modified":"2025-04-12T03:28:22","modified_gmt":"2025-04-12T03:28:22","slug":"fuentes-habilito-la-plazoleta-jorge-veliz-junto-a-familiares-y-vecinos","status":"publish","type":"post","link":"https:\/\/elterritorialweb.com.ar\/web\/fuentes-habilito-la-plazoleta-jorge-veliz-junto-a-familiares-y-vecinos\/","title":{"rendered":"FUENTES HABILIT\u00d3 LA PLAZOLETA JORGE VELIZ JUNTO A FAMILIARES Y VECINOS"},"content":{"rendered":"\n<p>Acompa\u00f1ada por familiares y vecinos del sector, durante la emotiva ceremonia la jefa comunal habilit\u00f3 el <strong>espacio verde ubicado en la intersecci\u00f3n de las calles Magallanes y Santa Catalina de Laboure,<\/strong> que busca convertirse en un nuevo punto de encuentro y de <strong>recordaci\u00f3n de \u201cEl rey de la guaracha\u201d.<\/strong><\/p>\n\n\n\n<p><em>\u00abEste espacio simboliza el amor y el respeto de toda una comunidad hacia un m\u00fasico notable y talentoso como Jorge V\u00e9liz que, a 13 a\u00f1os de su muerte, sigue siendo recordado por todos como el gran artista que fue\u00bb<\/em>, se\u00f1al\u00f3 la jefa comunal. <\/p>\n\n\n\n<p><em>\u00abGracias a Jorge V\u00e9liz, la guaracha santiague\u00f1a tiene cada vez m\u00e1s reconocimiento a nivel nacional, por lo que resulta muy emocionante poder homenajearlo con un espacio verde del que podr\u00e1n disfrutar incluso las generaciones futuras\u00bb<\/em>, afirm\u00f3. <\/p>\n\n\n\n<p>Por su parte, el m\u00fasico e hijo de Jorge, Alejandro V\u00e9liz, expres\u00f3 su orgullo<em> \u00abpor esta plaza que honra el recuerdo de mi padre, que ha difundido la cultura santiague\u00f1a en todos los escenarios y ahora quedar\u00e1 inmortalizado en el barrio que lo vio crecer\u00bb.<\/em><\/p>\n","protected":false},"excerpt":{"rendered":"<p>La intendente de la Capital, Ing. Norma Fuentes, inaugur\u00f3 una plazoleta, en el barrio Juan Felipe Ibarra, en homenaje al m\u00fasico santiague\u00f1o Jorge V\u00e9liz por su aporte a la cultura y al cumplirse 13 a\u00f1os de su fallecimiento.<\/p>\n","protected":false},"author":2,"featured_media":74819,"comment_status":"open","ping_status":"open","sticky":false,"template":"","format":"standard","meta":{"om_disable_all_campaigns":false,"_monsterinsights_skip_tracking":false,"_monsterinsights_sitenote_active":false,"_monsterinsights_sitenote_note":"","_monsterinsights_sitenote_category":0,"_uf_show_specific_survey":0,"_uf_disable_surveys":false,"jetpack_post_was_ever_published":false,"_jetpack_newsletter_access":"","_jetpack_dont_email_post_to_subs":false,"_jetpack_newsletter_tier_id":0,"_jetpack_memberships_contains_paywalled_content":false,"_jetpack_memberships_contains_paid_content":false,"footnotes":"","jetpack_publicize_message":"","jetpack_publicize_feature_enabled":true,"jetpack_social_post_already_shared":false,"jetpack_social_options":{"image_generator_settings":{"template":"highway","enabled":false},"version":2}},"categories":[21],"tags":[],"class_list":["post-74818","post","type-post","status-publish","format-standard","has-post-thumbnail","hentry","category-locales"],"aioseo_notices":[],"views":32,"jetpack_publicize_connections":[],"jetpack_featured_media_url":"https:\/\/i0.wp.com\/elterritorialweb.com.ar\/web\/wp-content\/uploads\/2025\/04\/inauguracion-plazoleta-Jorge-Veliz.jpg?fit=1600%2C1066&ssl=1","jetpack_sharing_enabled":true,"_links":{"self":[{"href":"https:\/\/elterritorialweb.com.ar\/web\/wp-json\/wp\/v2\/posts\/74818","targetHints":{"allow":["GET"]}}],"collection":[{"href":"https:\/\/elterritorialweb.com.ar\/web\/wp-json\/wp\/v2\/posts"}],"about":[{"href":"https:\/\/elterritorialweb.com.ar\/web\/wp-json\/wp\/v2\/types\/post"}],"author":[{"embeddable":true,"href":"https:\/\/elterritorialweb.com.ar\/web\/wp-json\/wp\/v2\/users\/2"}],"replies":[{"embeddable":true,"href":"https:\/\/elterritorialweb.com.ar\/web\/wp-json\/wp\/v2\/comments?post=74818"}],"version-history":[{"count":2,"href":"https:\/\/elterritorialweb.com.ar\/web\/wp-json\/wp\/v2\/posts\/74818\/revisions"}],"predecessor-version":[{"id":74821,"href":"https:\/\/elterritorialweb.com.ar\/web\/wp-json\/wp\/v2\/posts\/74818\/revisions\/74821"}],"wp:featuredmedia":[{"embeddable":true,"href":"https:\/\/elterritorialweb.com.ar\/web\/wp-json\/wp\/v2\/media\/74819"}],"wp:attachment":[{"href":"https:\/\/elterritorialweb.com.ar\/web\/wp-json\/wp\/v2\/media?parent=74818"}],"wp:term":[{"taxonomy":"category","embeddable":true,"href":"https:\/\/elterritorialweb.com.ar\/web\/wp-json\/wp\/v2\/categories?post=74818"},{"taxonomy":"post_tag","embeddable":true,"href":"https:\/\/elterritorialweb.com.ar\/web\/wp-json\/wp\/v2\/tags?post=74818"}],"curies":[{"name":"wp","href":"https:\/\/api.w.org\/{rel}","templated":true}]}}