{"id":74830,"date":"2025-04-14T01:38:20","date_gmt":"2025-04-14T01:38:20","guid":{"rendered":"https:\/\/elterritorialweb.com.ar\/web\/?p=74830"},"modified":"2025-04-14T01:38:21","modified_gmt":"2025-04-14T01:38:21","slug":"con-gol-de-borja-sobre-el-final-river-empato-con-talleres-en-el-monumental","status":"publish","type":"post","link":"https:\/\/elterritorialweb.com.ar\/web\/con-gol-de-borja-sobre-el-final-river-empato-con-talleres-en-el-monumental\/","title":{"rendered":"CON GOL DE BORJA SOBRE EL FINAL, RIVER EMPAT\u00d3 CON TALLERES EN EL MONUMENTAL"},"content":{"rendered":"\n<p><strong>River empat\u00f3 1-1 con Talleres de C\u00f3rdoba en el estadio Monumental<\/strong>, por la fecha 13 de la zona B del torneo&nbsp;<strong>Apertura 2025<\/strong>. Con este resultado, contin\u00faa sin levantar cabeza: lleva cuatro igualdades consecutivas y qued\u00f3 cuarto con 22 puntos, a seis de Independiente, el l\u00edder.<\/p>\n\n\n\n<p>El equipo dirigido por&nbsp;<strong>Marcelo Gallardo<\/strong>&nbsp;contin\u00faa sin poder levantar vuelo. Lleg\u00f3 a este encuentro con la necesidad de ganar, tras el&nbsp;<strong>0-0 contra Riestra en el Bajo Flores, 2-2 frente a Rosario Central en N\u00fa\u00f1ez y 1-1 con Sarmiento en Jun\u00edn<\/strong>. Adem\u00e1s,&nbsp;<strong>igual\u00f3 0-0 con Barcelona de Ecuador<\/strong>, por la segunda fecha de la&nbsp;<strong>Copa Libertadores<\/strong>. Sin embargo, este domingo volvi\u00f3 a repartir unidades, esta vez con el conjunto cordob\u00e9s.<\/p>\n\n\n\n<figure class=\"wp-block-image size-large\"><a href=\"https:\/\/i0.wp.com\/elterritorialweb.com.ar\/web\/wp-content\/uploads\/2025\/04\/20250413_223432-scaled.jpg\"><img data-recalc-dims=\"1\" decoding=\"async\" width=\"640\" height=\"427\" data-src=\"https:\/\/i0.wp.com\/elterritorialweb.com.ar\/web\/wp-content\/uploads\/2025\/04\/20250413_223432.jpg?resize=640%2C427\" alt=\"\" class=\"wp-image-74832 lazyload\" data-srcset=\"https:\/\/i0.wp.com\/elterritorialweb.com.ar\/web\/wp-content\/uploads\/2025\/04\/20250413_223432-scaled.jpg?resize=1024%2C683&amp;ssl=1 1024w, https:\/\/i0.wp.com\/elterritorialweb.com.ar\/web\/wp-content\/uploads\/2025\/04\/20250413_223432-scaled.jpg?resize=300%2C200&amp;ssl=1 300w, https:\/\/i0.wp.com\/elterritorialweb.com.ar\/web\/wp-content\/uploads\/2025\/04\/20250413_223432-scaled.jpg?resize=768%2C512&amp;ssl=1 768w, https:\/\/i0.wp.com\/elterritorialweb.com.ar\/web\/wp-content\/uploads\/2025\/04\/20250413_223432-scaled.jpg?resize=1536%2C1024&amp;ssl=1 1536w, https:\/\/i0.wp.com\/elterritorialweb.com.ar\/web\/wp-content\/uploads\/2025\/04\/20250413_223432-scaled.jpg?resize=2048%2C1365&amp;ssl=1 2048w, https:\/\/i0.wp.com\/elterritorialweb.com.ar\/web\/wp-content\/uploads\/2025\/04\/20250413_223432-scaled.jpg?w=1280 1280w, https:\/\/i0.wp.com\/elterritorialweb.com.ar\/web\/wp-content\/uploads\/2025\/04\/20250413_223432-scaled.jpg?w=1920 1920w\" data-sizes=\"(max-width: 640px) 100vw, 640px\" src=\"data:image\/svg+xml;base64,PHN2ZyB3aWR0aD0iMSIgaGVpZ2h0PSIxIiB4bWxucz0iaHR0cDovL3d3dy53My5vcmcvMjAwMC9zdmciPjwvc3ZnPg==\" style=\"--smush-placeholder-width: 640px; --smush-placeholder-aspect-ratio: 640\/427;\" \/><\/a><\/figure>\n\n\n\n<p>El entrenador de la visita,&nbsp;<strong>Pablo Gui\u00f1az\u00fa<\/strong>, mand\u00f3 a la cancha a&nbsp;<strong>Valent\u00edn Depietri<\/strong>&nbsp;en el inicio del complemento para sacar provecho de su velocidad y le dio sus r\u00e9ditos. A los 5&#8242;. el mediocampista&nbsp;<strong>Juan Portilla<\/strong>&nbsp;tom\u00f3 la pelota a pocos metros del \u00e1rea propia, se adelant\u00f3 unos metros y realiz\u00f3 un pase profundo para<strong>&nbsp;Depietri<\/strong>, que recibi\u00f3 en el c\u00edrculo central y supo explotar la falla defensiva del Millonario. Super\u00f3 al chileno&nbsp;<strong>Paulo D\u00edaz -sufri\u00f3 un desgarro por el esfuerzo-<\/strong>&nbsp;y, tras correr 50 metros, defini\u00f3 con clase ante&nbsp;<strong>Franco Armani<\/strong>.<\/p>\n\n\n\n<p><strong>El Millonario marcha en la cuarta posici\u00f3n del grupo y est\u00e1 cerca de asegurarse la clasificaci\u00f3n a octavos de final<\/strong>. Sin embargo, m\u00e1s all\u00e1 de los resultados, el principal cuestionamiento para los futbolistas y el cuerpo t\u00e9cnico se debe al funcionamiento colectivo. A River le cuesta imponerse a trav\u00e9s del juego y, como ejemplo, apenas meti\u00f3 11 tantos en 12 partidos por el campeonato.<\/p>\n\n\n\n<figure class=\"wp-block-image size-large\"><a href=\"https:\/\/i0.wp.com\/elterritorialweb.com.ar\/web\/wp-content\/uploads\/2025\/04\/20250413_223449-scaled.jpg\"><img data-recalc-dims=\"1\" decoding=\"async\" width=\"640\" height=\"427\" data-src=\"https:\/\/i0.wp.com\/elterritorialweb.com.ar\/web\/wp-content\/uploads\/2025\/04\/20250413_223449.jpg?resize=640%2C427\" alt=\"\" class=\"wp-image-74833 lazyload\" data-srcset=\"https:\/\/i0.wp.com\/elterritorialweb.com.ar\/web\/wp-content\/uploads\/2025\/04\/20250413_223449-scaled.jpg?resize=1024%2C683&amp;ssl=1 1024w, https:\/\/i0.wp.com\/elterritorialweb.com.ar\/web\/wp-content\/uploads\/2025\/04\/20250413_223449-scaled.jpg?resize=300%2C200&amp;ssl=1 300w, https:\/\/i0.wp.com\/elterritorialweb.com.ar\/web\/wp-content\/uploads\/2025\/04\/20250413_223449-scaled.jpg?resize=768%2C512&amp;ssl=1 768w, https:\/\/i0.wp.com\/elterritorialweb.com.ar\/web\/wp-content\/uploads\/2025\/04\/20250413_223449-scaled.jpg?resize=1536%2C1024&amp;ssl=1 1536w, https:\/\/i0.wp.com\/elterritorialweb.com.ar\/web\/wp-content\/uploads\/2025\/04\/20250413_223449-scaled.jpg?resize=2048%2C1366&amp;ssl=1 2048w, https:\/\/i0.wp.com\/elterritorialweb.com.ar\/web\/wp-content\/uploads\/2025\/04\/20250413_223449-scaled.jpg?w=1280 1280w, https:\/\/i0.wp.com\/elterritorialweb.com.ar\/web\/wp-content\/uploads\/2025\/04\/20250413_223449-scaled.jpg?w=1920 1920w\" data-sizes=\"(max-width: 640px) 100vw, 640px\" src=\"data:image\/svg+xml;base64,PHN2ZyB3aWR0aD0iMSIgaGVpZ2h0PSIxIiB4bWxucz0iaHR0cDovL3d3dy53My5vcmcvMjAwMC9zdmciPjwvc3ZnPg==\" style=\"--smush-placeholder-width: 640px; --smush-placeholder-aspect-ratio: 640\/427;\" \/><\/a><\/figure>\n\n\n\n<p>Por su parte,&nbsp;<strong>Talleres viene de ganarle 2-0 a Gimnasia (La Plata) en C\u00f3rdoba<\/strong>&nbsp;en lo que fue el debut de&nbsp;<strong>Pablo Gui\u00f1az\u00fa<\/strong>&nbsp;como entrenador del equipo. Actualmente se ubica und\u00e9cimo con 12 puntos, a dos de Instituto, que ocupa el \u00faltimo lugar de clasificaci\u00f3n. El conjunto cordob\u00e9s, que venci\u00f3 a River por penales en la Supercopa Internacional,&nbsp;<strong>buscar\u00e1 recuperarse de la ca\u00edda 2-0 ante Libertad de Paraguay en la Copa Libertadores<\/strong>, en la que hab\u00eda perdido 1-0 con&nbsp;<strong>San Pablo<\/strong>.<\/p>\n","protected":false},"excerpt":{"rendered":"<p>El Millonario igual\u00f3 1-1 con el elenco cordob\u00e9s en el Monumental y acumula cuatro pardas consecutivas en el torneo Apertura.<\/p>\n","protected":false},"author":2,"featured_media":74831,"comment_status":"open","ping_status":"open","sticky":false,"template":"","format":"standard","meta":{"om_disable_all_campaigns":false,"_monsterinsights_skip_tracking":false,"_monsterinsights_sitenote_active":false,"_monsterinsights_sitenote_note":"","_monsterinsights_sitenote_category":0,"_uf_show_specific_survey":0,"_uf_disable_surveys":false,"jetpack_post_was_ever_published":false,"_jetpack_newsletter_access":"","_jetpack_dont_email_post_to_subs":false,"_jetpack_newsletter_tier_id":0,"_jetpack_memberships_contains_paywalled_content":false,"_jetpack_memberships_contains_paid_content":false,"footnotes":"","jetpack_publicize_message":"","jetpack_publicize_feature_enabled":true,"jetpack_social_post_already_shared":false,"jetpack_social_options":{"image_generator_settings":{"template":"highway","enabled":false},"version":2}},"categories":[6,4],"tags":[704,104,44],"class_list":["post-74830","post","type-post","status-publish","format-standard","has-post-thumbnail","hentry","category-deportes","category-destacadas","tag-club-atletico-talleres-de-cordoba","tag-liga-profesional-de-futbol","tag-river-plate"],"aioseo_notices":[],"views":19,"jetpack_publicize_connections":[],"jetpack_featured_media_url":"https:\/\/i0.wp.com\/elterritorialweb.com.ar\/web\/wp-content\/uploads\/2025\/04\/20250413_223414-scaled.jpg?fit=2560%2C1707&ssl=1","jetpack_sharing_enabled":true,"_links":{"self":[{"href":"https:\/\/elterritorialweb.com.ar\/web\/wp-json\/wp\/v2\/posts\/74830","targetHints":{"allow":["GET"]}}],"collection":[{"href":"https:\/\/elterritorialweb.com.ar\/web\/wp-json\/wp\/v2\/posts"}],"about":[{"href":"https:\/\/elterritorialweb.com.ar\/web\/wp-json\/wp\/v2\/types\/post"}],"author":[{"embeddable":true,"href":"https:\/\/elterritorialweb.com.ar\/web\/wp-json\/wp\/v2\/users\/2"}],"replies":[{"embeddable":true,"href":"https:\/\/elterritorialweb.com.ar\/web\/wp-json\/wp\/v2\/comments?post=74830"}],"version-history":[{"count":2,"href":"https:\/\/elterritorialweb.com.ar\/web\/wp-json\/wp\/v2\/posts\/74830\/revisions"}],"predecessor-version":[{"id":74835,"href":"https:\/\/elterritorialweb.com.ar\/web\/wp-json\/wp\/v2\/posts\/74830\/revisions\/74835"}],"wp:featuredmedia":[{"embeddable":true,"href":"https:\/\/elterritorialweb.com.ar\/web\/wp-json\/wp\/v2\/media\/74831"}],"wp:attachment":[{"href":"https:\/\/elterritorialweb.com.ar\/web\/wp-json\/wp\/v2\/media?parent=74830"}],"wp:term":[{"taxonomy":"category","embeddable":true,"href":"https:\/\/elterritorialweb.com.ar\/web\/wp-json\/wp\/v2\/categories?post=74830"},{"taxonomy":"post_tag","embeddable":true,"href":"https:\/\/elterritorialweb.com.ar\/web\/wp-json\/wp\/v2\/tags?post=74830"}],"curies":[{"name":"wp","href":"https:\/\/api.w.org\/{rel}","templated":true}]}}